{"id":264970,"date":"2025-07-13T12:13:12","date_gmt":"2025-07-13T12:13:12","guid":{"rendered":"https:\/\/www.europesays.com\/de\/264970\/"},"modified":"2025-07-13T12:13:12","modified_gmt":"2025-07-13T12:13:12","slug":"prognosen-fuer-europa-zeigen-extreme-hitze-und-koennten-echte-gefahr-bedeuten-2","status":"publish","type":"post","link":"https:\/\/www.europesays.com\/de\/264970\/","title":{"rendered":"Prognosen f\u00fcr Europa zeigen extreme Hitze \u2013 und k\u00f6nnten echte Gefahr bedeuten"},"content":{"rendered":"<ol class=\"id-DonaldBreadcrumb lp_west_breadcrumb id-DonaldBreadcrumb--default\" data-k5a-pos=\"west_breadcrumb\">\n<li class=\"id-Breadcrumb-item\"><a href=\"https:\/\/www.hna.de\/\" class=\"id-Breadcrumb-link\" data-id-ec=\"{\" shn=\"\" textlink=\"\" data-k5a-pos=\"1_startseite\" rel=\"nofollow noopener\" target=\"_blank\">Startseite<\/a><\/li>\n<li class=\"id-Breadcrumb-item\"><a href=\"https:\/\/www.hna.de\/welt\/\" class=\"id-Breadcrumb-link\" data-id-ec=\"{\" shn=\"\" textlink=\"\" data-k5a-pos=\"2_welt\" rel=\"nofollow noopener\" target=\"_blank\">Welt<\/a><\/li>\n<\/ol>\n<p class=\"id-Story-timestamp id-Story-timestamp--default\">Stand: 13.07.2025, 12:51 Uhr<\/p>\n<p class=\"id-Story-authors id-Story-authors--default\">Von: <a class=\"id-Story-authors-link lp_west_author\" href=\"https:\/\/www.hna.de\/autor\/dominik-jung-0xsjd2et.html\" title=\"Zur Autorenseite von Dominik Jung\" data-id-ec=\"{\" shn=\"\" author-link=\"\" jung=\"\" data-k5a-pos=\"west_author\" rel=\"nofollow noopener\" target=\"_blank\">Dominik Jung<\/a><\/p>\n<p class=\"id-Story-interactionBar id-Story-interactionBar--default\">DruckenTeilen<\/p>\n<p class=\"id-StoryElement-leadText\">Der Sommer 2025 nimmt Fahrt auf. Neue Wettermodelle warnen: Europa steht wom\u00f6glich ein historischer Hitzesommer bevor. Eine Wetter-Kolumne von Dominik Jung.<\/p>\n<p class=\"id-StoryElement-paragraph\">Kassel \u2013 Nach dem extrem warmen Juni legt das europ\u00e4ische Wettermodell ECMWF mit <a href=\"https:\/\/www.hna.de\/welt\/koennte-sich-noch-verstaerken-klimamodelle-bestaetigen-bisherige-befuerchtung-wetter-muster-zr-93826401.html\" class=\"id-import-Link\" data-id-ec=\"{&quot;sht&quot;:&quot;Container&quot;,&quot;shn&quot;:&quot;Story&quot;,&quot;p&quot;:{&quot;containerType&quot;:&quot;Paragraph&quot;,&quot;displayType&quot;:&quot;Paragraph InlineLink&quot;,&quot;type&quot;:&quot;INLINE_LINK&quot;,&quot;value&quot;:&quot;seinen aktuellen Prognosen f&#xFC;r Juli&quot;,&quot;variant&quot;:&quot;standardLink&quot;,&quot;sponsored&quot;:false,&quot;linkHref&quot;:&quot;https:\/\/www.hna.de\/welt\/koennte-sich-noch-verstaerken-klimamodelle-bestaetigen-bisherige-befuerchtung-wetter-muster-zr-93826401.html&quot;,&quot;storyElementPosition&quot;:8,&quot;storyElementCount&quot;:22}}\" rel=\"nofollow noopener\" target=\"_blank\">seinen aktuellen Prognosen f\u00fcr Juli<\/a> und August noch einmal nach. Beide Monate sollen deutlich \u00fcber dem langj\u00e4hrigen Mittel von 1991 bis 2020 liegen \u2013 besonders der Juli.<\/p>\n<p class=\"id-StoryElement-paragraph\">In gro\u00dfen Teilen West- und Mitteleuropas werden Abweichungen von 2 bis 3 Grad erwartet, lokal sogar bis zu 4 Grad. Der August d\u00fcrfte ebenfalls 1 bis 2 Grad zu warm ausfallen. Solche Werte wirken auf den ersten Blick harmlos \u2013 doch sie sind es nicht. In der Meteorologie bedeuten 2 bis 4 Grad \u00fcber dem Schnitt im Monatsmittel keine kleinen Schwankungen, sondern fl\u00e4chendeckend mehr Hitzetage, l\u00e4ngere Trockenphasen und massiv erh\u00f6hte Belastung f\u00fcr Mensch, Natur und Infrastruktur.<\/p>\n<p><img decoding=\"async\" class=\"id-RatioPlaceholder-element wv_story_el_image\" src=\"https:\/\/www.europesays.com\/de\/wp-content\/uploads\/2025\/07\/38908250-die-karte-mit-den-hoechstwerten-fuer-montag-14-juli-1Hfe.jpg\" loading=\"lazy\"   height=\"619\" width=\"1100\" alt=\"Die Karte mit den H&#xF6;chstwerten f&#xFC;r Montag (14. Juli). \"\/>Wetterzweiteilung in Deutschland: Im Osten gibt es in den kommenden Tagen zeitweise Regen und k\u00fchle Luftmassen, im Westen wird es dagegen wieder sehr warm bis hei\u00df.  \u00a9\u00a0Wetterdienst Q.met \/ www.wetterdata.de Wetter in Deutschland: Warum 2 bis 4 Grad mehr ein echtes Problem sind<\/p>\n<p class=\"id-StoryElement-paragraph\">Viele untersch\u00e4tzen die Auswirkungen solcher <a href=\"https:\/\/www.merkur.de\/wetter\/\" class=\"id-import-Link id-pageApi-Link--externalDomain\" title=\"Wetter\" data-id-ec=\"{&quot;sht&quot;:&quot;Container&quot;,&quot;shn&quot;:&quot;Story&quot;,&quot;p&quot;:{&quot;containerType&quot;:&quot;Paragraph&quot;,&quot;displayType&quot;:&quot;Paragraph InlineLink&quot;,&quot;type&quot;:&quot;INLINE_LINK&quot;,&quot;value&quot;:&quot;Wetter&quot;,&quot;variant&quot;:&quot;standardLink&quot;,&quot;sponsored&quot;:false,&quot;linkHref&quot;:&quot;https:\/\/www.merkur.de\/wetter\/&quot;,&quot;storyElementPosition&quot;:14,&quot;storyElementCount&quot;:22}}\" rel=\"nofollow noopener\" target=\"_blank\">Wetter<\/a>-Abweichungen. Dabei sind <a href=\"https:\/\/www.hna.de\/welt\/millionen-naechste-hitzewelle-es-droht-supersommer-2025-mit-gesundheitlichen-wetter-folgen-fuer-zr-93815676.html\" class=\"id-import-Link\" data-id-ec=\"{&quot;sht&quot;:&quot;Container&quot;,&quot;shn&quot;:&quot;Story&quot;,&quot;p&quot;:{&quot;containerType&quot;:&quot;Paragraph&quot;,&quot;displayType&quot;:&quot;Paragraph InlineLink&quot;,&quot;type&quot;:&quot;INLINE_LINK&quot;,&quot;value&quot;:&quot;mehrere Grade &#xFC;ber dem Durchschnitt&quot;,&quot;variant&quot;:&quot;standardLink&quot;,&quot;sponsored&quot;:false,&quot;linkHref&quot;:&quot;https:\/\/www.hna.de\/welt\/millionen-naechste-hitzewelle-es-droht-supersommer-2025-mit-gesundheitlichen-wetter-folgen-fuer-zr-93815676.html&quot;,&quot;storyElementPosition&quot;:14,&quot;storyElementCount&quot;:22}}\" rel=\"nofollow noopener\" target=\"_blank\">mehrere Grade \u00fcber dem Durchschnitt<\/a> nicht einfach \u201eetwas w\u00e4rmer als sonst\u201c, sondern Ausdruck einer drastischen Verschiebung des sommerlichen Klimas. Es bedeutet: mehr Tage \u00fcber 35 Grad, kaum n\u00e4chtliche Abk\u00fchlung, und h\u00f6here Waldbrandgefahr. Die Auswirkungen betreffen besonders verletzliche Gruppen \u2013 \u00e4ltere Menschen, Kranke, Kinder \u2013 aber auch Landwirtschaft, Verkehr und Stromversorgung.<\/p>\n<p>wetter.net\u00a0&#8211; das Wetter auf den Punkt gebracht!<\/p>\n<p class=\"id-StoryElement-factBox-paragraph\">Dieser Artikel entstand in einer Content-Partnerschaft mit <a href=\"https:\/\/www.wetter.net\/\" target=\"_blank\" class=\"id-import-Link id-pageApi-Link--externalDomain\" data-id-ec=\"{&quot;sht&quot;:&quot;Container&quot;,&quot;shn&quot;:&quot;Story&quot;,&quot;p&quot;:{&quot;containerType&quot;:&quot;FactBox&quot;,&quot;displayType&quot;:&quot;FactBox InlineLink&quot;,&quot;type&quot;:&quot;INLINE_LINK&quot;,&quot;value&quot;:&quot;wetter.net&quot;,&quot;variant&quot;:&quot;standardLink&quot;,&quot;sponsored&quot;:false,&quot;linkHref&quot;:&quot;https:\/\/www.wetter.net\/&quot;,&quot;storyElementPosition&quot;:15,&quot;storyElementCount&quot;:22}}\" rel=\"nofollow noopener\">wetter.net<\/a>. wetter.net\u00a0bietet Ihnen alles Wissenswerte rund um Wetter und Klima. Auf unseren Seiten finden Sie weltweite Stadt- und Ortsprognosen f\u00fcr die n\u00e4chsten 14 Tage und das f\u00fcr die ersten 7 Tage in 1-st\u00fcndiger und f\u00fcr die nachfolgenden Tage in 3-st\u00fcndiger zeitlicher Aufl\u00f6sung. Wettervorhersagen, Niederschlagsradar, Messwerte, Wetterwarnungen, Deutschlandwetter und Wetter-News informieren \u00fcber die aktuelle Entwicklung sowie die kommenden Stunden und Tage.<\/p>\n<p class=\"id-StoryElement-paragraph\">Und wichtig: Deutschland ist dabei kein Ma\u00dfstab f\u00fcr ganz Europa. Nur weil es hier derzeit nicht \u00fcberall br\u00fctend hei\u00df ist, hei\u00dft das nicht, dass der Sommer keine extreme Seite hat. Schon jetzt erleben viele Regionen Europas Bedingungen, die alles andere als normal sind.<\/p>\n<p>Tornados, W\u00fcstenst\u00fcrme, Zyklone: Wetterph\u00e4nomene, die Sie kennen sollten<img decoding=\"async\" class=\"id-RatioPlaceholder-element wv_story_el_interstitialImage\" src=\"https:\/\/www.europesays.com\/de\/wp-content\/uploads\/2025\/04\/1743958157_420_31951848-apolarlichter-auch-als-aurora-borealis-nordlicht-oder-aurora-australis-suedlicht-bekannt-si.jpeg\" loading=\"lazy\"   height=\"3999\" width=\"6000\" alt=\"Polarlichter, auch als Aurora Borealis (Nordlicht) oder Aurora Australis (S&#xFC;dlicht) im Bundesstaat New York.\"\/><a href=\"https:\/\/www.hna.de\/welt\/zyklone-tornados-wuestenstuerme-wetterphaenomene-die-kennen-sollten-zr-92326194.html\" class=\"id-StoryElement-intestitialLink-link\" data-id-ec=\"{\" shn=\"\" ansehen=\"\" data-k5a-pos=\"west_story_17_photoGalleryLink\" title=\"Zur Fotostrecke: Tornados, W&#xFC;stenst&#xFC;rme, Zyklone: Wetterph&#xE4;nomene, die Sie kennen sollten\" rel=\"nofollow noopener\" target=\"_blank\">Fotostrecke ansehen<\/a>Wetter in Deutschland: Hitzerekorde, Brandgefahr, Urlaubsrisiken \u2013 der Sommer spitzt sich zu<\/p>\n<p class=\"id-StoryElement-paragraph\">Das europ\u00e4ische Wettermodell hatte schon im Mai einen au\u00dfergew\u00f6hnlich hei\u00dfen Sommer angek\u00fcndigt \u2013 und bisher liegt es damit goldrichtig. Westeuropa verzeichnete im Juni neue Temperaturrekorde. Von Gro\u00dfbritannien \u00fcber Frankreich bis hin zur Iberischen Halbinsel wurden historische H\u00f6chstwerte gemessen. Das ist keine ferne Zukunft \u2013 das ist bereits Realit\u00e4t. <a href=\"https:\/\/www.hna.de\/welt\/deutschland-polarluft-doch-naechste-hitzewelle-steht-kurz-bevor-konkretes-datum-im-fokus-wetter-zr-93817552.html\" class=\"id-import-Link\" data-id-ec=\"{&quot;sht&quot;:&quot;Container&quot;,&quot;shn&quot;:&quot;Story&quot;,&quot;p&quot;:{&quot;containerType&quot;:&quot;Paragraph&quot;,&quot;displayType&quot;:&quot;Paragraph InlineLink&quot;,&quot;type&quot;:&quot;INLINE_LINK&quot;,&quot;value&quot;:&quot;Und es geht weiter&quot;,&quot;variant&quot;:&quot;standardLink&quot;,&quot;sponsored&quot;:false,&quot;linkHref&quot;:&quot;https:\/\/www.hna.de\/welt\/deutschland-polarluft-doch-naechste-hitzewelle-steht-kurz-bevor-konkretes-datum-im-fokus-wetter-zr-93817552.html&quot;,&quot;storyElementPosition&quot;:21,&quot;storyElementCount&quot;:22}}\" rel=\"nofollow noopener\" target=\"_blank\">Und es geht weiter<\/a>: Die kommenden 14 Tage zeigen <a href=\"https:\/\/www.hna.de\/welt\/einschraenkung-wetter-in-deutschland-naechste-hitze-welle-im-anmarsch-mit-einer-zr-93823496.html\" class=\"id-import-Link\" data-id-ec=\"{&quot;sht&quot;:&quot;Container&quot;,&quot;shn&quot;:&quot;Story&quot;,&quot;p&quot;:{&quot;containerType&quot;:&quot;Paragraph&quot;,&quot;displayType&quot;:&quot;Paragraph InlineLink&quot;,&quot;type&quot;:&quot;INLINE_LINK&quot;,&quot;value&quot;:&quot;erneut starke Hitze &#xFC;ber weiten Teilen Westeuropas&quot;,&quot;variant&quot;:&quot;standardLink&quot;,&quot;sponsored&quot;:false,&quot;linkHref&quot;:&quot;https:\/\/www.hna.de\/welt\/einschraenkung-wetter-in-deutschland-naechste-hitze-welle-im-anmarsch-mit-einer-zr-93823496.html&quot;,&quot;storyElementPosition&quot;:21,&quot;storyElementCount&quot;:22}}\" rel=\"nofollow noopener\" target=\"_blank\">erneut starke Hitze \u00fcber weiten Teilen Westeuropas<\/a>.<\/p>\n<p class=\"id-StoryElement-paragraph\">Noch kritischer wird die Lage im S\u00fcden: F\u00fcr Italien, den Balkan und Griechenland melden die neuesten Daten bis zu 45 Grad. Das birgt massive Risiken \u2013 gesundheitlich wie \u00f6kologisch. Urlauber sollten gewarnt sein: Die Gefahr ist real, auch wenn sie bei uns nicht immer sofort sp\u00fcrbar ist. Europa endet nicht an der deutschen Grenze.<\/p>\n","protected":false},"excerpt":{"rendered":"Startseite Welt Stand: 13.07.2025, 12:51 Uhr Von: Dominik Jung DruckenTeilen Der Sommer 2025 nimmt Fahrt auf. Neue Wettermodelle&hellip;\n","protected":false},"author":2,"featured_media":264876,"comment_status":"","ping_status":"","sticky":false,"template":"","format":"standard","meta":{"footnotes":""},"categories":[3],"tags":[13,14,15,12,10,8,9,11,103,104],"class_list":{"0":"post-264970","1":"post","2":"type-post","3":"status-publish","4":"format-standard","5":"has-post-thumbnail","7":"category-welt","8":"tag-headlines","9":"tag-nachrichten","10":"tag-news","11":"tag-schlagzeilen","12":"tag-top-news","13":"tag-top-meldungen","14":"tag-topmeldungen","15":"tag-topnews","16":"tag-welt","17":"tag-world"},"share_on_mastodon":{"url":"https:\/\/pubeurope.com\/@de\/114845870442015414","error":""},"_links":{"self":[{"href":"https:\/\/www.europesays.com\/de\/wp-json\/wp\/v2\/posts\/264970","targetHints":{"allow":["GET"]}}],"collection":[{"href":"https:\/\/www.europesays.com\/de\/wp-json\/wp\/v2\/posts"}],"about":[{"href":"https:\/\/www.europesays.com\/de\/wp-json\/wp\/v2\/types\/post"}],"author":[{"embeddable":true,"href":"https:\/\/www.europesays.com\/de\/wp-json\/wp\/v2\/users\/2"}],"replies":[{"embeddable":true,"href":"https:\/\/www.europesays.com\/de\/wp-json\/wp\/v2\/comments?post=264970"}],"version-history":[{"count":0,"href":"https:\/\/www.europesays.com\/de\/wp-json\/wp\/v2\/posts\/264970\/revisions"}],"wp:featuredmedia":[{"embeddable":true,"href":"https:\/\/www.europesays.com\/de\/wp-json\/wp\/v2\/media\/264876"}],"wp:attachment":[{"href":"https:\/\/www.europesays.com\/de\/wp-json\/wp\/v2\/media?parent=264970"}],"wp:term":[{"taxonomy":"category","embeddable":true,"href":"https:\/\/www.europesays.com\/de\/wp-json\/wp\/v2\/categories?post=264970"},{"taxonomy":"post_tag","embeddable":true,"href":"https:\/\/www.europesays.com\/de\/wp-json\/wp\/v2\/tags?post=264970"}],"curies":[{"name":"wp","href":"https:\/\/api.w.org\/{rel}","templated":true}]}}