{"id":265401,"date":"2025-07-13T16:20:09","date_gmt":"2025-07-13T16:20:09","guid":{"rendered":"https:\/\/www.europesays.com\/de\/265401\/"},"modified":"2025-07-13T16:20:09","modified_gmt":"2025-07-13T16:20:09","slug":"steinmeier-fordert-wehrpflicht-debatte-fuer-deutschland-aktuelle-nachrichten-aus-deutschland-und-der-welt","status":"publish","type":"post","link":"https:\/\/www.europesays.com\/de\/265401\/","title":{"rendered":"Steinmeier fordert Wehrpflicht-Debatte f\u00fcr Deutschland | Aktuelle Nachrichten aus Deutschland und der Welt"},"content":{"rendered":"\n<p>Bundespr\u00e4sident Frank-Walter Steinmeier hat sich f\u00fcr eine Wiedereinf\u00fchrung der Wehrpflicht in Deutschland ausgesprochen. In einem ZDF-Sommerinterview sagte er, eine Debatte \u00fcber die Wehrpflicht sei n\u00f6tig &#8211; \u00abm\u00f6glichst mit einem positiven Ende, damit wir f\u00fcr den Fall, dass nicht gen\u00fcgend Freiwillige kommen, dann auch in eine vermutlich andere Wehrpflicht zur\u00fcckkommen, als die, die wir schon mal abgeschafft haben\u00bb.<\/p>\n<p>\u00abIch bin ein Vertreter der Wehrpflicht\u00bb, bekr\u00e4ftigte Steinmeier in der ZDF-Sendung \u00abBerlin direkt\u00bb. Der Bundespr\u00e4sident verwies dabei auf die ver\u00e4nderte Sicherheitslage in Europa, den Krieg Russlands in der Ukraine und die neue Haltung der Trump-Regierung zu den transatlantischen Beziehungen.<\/p>\n<p>Pistorius plant attraktivere Bundeswehr<\/p>\n<p>Verteidigungsminister Boris Pistorius (SPD) habe zu Recht gesagt: \u00abWir brauchen jetzt eine attraktivere Bundeswehr, die auch junge Menschen anzieht\u00bb, so Steinmeier. Niemand k\u00f6nne aber absch\u00e4tzen, ob das ausreichen werde.<\/p>\n<p>\u00abDeshalb brauchen wir jetzt eine Debatte \u00fcber die Wehrpflicht, selbst wenn wir sie nicht von heute auf morgen umsetzen k\u00f6nnen\u00bb, erkl\u00e4rte der Bundespr\u00e4sident. Nach der Suspendierung der Wehrpflicht 2011 seien Kasernen geschlossen worden und das gesamte Ausbildungspersonal stehe nicht mehr zur Verf\u00fcgung.<\/p>\n<p>Verpflichtende Musterung ab 2027 geplant<\/p>\n","protected":false},"excerpt":{"rendered":"Bundespr\u00e4sident Frank-Walter Steinmeier hat sich f\u00fcr eine Wiedereinf\u00fchrung der Wehrpflicht in Deutschland ausgesprochen. In einem ZDF-Sommerinterview sagte er,&hellip;\n","protected":false},"author":2,"featured_media":265402,"comment_status":"","ping_status":"","sticky":false,"template":"","format":"standard","meta":{"footnotes":""},"categories":[2],"tags":[29,30,13,14,15,38022,12,10,8,9,11],"class_list":{"0":"post-265401","1":"post","2":"type-post","3":"status-publish","4":"format-standard","5":"has-post-thumbnail","7":"category-deutschland","8":"tag-deutschland","9":"tag-germany","10":"tag-headlines","11":"tag-nachrichten","12":"tag-news","13":"tag-politics","14":"tag-schlagzeilen","15":"tag-top-news","16":"tag-top-meldungen","17":"tag-topmeldungen","18":"tag-topnews"},"share_on_mastodon":{"url":"https:\/\/pubeurope.com\/@de\/114846841156648801","error":""},"_links":{"self":[{"href":"https:\/\/www.europesays.com\/de\/wp-json\/wp\/v2\/posts\/265401","targetHints":{"allow":["GET"]}}],"collection":[{"href":"https:\/\/www.europesays.com\/de\/wp-json\/wp\/v2\/posts"}],"about":[{"href":"https:\/\/www.europesays.com\/de\/wp-json\/wp\/v2\/types\/post"}],"author":[{"embeddable":true,"href":"https:\/\/www.europesays.com\/de\/wp-json\/wp\/v2\/users\/2"}],"replies":[{"embeddable":true,"href":"https:\/\/www.europesays.com\/de\/wp-json\/wp\/v2\/comments?post=265401"}],"version-history":[{"count":0,"href":"https:\/\/www.europesays.com\/de\/wp-json\/wp\/v2\/posts\/265401\/revisions"}],"wp:featuredmedia":[{"embeddable":true,"href":"https:\/\/www.europesays.com\/de\/wp-json\/wp\/v2\/media\/265402"}],"wp:attachment":[{"href":"https:\/\/www.europesays.com\/de\/wp-json\/wp\/v2\/media?parent=265401"}],"wp:term":[{"taxonomy":"category","embeddable":true,"href":"https:\/\/www.europesays.com\/de\/wp-json\/wp\/v2\/categories?post=265401"},{"taxonomy":"post_tag","embeddable":true,"href":"https:\/\/www.europesays.com\/de\/wp-json\/wp\/v2\/tags?post=265401"}],"curies":[{"name":"wp","href":"https:\/\/api.w.org\/{rel}","templated":true}]}}