{"id":265412,"date":"2025-07-13T16:26:58","date_gmt":"2025-07-13T16:26:58","guid":{"rendered":"https:\/\/www.europesays.com\/de\/265412\/"},"modified":"2025-07-13T16:26:58","modified_gmt":"2025-07-13T16:26:58","slug":"die-woche-an-der-tu-braunschweig-11-07-2025-tu-braunschweig","status":"publish","type":"post","link":"https:\/\/www.europesays.com\/de\/265412\/","title":{"rendered":"Die Woche an der TU Braunschweig | 11.07.2025 &#8211; TU Braunschweig"},"content":{"rendered":"<p style=\"text-align: center;\"><b>Themen: Statement des Hochschulrats + Grundsteinlegung + Gr\u00fcndungsf\u00f6rderung<\/b><\/p>\n<p style=\"text-align: center;\">Redaktion: J\u00e1nos Kr\u00fcger<\/p>\n<p>\u25ba Hochschulrat zur strategischen Ausrichtung der TU<\/p>\n<p style=\"text-align: left;\">Am 1. Juli trat der Hochschulrat der TU Braunschweig zu einer regul\u00e4ren Sitzung in den R\u00e4umlichkeiten der Open Hybrid LabFactory (OHLF) in Wolfsburg zusammen. Dabei wurde ein <a href=\"https:\/\/magazin.tu-braunschweig.de\/m-post\/hochschulrat-begruesst-die-strategische-weiterentwicklung-und-zukunftsfaehigkeit-der-tu-braunschweig-unter-praesidentin-angela-ittel\/\" rel=\"nofollow noopener\" target=\"_blank\">Statement zur strategischen Ausrichtung der TU Braunschweig<\/a> verabschiedet.<\/p>\n<p>\u25ba Grundsteinlegung f\u00fcr den Pharmazie-Neubau<\/p>\n<p>Gemeinsam mit Wissenschaftsminister Falko Mohrs und Oberb\u00fcrgermeister Thorsten Kornblum versenkte TU-Pr\u00e4sidentin Angela Ittel feierlich eine Zeitkapsel im Grundstein des neuen Geb\u00e4udes. Der rund 50 Millionen Euro teure Neubau schafft <a href=\"https:\/\/magazin.tu-braunschweig.de\/pi-post\/grundsteinlegung-des-pharmazie-neubaus\/\" rel=\"nofollow noopener\" target=\"_blank\">moderne Lehr- und Forschungsr\u00e4ume<\/a> f\u00fcr Studierende und Wissenschaftler*innen der Pharmazie.<\/p>\n<p>\u25ba DFG f\u00f6rdert DNA-Viren-Forschung mit 5,3 Mio. Euro<\/p>\n<p>Die Forschungsgruppe DEEP-DV unter Leitung von <a href=\"https:\/\/magazin.tu-braunschweig.de\/pi-post\/millionenfoerderung-fuer-forschungsgruppe-zu-dna-viren\/\" rel=\"nofollow noopener\" target=\"_blank\">Prof. Melanie Brinkmann (TU Braunschweig)<\/a> und Prof. Nicole Fischer (UKE) wird f\u00fcr vier weitere Jahre gef\u00f6rdert. Ziel ist die Erforschung der Mechanismen von DNA-Viren.<\/p>\n<p>\u25ba Transfer: Startup Factory f\u00fcr Life Sciences in Niedersachsen<\/p>\n<p>Die Region G\u00f6ttingen\u2013Hannover\u2013Braunschweig wird Standort einer der zehn bundesweiten Startup Factories im EXIST-Leuchtturmwettbewerb: <a href=\"https:\/\/lifescience-valley.de\/goe-future\" rel=\"nofollow noopener\" target=\"_blank\">GOe FUTURE<\/a> f\u00f6rdert das Life-Science-Startup-\u00d6kosystem und wird getragen von 34 Partnerinstitutionen, darunter die TU Braunschweig mit dem Forschungsschwerpunkt \u201eEngineering for Health\u201c. Mit bis zu 20 Mio. Euro Investitionsvolumen ist GOe FUTURE eine der gr\u00f6\u00dften Life-Science-Gr\u00fcndungsinitiativen in Deutschland.<\/p>\n<p>\u25ba Wechsel an HBK: Gl\u00fcckwunsch an Bernt Erlewein<\/p>\n<p>Am 9. Juli wurde Bernt Erlewein <a href=\"https:\/\/www.hbk-bs.de\/aktuelles\/news-pressemitteilungen\/news-detailseite\/bernt-erlewein-wird-neuer-hauptamtlicher-vizepraesident-der-hbk-braunschweig\/\" rel=\"nofollow noopener\" target=\"_blank\">zum hauptberuflichen Vizepr\u00e4sidenten<\/a> der Hochschule f\u00fcr Bildende K\u00fcnste Braunschweig gew\u00e4hlt. Als langj\u00e4hriger Leiter des TU-Gesch\u00e4ftsbereichs Personal, Recht und Studium bringt er umfassende Verwaltungserfahrung mit. Wir gratulieren herzlich zur Wahl und freuen uns auf die weitere enge Zusammenarbeit im gemeinsamen \u00d6kosystem.<\/p>\n<p>\u25ba Richmond Sarpong mit Inhoffen-Medaille ausgezeichnet<\/p>\n<p>Der F\u00f6rderverein des HZI und die TU Braunschweig w\u00fcrdigen Prof. Richmond Sarpong von der University of California, Berkeley, mit der <a href=\"https:\/\/magazin.tu-braunschweig.de\/pi-post\/richmond-sarpong-mit-inhoffen-medaille-2025-ausgezeichnet\/\" rel=\"nofollow noopener\" target=\"_blank\">Inhoffen-Medaille 2025<\/a>. Sarpong ist ein organischer Chemiker, der sich durch besondere Erfolge in der synthetischen Chemie und Methodenentwicklung auszeichnet.<\/p>\n<p>\u25ba Crowdfunding f\u00fcr \u201eResearch on Language\u201c<\/p>\n<p>Die neue Open-Access-Zeitschrift <a href=\"https:\/\/magazin.tu-braunschweig.de\/m-post\/crowdfunding-fuer-research-on-language\/\" rel=\"nofollow noopener\" target=\"_blank\">\u201eResearch on Language\u201d<\/a> ist vom Fachinformationsdienst Erziehungswissenschaft und Bildungsforschung als eine von f\u00fcnf Zeitschriften in das Crowdfunding-Fachpaket 2025 aufgenommen worden. Die Fachzeitschrift wird von Prof. Katharina Kellermann vom Institut f\u00fcr Germanistik mitherausgegeben.<\/p>\n<p>\u25ba Neue Ideen f\u00fcr alten Kaufhof<\/p>\n<p>Im Rahmen des Projekts \u201e<a href=\"https:\/\/magazin.tu-braunschweig.de\/m-post\/kauf-aus-neue-ideen-fuer-alten-kaufhof\/\" rel=\"nofollow noopener\" target=\"_blank\">KAUF-AUS \u2013 Chance f\u00fcr die Heidelberger Stadtkultur<\/a>\u201c des Instituts f\u00fcr Entwerfen und Raumkomposition werden 13 Masterarbeiten, die sich mit der Nachnutzung des ehemaligen Kaufhaus-Geb\u00e4udes befassen, in einer Ausstellung pr\u00e4sentiert. Die Entw\u00fcrfe sind auf gro\u00dfformatigen Planen zu sehen \u2013 angebracht an den Bauz\u00e4unen rund um das Kaufhaus.<\/p>\n<p>\u25ba Antrittsvorlesung<\/p>\n<p><a href=\"https:\/\/magazin.tu-braunschweig.de\/event\/antrittsvorlesung-dietrich\/\" rel=\"nofollow noopener\" target=\"_blank\">Professor Christian Dietrich<\/a>, Institut f\u00fcr Betriebssysteme und Rechnerverbund, h\u00e4lt seine Antrittsvorlesung \u201eUpgrades und Updates: Systemsoftware zwischen Hardwareevolution und Softwarekomplexit\u00e4t!\u201d am 16. Juli.<\/p>\n<p>\u25ba Tag der jungen Softwareentwickler*innen<\/p>\n<p>Rund 190 Studierende der Bachelorstudieng\u00e4nge Informatik, Wirtschaftsinformatik, Informationssystemtechnik und Mathematik zeigen am 17. Juli die Ergebnisse des diesj\u00e4hrigen <a href=\"https:\/\/magazin.tu-braunschweig.de\/event\/tag-der-jungen-softwareentwicklerinnen\/\" rel=\"nofollow noopener\" target=\"_blank\">Softwareentwicklungspraktikums<\/a>. Die drei besten Teams werden ausgezeichnet.<\/p>\n<p>\u25ba Batterieforschung: Ausgezeichnet in Singapur<\/p>\n<p><a href=\"https:\/\/magazin.tu-braunschweig.de\/pi-post\/unter-der-lupe-zirkulaere-batterieproduktion-in-der-eu\/\" rel=\"nofollow noopener\" target=\"_blank\">Raphael Ginster<\/a>, wissenschaftlicher Mitarbeiter am Institut AIP, erhielt den Graedel Best Paper Prize bei der 12. International Conference on Industrial Ecology in Singapore. Das Thema der Ver\u00f6ffentlichung: \u201cCircular Battery Production in the EU\u201d. Herzlichen Gl\u00fcckwunsch!<\/p>\n<p>\u25ba Lehre digitalisieren leicht gemacht<\/p>\n<p>Die Vorlesung live streamen, Lehrinhalte aus dem Labor digital zur Verf\u00fcgung stellen oder Videoelemente f\u00fcr die Lehrveranstaltung vorbereiten? Die <a href=\"https:\/\/baukastenlehre-tubs.de\/lehrlabore\/\" rel=\"nofollow noopener\" target=\"_blank\">Lehrlabore<\/a> bieten an den Fakult\u00e4ten hochwertiges Equipment f\u00fcr diese und weitere Szenarien.<\/p>\n<p>\u25ba \u201eProfs@Turntables\u201c f\u00fcr 20. November geplant!<\/p>\n<p>Bei der beliebten Partyreihe legen Professor*innen der TU Braunschweig, Ostfalia und HBK gemeinsam mit Profi-DJs in Braunschweiger Clubs auf. Der Erl\u00f6s geht an gemeinn\u00fctzige Projekte in der Region. Zusagen und Kontakt an <a href=\"https:\/\/magazin.tu-braunschweig.de\/m-post\/die-woche-an-der-tu-braunschweig-11-07-2025\/mailto:kontakt@profs-at-turntables-bs.de\" rel=\"nofollow noopener\" target=\"_blank\">kontakt@profs-at-turntables-bs.de<\/a>.<\/p>\n<p>\u25ba Alumni*ae und Studierende im Austausch bei Radio Okerwelle<\/p>\n<p>Alumni*ae und Studierende haben sich getroffen, um gemeinsam Erinnerungen wachzurufen, sich \u00fcber lebenslanges Lernen und nicht zuletzt \u00fcber Lieblingssongs aus dem Studium auszutauschen. Der Beitrag wird am 16. Juli, 19 Uhr, und am 17. Juli, 9 Uhr, auf <a href=\"https:\/\/okerwelle.de\/\" rel=\"nofollow noopener\" target=\"_blank\">Radio Okerwelle 104,6<\/a> ausgestrahlt.<\/p>\n<p>\u25ba Aufruf zum Fotowettbewerb \u2013 DFG-Kalender 2026<\/p>\n<p>Die DFG sucht f\u00fcr ihren<a href=\"https:\/\/www.dfg.de\/de\/aktuelles\/neuigkeiten-themen\/info-wissenschaft\/2025\/ifw-25-49\" rel=\"nofollow noopener\" target=\"_blank\"> Wandkalender 2026 mit dem Thema \u201eNETZWERKE\u201c<\/a> Fotomotive. Alle DFG-gef\u00f6rderten Projekte k\u00f6nnen teilnehmen. Bilder bitte bis 15. September in druckf\u00e4higer Aufl\u00f6sung mit Projekt- und Bildbeschreibung an <a href=\"https:\/\/magazin.tu-braunschweig.de\/m-post\/die-woche-an-der-tu-braunschweig-11-07-2025\/mailto:kalender@dfg.de\" rel=\"nofollow noopener\" target=\"_blank\">kalender@dfg.de<\/a>.<\/p>\n<p>\u25ba Unser Liebling der Woche<\/p>\n<p>\u2026 ist der Videoclip <a href=\"https:\/\/www.braunschweig.de\/innovationsportal\/smarte-wissenschaft\/tu-1.php\" rel=\"nofollow noopener\" target=\"_blank\">\u201eVon hier an geht\u2019s aufw\u00e4rts!\u201c<\/a> Das Video ist Teil der Stadt-Kampagne \u201eScience up\u201c, die auf Braunschweig als vielf\u00e4ltige und relevante Forschungsstadt \u00fcberregional aufmerksam macht.<\/p>\n<p>\u25ba Veranstaltungen<\/p>\n<p>An der TU Braunschweig ist immer was los. Ob Vortr\u00e4ge, Diskussionen, Infoveranstaltungen, Konzerte und vieles mehr. Schauen Sie gern in unseren <a href=\"https:\/\/magazin.tu-braunschweig.de\/veranstaltungen\/?mtm_campaign=week\" rel=\"nofollow noopener\" target=\"_blank\">Veranstaltungskalender<\/a> und lassen Sie sich inspirieren.<\/p>\n","protected":false},"excerpt":{"rendered":"Themen: Statement des Hochschulrats + Grundsteinlegung + Gr\u00fcndungsf\u00f6rderung Redaktion: J\u00e1nos Kr\u00fcger \u25ba Hochschulrat zur strategischen Ausrichtung der TU&hellip;\n","protected":false},"author":2,"featured_media":98998,"comment_status":"","ping_status":"","sticky":false,"template":"","format":"standard","meta":{"footnotes":""},"categories":[1850],"tags":[6429,3364,29,548,663,3934,30,13,14,15,1411,12],"class_list":{"0":"post-265412","1":"post","2":"type-post","3":"status-publish","4":"format-standard","5":"has-post-thumbnail","7":"category-braunschweig","8":"tag-braunschweig","9":"tag-de","10":"tag-deutschland","11":"tag-eu","12":"tag-europa","13":"tag-europe","14":"tag-germany","15":"tag-headlines","16":"tag-nachrichten","17":"tag-news","18":"tag-niedersachsen","19":"tag-schlagzeilen"},"share_on_mastodon":{"url":"https:\/\/pubeurope.com\/@de\/114846868588302744","error":""},"_links":{"self":[{"href":"https:\/\/www.europesays.com\/de\/wp-json\/wp\/v2\/posts\/265412","targetHints":{"allow":["GET"]}}],"collection":[{"href":"https:\/\/www.europesays.com\/de\/wp-json\/wp\/v2\/posts"}],"about":[{"href":"https:\/\/www.europesays.com\/de\/wp-json\/wp\/v2\/types\/post"}],"author":[{"embeddable":true,"href":"https:\/\/www.europesays.com\/de\/wp-json\/wp\/v2\/users\/2"}],"replies":[{"embeddable":true,"href":"https:\/\/www.europesays.com\/de\/wp-json\/wp\/v2\/comments?post=265412"}],"version-history":[{"count":0,"href":"https:\/\/www.europesays.com\/de\/wp-json\/wp\/v2\/posts\/265412\/revisions"}],"wp:featuredmedia":[{"embeddable":true,"href":"https:\/\/www.europesays.com\/de\/wp-json\/wp\/v2\/media\/98998"}],"wp:attachment":[{"href":"https:\/\/www.europesays.com\/de\/wp-json\/wp\/v2\/media?parent=265412"}],"wp:term":[{"taxonomy":"category","embeddable":true,"href":"https:\/\/www.europesays.com\/de\/wp-json\/wp\/v2\/categories?post=265412"},{"taxonomy":"post_tag","embeddable":true,"href":"https:\/\/www.europesays.com\/de\/wp-json\/wp\/v2\/tags?post=265412"}],"curies":[{"name":"wp","href":"https:\/\/api.w.org\/{rel}","templated":true}]}}