{"id":265413,"date":"2025-07-13T16:28:17","date_gmt":"2025-07-13T16:28:17","guid":{"rendered":"https:\/\/www.europesays.com\/de\/265413\/"},"modified":"2025-07-13T16:28:17","modified_gmt":"2025-07-13T16:28:17","slug":"schuetzenfest-in-wickrathhahn-2025-mit-dreifachem-jubilaeum","status":"publish","type":"post","link":"https:\/\/www.europesays.com\/de\/265413\/","title":{"rendered":"Sch\u00fctzenfest in Wickrathhahn 2025 mit dreifachem Jubil\u00e4um"},"content":{"rendered":"<p class=\"text_ohne_einzug richtext text-em-55 !leading-serif mx-6 desktop:mx-0\">\u201eWir feiern <a href=\"https:\/\/rp-online.de\/thema\/schuetzenfest\/\" rel=\"nofollow noopener\" target=\"_blank\">Sch\u00fctzenfest<\/a>. Wir feiern Gemeinschaft. Wir feiern die Gemeinschaft in der Sch\u00fctzenbruderschaft\u201c, so beginnt Priester Thorsten Aymanns den Gottesdienst am Sonntagmorgen. Die Messe unter freiem Himmel leitet den zweiten Tag des Sch\u00fctzenfestes ein, am Abend zuvor wurde bereits beim Tanzabend ausgelassen gefeiert. Heute aber ruft die Pflicht f\u00fcr die Sch\u00fctzen der St.-Hubertus-Bruderschaft, vor allem der K\u00f6nig und die Prinzen d\u00fcrfen sich auf eine Parade zu ihren Ehren freuen. Sch\u00fctzenk\u00f6nig ist in diesem Jahr Rico Lehmann, begleitet wird er von seinen Ministern Denis Lehmann und Jan-Philipp Glatzel. Er ist der j\u00fcngste K\u00f6nig der vergangenen Jahrzehnte und bringt laut Pressewart Markus Heines frischen Wind in den Sch\u00fctzenverein.<\/p>\n","protected":false},"excerpt":{"rendered":"\u201eWir feiern Sch\u00fctzenfest. Wir feiern Gemeinschaft. Wir feiern die Gemeinschaft in der Sch\u00fctzenbruderschaft\u201c, so beginnt Priester Thorsten Aymanns&hellip;\n","protected":false},"author":2,"featured_media":265414,"comment_status":"","ping_status":"","sticky":false,"template":"","format":"standard","meta":{"footnotes":""},"categories":[1849],"tags":[39327,23078,3364,29,548,663,3934,24396,25727,30,46271,13,18127,33670,80072,80069,4455,14,15,1209,12,9877,69345,23077,23079,80068,80070,30853,14968,80071],"class_list":{"0":"post-265413","1":"post","2":"type-post","3":"status-publish","4":"format-standard","5":"has-post-thumbnail","7":"category-moenchengladbach","8":"tag-begleitet","9":"tag-bruderschaft","10":"tag-de","11":"tag-deutschland","12":"tag-eu","13":"tag-europa","14":"tag-europe","15":"tag-feiern","16":"tag-gemeinschaft","17":"tag-germany","18":"tag-gruppen","19":"tag-headlines","20":"tag-koenig","21":"tag-koenigshaus","22":"tag-koenigshauses","23":"tag-leitet","24":"tag-moenchengladbach","25":"tag-nachrichten","26":"tag-news","27":"tag-nordrhein-westfalen","28":"tag-schlagzeilen","29":"tag-schuetzen","30":"tag-schuetzenbrueder","31":"tag-schuetzenbruderschaft","32":"tag-schuetzenfest","33":"tag-schuetzenfests","34":"tag-schuetzengruppen","35":"tag-schuetzenkoenig","36":"tag-schuetzenverein","37":"tag-schuetzenzug"},"share_on_mastodon":{"url":"https:\/\/pubeurope.com\/@de\/114846872577108260","error":""},"_links":{"self":[{"href":"https:\/\/www.europesays.com\/de\/wp-json\/wp\/v2\/posts\/265413","targetHints":{"allow":["GET"]}}],"collection":[{"href":"https:\/\/www.europesays.com\/de\/wp-json\/wp\/v2\/posts"}],"about":[{"href":"https:\/\/www.europesays.com\/de\/wp-json\/wp\/v2\/types\/post"}],"author":[{"embeddable":true,"href":"https:\/\/www.europesays.com\/de\/wp-json\/wp\/v2\/users\/2"}],"replies":[{"embeddable":true,"href":"https:\/\/www.europesays.com\/de\/wp-json\/wp\/v2\/comments?post=265413"}],"version-history":[{"count":0,"href":"https:\/\/www.europesays.com\/de\/wp-json\/wp\/v2\/posts\/265413\/revisions"}],"wp:featuredmedia":[{"embeddable":true,"href":"https:\/\/www.europesays.com\/de\/wp-json\/wp\/v2\/media\/265414"}],"wp:attachment":[{"href":"https:\/\/www.europesays.com\/de\/wp-json\/wp\/v2\/media?parent=265413"}],"wp:term":[{"taxonomy":"category","embeddable":true,"href":"https:\/\/www.europesays.com\/de\/wp-json\/wp\/v2\/categories?post=265413"},{"taxonomy":"post_tag","embeddable":true,"href":"https:\/\/www.europesays.com\/de\/wp-json\/wp\/v2\/tags?post=265413"}],"curies":[{"name":"wp","href":"https:\/\/api.w.org\/{rel}","templated":true}]}}