{"id":265415,"date":"2025-07-13T16:29:19","date_gmt":"2025-07-13T16:29:19","guid":{"rendered":"https:\/\/www.europesays.com\/de\/265415\/"},"modified":"2025-07-13T16:29:19","modified_gmt":"2025-07-13T16:29:19","slug":"verein-organisiert-ausflug-zum-schalke-tag-nh24-de","status":"publish","type":"post","link":"https:\/\/www.europesays.com\/de\/265415\/","title":{"rendered":"Verein organisiert Ausflug zum Schalke-Tag \u2013 nh24.de"},"content":{"rendered":"<p>\t\t\t\t\t\t\t\t\t\t\t<a href=\"https:\/\/nh24.de\/wp-content\/uploads\/2025\/07\/veltins-arena-schalke-1400x906-1.jpg\" data-rel=\"penci-gallery-image-content\" rel=\"nofollow noopener\" target=\"_blank\"><br \/>\n\t\t\t<img decoding=\"async\" class=\"attachment-penci-full-thumb size-penci-full-thumb  penci-lazy wp-post-image \" alt=\"Verein organisiert Ausflug zum Schalke-Tag\" src=\"https:\/\/www.europesays.com\/de\/wp-content\/uploads\/2025\/07\/veltins-arena-schalke-1400x906-1.jpg\"\/><\/p>\n<p class=\"wp-caption-text\" style=\"width:280px;\">\n<p>\t\t\t\t\t\u00a9Foto: privat | nh\t\t\t\t<\/p>\n<p>\t\t\t\t\t<\/a>\t\t\t\t\t\t\t<\/p>\n<p><strong>FRIELENDORF | GELSENKIRCHEN.<\/strong> Der Schalke-Fanclub Schw\u00e4lmer Knappen Obergrenzebach l\u00e4dt alle Interessierten ein, am Samstag, dem 26. Juli 2025, zum Schalke-Tag nach Gelsenkirchen in die Arena zu fahren. Los geht es um 8 Uhr in Frielendorf-Obergrenzebach, Schwarzenb\u00f6rner Stra\u00dfe, vor der \u201eOase Gl\u00fcck auf\u201c.\u00a0<\/p>\n<p>Die Teilnahmegeb\u00fchr betr\u00e4gt 50 EUR pro Person. F\u00fcr das leibliche Wohl w\u00e4hrend der Busfahrt ist gesorgt.\u00a0<\/p>\n<p>Die Teilnehmer erwartet ein abwechslungsreiches Programm mit gro\u00dfartigen Events, die \u00fcber den Tag verteilt stattfinden.\u00a0<\/p>\n<p>Interessierte werden gebeten, ihre R\u00fcckmeldung bis zum 20. Juli 2025 an ein Vorstandsmitglied oder per E-Mail an <a href=\"mailto:schwaelmer.knappen.vorstand@gmail.com\" target=\"_blank\" rel=\"noreferrer noopener\">schwaelmer.knappen.vorstand@gmail.com<\/a> zu senden.\u00a0<\/p>\n<p>Der Verein freut sich auf zahlreiche Teilnehmer und hei\u00dft alle willkommen, die gemeinsam einen besonderen Tag auf Schalke erleben m\u00f6chten. (wal)<\/p>\n<p><a href=\"https:\/\/www.schwaelmer-brotladen.de\" target=\"_blank\" rel=\" noreferrer noopener nofollow\"><img loading=\"lazy\" data-recalc-dims=\"1\" decoding=\"async\" width=\"532\" height=\"222\" src=\"https:\/\/www.europesays.com\/de\/wp-content\/uploads\/2025\/07\/1752424159_515_ViehmeierZiegenhain10Jahre_nh24.gif\" alt=\"\" class=\"wp-image-287818\"\/><\/a><strong>ANZEIGE<\/strong><\/p>\n<p><a href=\"https:\/\/nh24.de\/wp-content\/uploads\/2025\/07\/Werben-auf-nh24.pdf\" target=\"_blank\" rel=\" noreferrer noopener nofollow\"><img loading=\"lazy\" data-recalc-dims=\"1\" decoding=\"async\" width=\"1170\" height=\"488\" data-id=\"288239\" src=\"https:\/\/www.europesays.com\/de\/wp-content\/uploads\/2025\/07\/1752424159_236_nh24_Werbung.jpg\" alt=\"\" class=\"wp-image-288239\"  \/><\/a><br \/>\n<strong>Werbung<\/strong><br \/>\nDiese Nachricht direkt teilen:Gef\u00e4llt mir:<\/p>\n<p>Gef\u00e4llt mir Wird geladen\u00a0\u2026<\/p>\n<p><a class=\"sd-link-color\"\/><\/p>\n<p>\n\t\u00c4hnliche Beitr\u00e4ge<\/p>\n","protected":false},"excerpt":{"rendered":"\u00a9Foto: privat | nh FRIELENDORF | GELSENKIRCHEN. Der Schalke-Fanclub Schw\u00e4lmer Knappen Obergrenzebach l\u00e4dt alle Interessierten ein, am Samstag,&hellip;\n","protected":false},"author":2,"featured_media":265416,"comment_status":"","ping_status":"","sticky":false,"template":"","format":"standard","meta":{"footnotes":""},"categories":[1848],"tags":[3364,29,52302,548,663,3934,985,3658,30,13,2052,7739,14,15,1209,121,12,64054,71370,15103,1284],"class_list":{"0":"post-265415","1":"post","2":"type-post","3":"status-publish","4":"format-standard","5":"has-post-thumbnail","7":"category-gelsenkirchen","8":"tag-de","9":"tag-deutschland","10":"tag-eder","11":"tag-eu","12":"tag-europa","13":"tag-europe","14":"tag-feuerwehr","15":"tag-gelsenkirchen","16":"tag-germany","17":"tag-headlines","18":"tag-hessen","19":"tag-kreis","20":"tag-nachrichten","21":"tag-news","22":"tag-nordrhein-westfalen","23":"tag-polizei","24":"tag-schlagzeilen","25":"tag-schwalm","26":"tag-schwalmstadt","27":"tag-sek","28":"tag-unfall"},"share_on_mastodon":{"url":"https:\/\/pubeurope.com\/@de\/114846876589216946","error":""},"_links":{"self":[{"href":"https:\/\/www.europesays.com\/de\/wp-json\/wp\/v2\/posts\/265415","targetHints":{"allow":["GET"]}}],"collection":[{"href":"https:\/\/www.europesays.com\/de\/wp-json\/wp\/v2\/posts"}],"about":[{"href":"https:\/\/www.europesays.com\/de\/wp-json\/wp\/v2\/types\/post"}],"author":[{"embeddable":true,"href":"https:\/\/www.europesays.com\/de\/wp-json\/wp\/v2\/users\/2"}],"replies":[{"embeddable":true,"href":"https:\/\/www.europesays.com\/de\/wp-json\/wp\/v2\/comments?post=265415"}],"version-history":[{"count":0,"href":"https:\/\/www.europesays.com\/de\/wp-json\/wp\/v2\/posts\/265415\/revisions"}],"wp:featuredmedia":[{"embeddable":true,"href":"https:\/\/www.europesays.com\/de\/wp-json\/wp\/v2\/media\/265416"}],"wp:attachment":[{"href":"https:\/\/www.europesays.com\/de\/wp-json\/wp\/v2\/media?parent=265415"}],"wp:term":[{"taxonomy":"category","embeddable":true,"href":"https:\/\/www.europesays.com\/de\/wp-json\/wp\/v2\/categories?post=265415"},{"taxonomy":"post_tag","embeddable":true,"href":"https:\/\/www.europesays.com\/de\/wp-json\/wp\/v2\/tags?post=265415"}],"curies":[{"name":"wp","href":"https:\/\/api.w.org\/{rel}","templated":true}]}}