{"id":265420,"date":"2025-07-13T16:32:09","date_gmt":"2025-07-13T16:32:09","guid":{"rendered":"https:\/\/www.europesays.com\/de\/265420\/"},"modified":"2025-07-13T16:32:09","modified_gmt":"2025-07-13T16:32:09","slug":"verpackungssteuer-fwg-plaediert-fuer-sachliche-pruefung-im-interesse-der-stadt-ludwigshafen","status":"publish","type":"post","link":"https:\/\/www.europesays.com\/de\/265420\/","title":{"rendered":"Verpackungssteuer: FWG pl\u00e4diert f\u00fcr sachliche Pr\u00fcfung im Interesse der Stadt &#8211; Ludwigshafen"},"content":{"rendered":"<p><b\/><a href=\"https:\/\/www.rheinpfalz.de\/lokal\/ludwigshafen_artikel,-soll-ludwigshafen-eine-verpackungssteuer-einf%C3%BChren-_arid,5792604.html\" target=\"_blank\" class=\"external-link-new-window\" title=\"\" rel=\"noopener\">Nach unserem Streitfall zur Einf\u00fchrung einer Verpackungssteuer in Ludwigshafen<\/a> pl\u00e4diert die FWG-Stadtratsfraktion f\u00fcr \u201eeine sachliche und sorgf\u00e4ltige Pr\u00fcfung im Interesse der Stadt\u201c. Ihr Sprecher <a class=\"rtr-entity\" data-rtr-entity=\"Rainer Metz\" data-rtr-id=\"cc23a7e5872d9ca606449adce702d14fd6fb4568\" data-rtr-score=\"22.738515901060072\" data-rtr-etype=\"person\" data-rtr-index=\"4\" href=\"https:\/\/www.rheinpfalz.de\/themen\/rainer-metz?utm_source=rheinpfalz.de&amp;utm_medium=tms&amp;utm_campaign=intext\" target=\"_blank\" rel=\"noopener\">Rainer Metz<\/a> sagt: \u201eUns ist es wichtig, dass dieses Thema offen  und ohne Vorfestlegungen diskutiert wird. Wir sind \u00fcberzeugt: Nur wenn alle Argumente und Perspektiven auf den Tisch kommen, l\u00e4sst sich am Ende eine gute Entscheidung f\u00fcr <a class=\"rtr-entity\" data-rtr-entity=\"Ludwigshafen\" data-rtr-id=\"26b4406521e36b503c690e53e1b9dec3bdb26dfe\" data-rtr-score=\"50.45936395759717\" data-rtr-etype=\"location\" data-rtr-index=\"2\" href=\"https:\/\/www.rheinpfalz.de\/lokal\/ludwigshafen.html?utm_source=rheinpfalz.de&amp;utm_medium=tms&amp;utm_campaign=intext\" target=\"_blank\" rel=\"noopener\">Ludwigshafen<\/a> treffen.\u201c Die <a class=\"rtr-entity\" data-rtr-entity=\"Freie W\u00e4hler\" data-rtr-id=\"86e5f3edc0fa470be64a1b3f919b834d248c7111\" data-rtr-score=\"98.79858657243815\" data-rtr-etype=\"organisation\" data-rtr-index=\"7\" href=\"https:\/\/www.rheinpfalz.de\/themen\/fw\" target=\"_blank\" rel=\"noopener\">FWG<\/a> wisse, dass die Verpackungssteuer viele Fragen aufwerfe \u2013 f\u00fcr die Umwelt, f\u00fcr lokale Betriebe und  die Verwaltung. \u201eDeshalb m\u00f6chten wir, dass die Erfahrungen anderer St\u00e4dte, wie zum Beispiel T\u00fcbingen, in die \u00dcberlegungen einflie\u00dfen. Gleichzeitig ist uns bewusst, dass Ludwigshafen seine eigenen Besonderheiten hat und jede L\u00f6sung zu unserer Stadt passen muss. Die Verwaltung ist jetzt gefordert und muss nach erfolgter Pr\u00fcfung einen Vorschlag pr\u00e4sentieren.\u201c Der Dialog sollte respektvoll gef\u00fchrt werden. \u201eDie Sorgen und Anregungen, die von verschiedenen Seiten ge\u00e4u\u00dfert werden, nehmen wir ernst und verstehen sie als wertvollen Beitrag zur Entscheidungsfindung. Wir sind \u00fcberzeugt: Nur gemeinsam \u2013 mit Verwaltung, Wirtschaft, Politik und B\u00fcrgerschaft \u2013 k\u00f6nnen wir die beste L\u00f6sung finden\u201c, so Metz. Am Ende m\u00fcsse eine Entscheidung stehen, die im Sinne aller Ludwigshafener sei. Die FWG werde das Ergebnis der Pr\u00fcfung konstruktiv begleiten und sich weiterhin f\u00fcr eine ausgewogene, praktikable L\u00f6sung einsetzen, bilanziert er.<\/p>\n","protected":false},"excerpt":{"rendered":"Nach unserem Streitfall zur Einf\u00fchrung einer Verpackungssteuer in Ludwigshafen pl\u00e4diert die FWG-Stadtratsfraktion f\u00fcr \u201eeine sachliche und sorgf\u00e4ltige Pr\u00fcfung&hellip;\n","protected":false},"author":2,"featured_media":265421,"comment_status":"","ping_status":"","sticky":false,"template":"","format":"standard","meta":{"footnotes":""},"categories":[1845],"tags":[1634,3364,29,548,663,3934,16950,30,13,4060,25476,2096,14,15,80073,12],"class_list":{"0":"post-265420","1":"post","2":"type-post","3":"status-publish","4":"format-standard","5":"has-post-thumbnail","7":"category-mannheim","8":"tag-baden-wuerttemberg","9":"tag-de","10":"tag-deutschland","11":"tag-eu","12":"tag-europa","13":"tag-europe","14":"tag-freie-waehler","15":"tag-germany","16":"tag-headlines","17":"tag-lokal","18":"tag-ludwigshafen","19":"tag-mannheim","20":"tag-nachrichten","21":"tag-news","22":"tag-rainer-metz","23":"tag-schlagzeilen"},"share_on_mastodon":{"url":"https:\/\/pubeurope.com\/@de\/114846888319908385","error":""},"_links":{"self":[{"href":"https:\/\/www.europesays.com\/de\/wp-json\/wp\/v2\/posts\/265420","targetHints":{"allow":["GET"]}}],"collection":[{"href":"https:\/\/www.europesays.com\/de\/wp-json\/wp\/v2\/posts"}],"about":[{"href":"https:\/\/www.europesays.com\/de\/wp-json\/wp\/v2\/types\/post"}],"author":[{"embeddable":true,"href":"https:\/\/www.europesays.com\/de\/wp-json\/wp\/v2\/users\/2"}],"replies":[{"embeddable":true,"href":"https:\/\/www.europesays.com\/de\/wp-json\/wp\/v2\/comments?post=265420"}],"version-history":[{"count":0,"href":"https:\/\/www.europesays.com\/de\/wp-json\/wp\/v2\/posts\/265420\/revisions"}],"wp:featuredmedia":[{"embeddable":true,"href":"https:\/\/www.europesays.com\/de\/wp-json\/wp\/v2\/media\/265421"}],"wp:attachment":[{"href":"https:\/\/www.europesays.com\/de\/wp-json\/wp\/v2\/media?parent=265420"}],"wp:term":[{"taxonomy":"category","embeddable":true,"href":"https:\/\/www.europesays.com\/de\/wp-json\/wp\/v2\/categories?post=265420"},{"taxonomy":"post_tag","embeddable":true,"href":"https:\/\/www.europesays.com\/de\/wp-json\/wp\/v2\/tags?post=265420"}],"curies":[{"name":"wp","href":"https:\/\/api.w.org\/{rel}","templated":true}]}}