{"id":265508,"date":"2025-07-13T17:22:11","date_gmt":"2025-07-13T17:22:11","guid":{"rendered":"https:\/\/www.europesays.com\/de\/265508\/"},"modified":"2025-07-13T17:22:11","modified_gmt":"2025-07-13T17:22:11","slug":"mehria-ashuftah-vom-fluechtlingskind-zur-juristin-im-parlament-regional","status":"publish","type":"post","link":"https:\/\/www.europesays.com\/de\/265508\/","title":{"rendered":"Mehria Ashuftah: Vom Fl\u00fcchtlingskind zur Juristin im Parlament | Regional"},"content":{"rendered":"<p>Hamburg \u2013 <b>Es war ein Kampf \u2013 bis heute. Aufgegeben hat Mehria Ashuftah nie. Sie ist 37 Jahre alt, war ein Fl\u00fcchtlingskind. Heute ist sie Juristin und sitzt als erste afghanischst\u00e4mmige Frau f\u00fcr die SPD im Hamburger Landesparlament, der B\u00fcrgerschaft. Eine Erfolgsgeschichte.<\/b><\/p>\n<p>Bis dahin war es ein steiniger Weg. BILD zeichnet ihn nach.<\/p>\n<p>Er beginnt am 3. November 1988 in der afghanischen Hauptstadt <a href=\"https:\/\/www.bild.de\/themen\/orte\/kabul\/nachrichten-news-fotos-videos-17280182.bild.html\" class=\"text-link\" rel=\"nofollow noopener\" target=\"_blank\">Kabul<\/a>. Der Ingenieur Aman Ashuftah (heute 60) und seine Frau Bahira (heute 60) schn\u00fcren ein paar B\u00fcndel. Ihre Tochter Mehria ist an dem Tag ein Jahr alt geworden. Die Mutter nimmt das Kind, dann fl\u00fcchten die drei vor den gef\u00e4hrlichen politischen Wirren in <a href=\"https:\/\/www.bild.de\/news\/ausland\/afghanistan\/thema-afghanistan-alle-infos-80028766.bild.html\" class=\"text-link\" rel=\"nofollow noopener\" target=\"_blank\">Afghanistan<\/a>.<\/p>\n<p><img decoding=\"async\" width=\"992\" height=\"649\" alt=\"Eines der fr\u00fchesten Fotos: Ashuftah auf dem Arm ihrer Mutter kurz vor der Flucht im Jahr 1988\" src=\"https:\/\/www.europesays.com\/de\/wp-content\/uploads\/2025\/07\/96474edcb756f6bab0a596a684c3b286,d59f9270\"   class=\"dynamic\" loading=\"lazy\"\/><\/p>\n<p class=\"fig__caption__text\">Eines der fr\u00fchesten Fotos: Mehria Ashuftah auf dem Arm ihrer Mutter kurz vor der Flucht im Jahr 1988<\/p>\n<p>Foto: privat<\/p>\n<p>Drei Tage geht\u2019s zu Fu\u00df \u00fcber die Berge nach Pakistan. Von dort ein Jahr sp\u00e4ter per Flieger nach Frankfurt, dann nach <a href=\"https:\/\/www.bild.de\/regional\/hamburg\/hamburg-regional\/home-16344102.bild.html\" class=\"text-link\" rel=\"nofollow noopener\" target=\"_blank\">Hamburg<\/a> \u2013 ein neues Leben. Die Beh\u00f6rden quartieren die Ashuftahs in einem Hotel an der Rotlicht-Meile Reeperbahn ein.<\/p>\n<p>Ein Zimmer im Fl\u00fcchtlingsheim<\/p>\n<p>Kurz darauf gibt\u2019s ein karges Zimmer im <a href=\"https:\/\/www.bild.de\/politik\/aktuelles\/fluechtlinge\/fluechtlinge-alle-infos-78158144.bild.html\" class=\"text-link\" rel=\"nofollow noopener\" target=\"_blank\">Fl\u00fcchtlingsheim<\/a> in Hamburg-Gro\u00df Borstel. Mehria Ashuftah sagt: \u201eDieses Heim gibt es auch heute noch. Ich habe es nie geschafft, dort jemals wieder einen Fu\u00df hineinzusetzen.\u201c Zu belastend sind die Erinnerungen.<\/p>\n<p>Auch die Grundschulzeit ist schmerzhaft. \u201eMit f\u00fcnf wurde ich eingeschult, war die J\u00fcngste\u201c, sagt Ashuftah. Die deutsche Sprache f\u00e4llt ihr schwer. Eine Lehrerin sagt zu ihr: \u201eDu hast sch\u00f6ne Augen und kannst gut rechnen, vielleicht wirst du mal eine h\u00fcbsche Kassiererin\u00a0\u2026\u201c<\/p>\n<p><img decoding=\"async\" width=\"992\" height=\"602\" alt=\"Die junge Mehria mit ihren Gro\u00dfeltern Nassima und Mir Islam (re.)\" src=\"https:\/\/www.europesays.com\/de\/wp-content\/uploads\/2025\/07\/bd9b46d439cd3f844c1608ce1b008c2f,e1c990f8\"   class=\"dynamic\" loading=\"lazy\"\/><\/p>\n<p class=\"fig__caption__text\">Die f\u00fcnf Jahre alte Mehria mit ihren Gro\u00dfeltern Nassima und Mir Islam (re.) in der N\u00e4he der Fl\u00fcchtlingsunterkunft<\/p>\n<p>Foto: privat<\/p>\n<p>Ein vergiftetes Lob, das wehtut. Die Tr\u00e4nen nach diesem Satz trocknet ihr Gro\u00dfvater. Er setzt sie vor ein gro\u00dfes Foto einer Tante, die einen schwarzen Umhang tr\u00e4gt \u2013 sie war Anw\u00e4ltin, Dozentin und Politikerin in Afghanistan. Unten rechts steckt er ein Foto der kleinen Mehria dazu und sagt: \u201eJedes Jahr machen wir ein neues Foto, bis du selbst eine schwarze Robe tr\u00e4gst.\u201c<\/p>\n<p><img decoding=\"async\" width=\"992\" height=\"1178\" alt=\"Ashuftah nach dem 1. Jura-Staatsexamen im Juni 2016\" src=\"https:\/\/www.europesays.com\/de\/wp-content\/uploads\/2025\/07\/2ab4994fa60ec00a27c1606b873ce6e5,1a5abbfb\"   class=\"portrait\" loading=\"lazy\"\/><\/p>\n<p class=\"fig__caption__text\">Ashuftah nach dem 1. Jura-Staatsexamen im Juni 2016<\/p>\n<p>Foto: privat<\/p>\n<p><b>Die Botschaft: Du kannst alles werden, wenn du es willst.<\/b><\/p>\n<p>Elf Jahre sp\u00e4ter, 2019, macht Mehria Ashuftah ihr 2. Staatsexamen. Heute ist sie Anw\u00e4ltin und Dozentin an der Uni. \u201eOhne meine Familie, die mich immer ermutigt hat, h\u00e4tte ich das nie geschafft\u201c, sagt sie. Der Opa hat den Erfolg seiner Enkelin nicht mehr erlebt. \u201eAber ich habe ein Foto in Robe an seinem Grab vergraben\u201c, sagt Ashuftah.<\/p>\n<p>Die Botschaft: Opa, ich habe es geschafft<\/p>\n<p>Geschafft hat sie inzwischen auch den Weg in die Politik. Seit 2011 ist sie in der <a href=\"https:\/\/www.bild.de\/politik\/inland\/spd\/spd-alle-infos-76661710.bild.html\" class=\"text-link\" rel=\"nofollow noopener\" target=\"_blank\">SPD<\/a>. Die Kandidatur f\u00fcr die B\u00fcrgerschaft war kein Selbstl\u00e4ufer. Aber die Genossen kamen nicht um Ashuftah herum. Frau, jung, Migrationshintergrund, kompetent \u2013 den Gegnern fehlten die Argumente.<\/p>\n<p><img decoding=\"async\" width=\"992\" height=\"558\" alt=\"Seit M\u00e4rz sitzt Ashuftah f\u00fcr die SPD in der Hamburger B\u00fcrgerschaft\" src=\"https:\/\/www.europesays.com\/de\/wp-content\/uploads\/2025\/07\/fe29d75b13b178d3259fd50e720d11de,b5080986\"   class=\"landscape\" loading=\"lazy\"\/><\/p>\n<p class=\"fig__caption__text\">Seit M\u00e4rz sitzt Ashuftah f\u00fcr die SPD in der Hamburger B\u00fcrgerschaft<\/p>\n<p>Foto: Henning Schaffner<\/p>\n<p>\u201eDurchsetzungsf\u00e4hig\u201c, nennen sie sie in der Partei inzwischen. Oder hinter vorgehaltener Hand: \u201eMit der legt man sich besser nicht an\u00a0\u2026\u201c Auch eine Form von Respekt.<\/p>\n<p>Lesen Sie auch<\/p>\n<p>Aber Ashuftah will mehr, keine Symbolfigur sein: \u201eAlle m\u00fcssen begreifen, dass ich nicht nur das ehemalige Fl\u00fcchtlingskind im Parlament bin.\u201c Sie sitzt jetzt im m\u00e4chtigen Haushaltsausschuss der B\u00fcrgerschaft \u2013 dort, wo die Millionen verteilt werden.<\/p>\n<p><img decoding=\"async\" width=\"992\" height=\"558\" alt=\"\u201eIch bin drin\u201c: Ashuftah mit ihren Eltern, als sie erfahren, dass sie ins Parlament gew\u00e4hlt wurde\" src=\"https:\/\/www.europesays.com\/de\/wp-content\/uploads\/2025\/07\/f4996440291b8dc38d1edd0af05e326d,2cd71305\"   class=\"landscape\" loading=\"lazy\"\/><\/p>\n<p class=\"fig__caption__text\">\u201eIch bin drin\u201c: Ashuftah mit ihren Eltern, als sie erfahren, dass sie ins Parlament gew\u00e4hlt wurde<\/p>\n<p>Foto: instagram.com\/mehria.ashuftah\/<\/p>\n<p>Auf Instagram gibt es ein Video, das Mehria Ashuftah am 3. M\u00e4rz zeigt, als klar wird, dass sie tats\u00e4chlich den Sprung ins Parlament geschafft hat. Sie sitzt zwischen ihrem Vater und ihrer Mutter. Ashuftah sieht das Ergebnis und ruft: \u201e8994 Stimmen, oh mein Gott. Ich bin drin.\u201c<\/p>\n<p><b>Dann f\u00e4llt sie ihren Eltern um den Hals. Die Flucht aus Afghanistan ist 36 Jahre her.<\/b><\/p>\n<p><script async src=\"\/\/www.instagram.com\/embed.js\"><\/script><\/p>\n","protected":false},"excerpt":{"rendered":"Hamburg \u2013 Es war ein Kampf \u2013 bis heute. Aufgegeben hat Mehria Ashuftah nie. Sie ist 37 Jahre&hellip;\n","protected":false},"author":2,"featured_media":265509,"comment_status":"","ping_status":"","sticky":false,"template":"","format":"standard","meta":{"footnotes":""},"categories":[1826],"tags":[7451,29,80088,8036,3919,5249,30,692,12875,2266,2267,2260,3659,13219,13773,382,10670,16706,966,184,45,5162],"class_list":{"0":"post-265508","1":"post","2":"type-post","3":"status-publish","4":"format-standard","5":"has-post-thumbnail","7":"category-hamburg","8":"tag-afghanistan","9":"tag-deutschland","10":"tag-dozent","11":"tag-flucht","12":"tag-fluechtling","13":"tag-fluechtlinge","14":"tag-germany","15":"tag-hamburg","16":"tag-hamburg-regional","17":"tag-hamburg-regional-news","18":"tag-hamburg-regional-politik-und-wirtschaft","19":"tag-hamburger-rathaus","20":"tag-integration","21":"tag-juristen","22":"tag-kabul","23":"tag-migration","24":"tag-pakistan","25":"tag-rechtsanwalt","26":"tag-schule","27":"tag-spd","28":"tag-texttospeech","29":"tag-universitaet"},"share_on_mastodon":{"url":"https:\/\/pubeurope.com\/@de\/114847085676556391","error":""},"_links":{"self":[{"href":"https:\/\/www.europesays.com\/de\/wp-json\/wp\/v2\/posts\/265508","targetHints":{"allow":["GET"]}}],"collection":[{"href":"https:\/\/www.europesays.com\/de\/wp-json\/wp\/v2\/posts"}],"about":[{"href":"https:\/\/www.europesays.com\/de\/wp-json\/wp\/v2\/types\/post"}],"author":[{"embeddable":true,"href":"https:\/\/www.europesays.com\/de\/wp-json\/wp\/v2\/users\/2"}],"replies":[{"embeddable":true,"href":"https:\/\/www.europesays.com\/de\/wp-json\/wp\/v2\/comments?post=265508"}],"version-history":[{"count":0,"href":"https:\/\/www.europesays.com\/de\/wp-json\/wp\/v2\/posts\/265508\/revisions"}],"wp:featuredmedia":[{"embeddable":true,"href":"https:\/\/www.europesays.com\/de\/wp-json\/wp\/v2\/media\/265509"}],"wp:attachment":[{"href":"https:\/\/www.europesays.com\/de\/wp-json\/wp\/v2\/media?parent=265508"}],"wp:term":[{"taxonomy":"category","embeddable":true,"href":"https:\/\/www.europesays.com\/de\/wp-json\/wp\/v2\/categories?post=265508"},{"taxonomy":"post_tag","embeddable":true,"href":"https:\/\/www.europesays.com\/de\/wp-json\/wp\/v2\/tags?post=265508"}],"curies":[{"name":"wp","href":"https:\/\/api.w.org\/{rel}","templated":true}]}}