{"id":265551,"date":"2025-07-13T17:46:14","date_gmt":"2025-07-13T17:46:14","guid":{"rendered":"https:\/\/www.europesays.com\/de\/265551\/"},"modified":"2025-07-13T17:46:14","modified_gmt":"2025-07-13T17:46:14","slug":"tag-der-offenen-tuer-im-kieler-landtag-plenarsaal-fuer-alle","status":"publish","type":"post","link":"https:\/\/www.europesays.com\/de\/265551\/","title":{"rendered":"Tag der offenen T\u00fcr im Kieler Landtag: Plenarsaal f\u00fcr alle"},"content":{"rendered":"<p>        <img decoding=\"async\" src=\"https:\/\/www.europesays.com\/de\/wp-content\/uploads\/2025\/07\/landtag-162.webp\" alt=\"Zahlreiche Besucher stehen auf der gr\u00fcnen Wiese vor dem Kieler Landeshaus am Tag der offenen T\u00fcr.\" title=\"Zahlreiche Besucher stehen auf der gr\u00fcnen Wiese vor dem Kieler Landeshaus am Tag der offenen T\u00fcr. | NDR \/ Anne Passow\" class=\"responsive\"\/><\/p>\n<p>AUDIO: Tag der offenen T\u00fcr im Landtag in Kiel (1 Min)<\/p>\n<p>\n            Stand: 13.07.2025 17:42 Uhr<\/p>\n<p class=\"preface\">Rund 25.000 Menschen sind am Sonntag beim Tag der offenen T\u00fcr im Landeshaus in Kiel gewesen. Deutlich mehr als bei der letzten Ausgabe: 2019 waren es etwa 20.000 Besucher. Der NDR war Medienpartner der Veranstaltung.<\/p>\n<p class=\"textauthor\">von <a href=\"https:\/\/www.ndr.de\/wellenord\/wir_ueber_uns\/anne-passow,passow100.html\" target=\"_blank\" rel=\"noopener\">Anne Passow<\/a><\/p>\n<p class=\"\">\nDer Plenarsaal ist voll wie selten an diesem Sonntag: Die Besucher des Landtags dr\u00e4ngen sich auf den Sitz- und Stehpl\u00e4tzen &#8211; um den verschiedenen Vortr\u00e4gen zuzuh\u00f6ren, am Rednerpult Platz zu nehmen oder einen Blick in den gl\u00e4sernen Saal mit F\u00f6rdeblick zu werfen. &#8222;Ich wollte einfach mal gucken. Man kommt ja sonst nicht rein ins Parlament&#8220;, sagt Besucher Hartmut Frischbier aus Pl\u00f6n. Traute Lehnard schaut sich den Saal ebenfalls an &#8211; zusammen mit ihrem Mann. &#8222;Wir wollten uns einen sch\u00f6nen Tag machen, da hat sich der Tag der offenen T\u00fcr hier angeboten&#8220;, sagt die 87-J\u00e4hrige und verschwindet im Get\u00fcmmel.<\/p>\n<p class=\"\">\nAuch durch den Rest des Landeshauses str\u00f6men die Menschen, um einen Blick in die R\u00e4ume der verschiedenen Parteien zu werfen, sich in der Fotobox zu verewigen, einen Friesisch-Crashkurs zu machen oder sich ein Organspendetatoo stechen zu lassen. Das B\u00fcro der Landtagspr\u00e4sidentin steht den Besuchern ebenfalls offen. Andrea Wokel hat es sich gerade angesehen. Die 54-J\u00e4hrige ist aus Reinbek angereist. &#8222;Ich finde eine sch\u00f6ne M\u00f6glichkeit, auch tats\u00e4chlich mit Politikern in Kontakt zu kommen und klarzumachen, welche Positionen ich problematisch finde oder welche ich gerne mehr vertreten haben m\u00f6chte&#8220;, sagt sie.<\/p>\n<p>    Ponys sind die heimlichen Stars<\/p>\n<p class=\"\">\nTrubel herrscht auch vor dem Landeshaus. Auf der Hauptb\u00fchne spielen Bands und es gibt dort einen Poetry Slam op Platt. Viele versuchen sich am Mega-Kicker des Landessportverbands, die Feuerwehr ist da, jede Menge Vereine pr\u00e4sentieren sich und Tiere gibt es auch. &#8222;Das ist die Lotti&#8220; &#8211; Stefanie Klingel von der Arche Warder stellt die Ponys vor, die an diesem Tag f\u00fcr viele der heimliche Star der Veranstaltung sind. Jette und Broder jedenfalls sind fasziniert. Sie hocken mit ihrem Vater vor dem Gehege und freuen sich \u00fcber freundliches Ponyschnauben.<\/p>\n<p>    Ein Selfie mit dem Ministerpr\u00e4sidenten<\/p>\n<p class=\"\">\nJulius und Johannes Reese versuchen sich derweil an der Kletterwand. &#8222;Wir haben gerade ein gemeinsames Bild mit dem Ministerpr\u00e4sidenten gemacht&#8220;, freut sich Vater Danny. Es ist ihm wichtig, hier zu sein. &#8222;Meine Kinder sollen wissen, was Demokratie bedeutet. Deshalb sind wir hier&#8220;, sagt er.<\/p>\n<p>    Mit der Virtual-Reality-Brille in der Tiefgarage<\/p>\n<p class=\"\">\nAuch unter dem Landtag &#8211; in der Tiefgarage &#8211; ist viel los an diesem Tag. DJs legen auf und in einer Ecke spielen gerade ein paar Jungs das Spiel &#8222;Rocket League&#8220;. Ein anderer tr\u00e4gt eine Virtual Reality-Brille und versucht offenbar einen Feind zu besiegen. Kim Gruhn vom E-Sport-Verband Schleswig-Holstein unterst\u00fctzt jeden, der sich in der Welt des eSports ausprobieren will.<\/p>\n<p class=\"\">\nMitten im Get\u00fcmmel ist auch Landtagspr\u00e4sidentin Kristina Herbst (CDU) unterwegs. Sie findet es &#8222;wichtig, den B\u00fcrgerinnen und B\u00fcrgern heute zu zeigen, dass das Landeshaus ein offenes Haus ist&#8220;. Politikerinnen und Politiker in Schleswig-Holstein seien in der Regel sehr offen und nahbar. Es ist mir wichtig, zu zeigen, was Politik bedeutet. &#8222;Demokratie lebt von Meinungsvielfalt und Meinungsfreiheit. Es wird schon hart auch um die Dinge gerungen. Und manchmal ist eben die L\u00f6sung zu finden, ein hartes Ringen. Und ich hoffe auch, dass wir das an dem heutigen Tag gut zeigen k\u00f6nnen.&#8220; Auch Ministerpr\u00e4sident Daniel G\u00fcnther (CDU) betont an diesem Tag, Demokratie sei Austausch, Diskussion und Wahl. &#8222;Wir wollen den Menschen nicht das Gef\u00fchl geben, dass das hier so ein Raumschiff ist, wo irgendwelche Menschen miteinander \u00fcber das Wohl und Wehe der B\u00fcrgerinnen und B\u00fcrger entscheiden.&#8220;<\/p>\n<p>        <img decoding=\"async\" src=\"https:\/\/www.europesays.com\/de\/wp-content\/uploads\/2025\/07\/landtag-144.webp\" alt=\"Am Landtag h\u00e4ngt ein Banner mit der Aufschrift: &quot;Tag der offenen T\u00fcr 13.07.2025&quot;\" title=\"Am Landtag h\u00e4ngt ein Banner mit der Aufschrift: &quot;Tag der offenen T\u00fcr 13.07.2025&quot; | NDR, Judith Pape\" class=\"responsive\" loading=\"lazy\"\/><\/p>\n<p>Der schleswig-holsteinische Landtag \u00f6ffnet heute seine Pforten und stellt die Arbeit von Fraktionen, Verwaltung und Verb\u00e4nden vor.<\/p>\n","protected":false},"excerpt":{"rendered":"AUDIO: Tag der offenen T\u00fcr im Landtag in Kiel (1 Min) Stand: 13.07.2025 17:42 Uhr Rund 25.000 Menschen&hellip;\n","protected":false},"author":2,"featured_media":265552,"comment_status":"","ping_status":"","sticky":false,"template":"","format":"standard","meta":{"footnotes":""},"categories":[1852],"tags":[3364,146,29,548,663,3934,30,13,4949,80089,1985,14,15,16,12,1971,29979],"class_list":{"0":"post-265551","1":"post","2":"type-post","3":"status-publish","4":"format-standard","5":"has-post-thumbnail","7":"category-kiel","8":"tag-de","9":"tag-demokratie","10":"tag-deutschland","11":"tag-eu","12":"tag-europa","13":"tag-europe","14":"tag-germany","15":"tag-headlines","16":"tag-kiel","17":"tag-landeshaus","18":"tag-landtag","19":"tag-nachrichten","20":"tag-news","21":"tag-politik","22":"tag-schlagzeilen","23":"tag-schleswig-holstein","24":"tag-tag-der-offenen-tuer"},"share_on_mastodon":{"url":"https:\/\/pubeurope.com\/@de\/114847179375494184","error":""},"_links":{"self":[{"href":"https:\/\/www.europesays.com\/de\/wp-json\/wp\/v2\/posts\/265551","targetHints":{"allow":["GET"]}}],"collection":[{"href":"https:\/\/www.europesays.com\/de\/wp-json\/wp\/v2\/posts"}],"about":[{"href":"https:\/\/www.europesays.com\/de\/wp-json\/wp\/v2\/types\/post"}],"author":[{"embeddable":true,"href":"https:\/\/www.europesays.com\/de\/wp-json\/wp\/v2\/users\/2"}],"replies":[{"embeddable":true,"href":"https:\/\/www.europesays.com\/de\/wp-json\/wp\/v2\/comments?post=265551"}],"version-history":[{"count":0,"href":"https:\/\/www.europesays.com\/de\/wp-json\/wp\/v2\/posts\/265551\/revisions"}],"wp:featuredmedia":[{"embeddable":true,"href":"https:\/\/www.europesays.com\/de\/wp-json\/wp\/v2\/media\/265552"}],"wp:attachment":[{"href":"https:\/\/www.europesays.com\/de\/wp-json\/wp\/v2\/media?parent=265551"}],"wp:term":[{"taxonomy":"category","embeddable":true,"href":"https:\/\/www.europesays.com\/de\/wp-json\/wp\/v2\/categories?post=265551"},{"taxonomy":"post_tag","embeddable":true,"href":"https:\/\/www.europesays.com\/de\/wp-json\/wp\/v2\/tags?post=265551"}],"curies":[{"name":"wp","href":"https:\/\/api.w.org\/{rel}","templated":true}]}}