{"id":265561,"date":"2025-07-13T17:51:18","date_gmt":"2025-07-13T17:51:18","guid":{"rendered":"https:\/\/www.europesays.com\/de\/265561\/"},"modified":"2025-07-13T17:51:18","modified_gmt":"2025-07-13T17:51:18","slug":"von-einbrecher-aus-dem-schlaf-gerissen-wiesbadener-schnappt-dreisten-dieb","status":"publish","type":"post","link":"https:\/\/www.europesays.com\/de\/265561\/","title":{"rendered":"Von Einbrecher aus dem Schlaf gerissen: Wiesbadener schnappt \u201edreisten Dieb\u201c"},"content":{"rendered":"<p>Ein Wiesbadener hat am fr\u00fchen Samstagmorgen (12. Juli) einen Einbrecher gemeinsam mit Bekannten gestellt und daf\u00fcr gesorgt, dass er festgenommen werden konnte. Das meldet die Polizei Westhessen. <\/p>\n<p>Der \u201edreiste Dieb\u201c, wie die Polizei ihn nennt, nutzte aus, dass der Wiesbadener schlief und dabei seine Balkont\u00fcr offen gelassen hatte. Er stieg gegen 6:30 Uhr in die Erdgeschosswohnung in der Adolfsallee ein entwendete einige Gegenst\u00e4nde. <\/p>\n<p>Der Bewohner wurde aber aus dem Schlaf gerissen, als der Dieb sich gerade \u00fcber ein Fenster davonmachen wollte. Als der Bestohlene dann merkte, dass seine Handys, sein Autoschl\u00fcssel und die Handys seiner \u00dcbernachtungsg\u00e4ste nicht mehr da waren, verfolgte er den Einbrecher. <\/p>\n<p>Zusammen mit seinen Bekannten konnte er den T\u00e4ter stellen, als dieser versuchte, das Auto zu finden, zu dem der gestohlene Schl\u00fcssel passte. Der Mann muss sich jetzt wegen Diebstahls verantworten.<\/p>\n","protected":false},"excerpt":{"rendered":"Ein Wiesbadener hat am fr\u00fchen Samstagmorgen (12. Juli) einen Einbrecher gemeinsam mit Bekannten gestellt und daf\u00fcr gesorgt, dass&hellip;\n","protected":false},"author":2,"featured_media":265562,"comment_status":"","ping_status":"","sticky":false,"template":"","format":"standard","meta":{"footnotes":""},"categories":[1847],"tags":[3364,29,548,663,3934,30,13,2052,14,15,12,4544],"class_list":{"0":"post-265561","1":"post","2":"type-post","3":"status-publish","4":"format-standard","5":"has-post-thumbnail","7":"category-wiesbaden","8":"tag-de","9":"tag-deutschland","10":"tag-eu","11":"tag-europa","12":"tag-europe","13":"tag-germany","14":"tag-headlines","15":"tag-hessen","16":"tag-nachrichten","17":"tag-news","18":"tag-schlagzeilen","19":"tag-wiesbaden"},"share_on_mastodon":{"url":"https:\/\/pubeurope.com\/@de\/114847199008483569","error":""},"_links":{"self":[{"href":"https:\/\/www.europesays.com\/de\/wp-json\/wp\/v2\/posts\/265561","targetHints":{"allow":["GET"]}}],"collection":[{"href":"https:\/\/www.europesays.com\/de\/wp-json\/wp\/v2\/posts"}],"about":[{"href":"https:\/\/www.europesays.com\/de\/wp-json\/wp\/v2\/types\/post"}],"author":[{"embeddable":true,"href":"https:\/\/www.europesays.com\/de\/wp-json\/wp\/v2\/users\/2"}],"replies":[{"embeddable":true,"href":"https:\/\/www.europesays.com\/de\/wp-json\/wp\/v2\/comments?post=265561"}],"version-history":[{"count":0,"href":"https:\/\/www.europesays.com\/de\/wp-json\/wp\/v2\/posts\/265561\/revisions"}],"wp:featuredmedia":[{"embeddable":true,"href":"https:\/\/www.europesays.com\/de\/wp-json\/wp\/v2\/media\/265562"}],"wp:attachment":[{"href":"https:\/\/www.europesays.com\/de\/wp-json\/wp\/v2\/media?parent=265561"}],"wp:term":[{"taxonomy":"category","embeddable":true,"href":"https:\/\/www.europesays.com\/de\/wp-json\/wp\/v2\/categories?post=265561"},{"taxonomy":"post_tag","embeddable":true,"href":"https:\/\/www.europesays.com\/de\/wp-json\/wp\/v2\/tags?post=265561"}],"curies":[{"name":"wp","href":"https:\/\/api.w.org\/{rel}","templated":true}]}}