{"id":265593,"date":"2025-07-13T18:09:10","date_gmt":"2025-07-13T18:09:10","guid":{"rendered":"https:\/\/www.europesays.com\/de\/265593\/"},"modified":"2025-07-13T18:09:10","modified_gmt":"2025-07-13T18:09:10","slug":"emmanuel-macron-am-nationalfeiertag-praesidentielle-rochaden-in-frankreich","status":"publish","type":"post","link":"https:\/\/www.europesays.com\/de\/265593\/","title":{"rendered":"Emmanuel Macron am Nationalfeiertag: Pr\u00e4sidentielle Rochaden in Frankreich"},"content":{"rendered":"<ol class=\"id-DonaldBreadcrumb lp_west_breadcrumb id-DonaldBreadcrumb--default\" data-k5a-pos=\"west_breadcrumb\">\n<li class=\"id-Breadcrumb-item\"><a href=\"https:\/\/www.fr.de\/\" class=\"id-Breadcrumb-link\" data-id-ec=\"{\" shn=\"\" textlink=\"\" data-k5a-pos=\"1_startseite\" rel=\"nofollow noopener\" target=\"_blank\">Startseite<\/a><\/li>\n<li class=\"id-Breadcrumb-item\"><a href=\"https:\/\/www.fr.de\/politik\/\" class=\"id-Breadcrumb-link\" data-id-ec=\"{\" shn=\"\" textlink=\"\" data-k5a-pos=\"2_politik\" rel=\"nofollow noopener\" target=\"_blank\">Politik<\/a><\/li>\n<\/ol>\n<p class=\"id-Story-timestamp id-Story-timestamp--default\">Stand: 13.07.2025, 19:23 Uhr<\/p>\n<p class=\"id-Story-authors id-Story-authors--default\">Von: <a class=\"id-Story-authors-link lp_west_author\" href=\"https:\/\/www.fr.de\/autor\/stefan-braendle-i0ortob07.html\" title=\"Zur Autorenseite von Stefan Br&#xE4;ndle\" data-id-ec=\"{\" shn=\"\" author-link=\"\" br=\"\" data-k5a-pos=\"west_author\" rel=\"nofollow noopener\" target=\"_blank\">Stefan Br\u00e4ndle<\/a><\/p>\n<p class=\"id-Story-interactionBar id-Story-interactionBar--default\">DruckenTeilen<\/p>\n<p class=\"id-StoryElement-leadText\">Zum franz\u00f6sischen Nationalfeiertag \u00fcberlegt Pr\u00e4sident Emmanuel Macron, wie er zehn Jahre in Paris weiterregieren k\u00f6nnte. Eine Analyse. <\/p>\n<p class=\"id-StoryElement-paragraph\">Paris &#8211; <a href=\"https:\/\/www.fr.de\/politik\/emmanuel-macron-politische-karriere-partei-familie-ehefrau-frankreich-91424037.html\" class=\"id-import-Link\" data-id-ec=\"{&quot;sht&quot;:&quot;Container&quot;,&quot;shn&quot;:&quot;Story&quot;,&quot;p&quot;:{&quot;containerType&quot;:&quot;Paragraph&quot;,&quot;displayType&quot;:&quot;Paragraph InlineLink&quot;,&quot;type&quot;:&quot;INLINE_LINK&quot;,&quot;value&quot;:&quot;Emmanuel Macron&quot;,&quot;variant&quot;:&quot;standardLink&quot;,&quot;sponsored&quot;:false,&quot;linkHref&quot;:&quot;https:\/\/www.fr.de\/politik\/emmanuel-macron-politische-karriere-partei-familie-ehefrau-frankreich-91424037.html&quot;,&quot;storyElementPosition&quot;:8,&quot;storyElementCount&quot;:30}}\" rel=\"nofollow noopener\" target=\"_blank\">Emmanuel Macron<\/a> mag diese Momente, wenn sich alles um ihn dreht. Von Verfassung wegen Oberbefehlshaber der Streitkr\u00e4fte nimmt er an diesem Montag die Parade auf den Pariser Champs-\u00c9lys\u00e9es ab. 55 Flugzeuge, 22 Hubschrauber, 5600 Soldatinnen und Soldaten und 200 Pferde defilieren vor dem Staatschef.<\/p>\n<p>Nationalfeiertag in Frankreich: Emmanuel Macron k\u00e4mpft mit immensen Schulden<\/p>\n<p class=\"id-StoryElement-paragraph\">Die Botschaft des zweist\u00fcndigen Umzugs, der US-Pr\u00e4sident <a href=\"https:\/\/www.fr.de\/politik\/donald-trump-per32650\/\" target=\"_blank\" class=\"id-import-Link\" data-id-ec=\"{&quot;sht&quot;:&quot;Container&quot;,&quot;shn&quot;:&quot;Story&quot;,&quot;p&quot;:{&quot;containerType&quot;:&quot;Paragraph&quot;,&quot;displayType&quot;:&quot;Paragraph InlineLink&quot;,&quot;type&quot;:&quot;INLINE_LINK&quot;,&quot;value&quot;:&quot;Donald Trump&quot;,&quot;variant&quot;:&quot;standardLink&quot;,&quot;sponsored&quot;:false,&quot;linkHref&quot;:&quot;https:\/\/www.fr.de\/politik\/donald-trump-per32650\/&quot;,&quot;storyElementPosition&quot;:11,&quot;storyElementCount&quot;:30}}\" rel=\"nofollow noopener\">Donald Trump<\/a> zur <a href=\"https:\/\/www.fr.de\/politik\/hauptstadt-armee-donald-trump-militaerparade-washington-dc-live-ticker-rede-geburtstag-zr-93785059.html\" class=\"id-import-Link\" data-id-ec=\"{&quot;sht&quot;:&quot;Container&quot;,&quot;shn&quot;:&quot;Story&quot;,&quot;p&quot;:{&quot;containerType&quot;:&quot;Paragraph&quot;,&quot;displayType&quot;:&quot;Paragraph InlineLink&quot;,&quot;type&quot;:&quot;INLINE_LINK&quot;,&quot;value&quot;:&quot;misslungenen Nachahmung im Juni&quot;,&quot;variant&quot;:&quot;standardLink&quot;,&quot;sponsored&quot;:false,&quot;linkHref&quot;:&quot;https:\/\/www.fr.de\/politik\/hauptstadt-armee-donald-trump-militaerparade-washington-dc-live-ticker-rede-geburtstag-zr-93785059.html&quot;,&quot;storyElementPosition&quot;:11,&quot;storyElementCount&quot;:30}}\" rel=\"nofollow noopener\" target=\"_blank\">misslungenen Nachahmung im Juni<\/a> stimulierte: Frankreich ist wehrhaft, stark \u2013 und bereit f\u00fcr alle Eventualit\u00e4ten.<\/p>\n<p class=\"id-StoryElement-paragraph\">Jenseits der bunten Schau sieht es f\u00fcr die Grande Nation weniger glorios aus. <a href=\"https:\/\/www.fr.de\/wirtschaft\/groesste-verschuldung-europas-nach-regierungskrise-steht-frankreich-finanziell-angeschlagen-da-zr-93452247.html\" class=\"id-import-Link\" data-id-ec=\"{&quot;sht&quot;:&quot;Container&quot;,&quot;shn&quot;:&quot;Story&quot;,&quot;p&quot;:{&quot;containerType&quot;:&quot;Paragraph&quot;,&quot;displayType&quot;:&quot;Paragraph InlineLink&quot;,&quot;type&quot;:&quot;INLINE_LINK&quot;,&quot;value&quot;:&quot;Frankreichs Staatsschulden sind im Juni auf 3350 Milliarden Euro&quot;,&quot;variant&quot;:&quot;standardLink&quot;,&quot;sponsored&quot;:false,&quot;linkHref&quot;:&quot;https:\/\/www.fr.de\/wirtschaft\/groesste-verschuldung-europas-nach-regierungskrise-steht-frankreich-finanziell-angeschlagen-da-zr-93452247.html&quot;,&quot;storyElementPosition&quot;:13,&quot;storyElementCount&quot;:30}}\" rel=\"nofollow noopener\" target=\"_blank\">Frankreichs Staatsschulden sind im Juni auf 3350 Milliarden Euro<\/a> geklettert, von denen 1000 Milliarden in Macrons Amtszeit fallen. Der Zinsdienst beansprucht 67 Milliarden Euro \u2013 mehr als die nationalen Verteidigungsausgaben.<\/p>\n<p><img decoding=\"async\" class=\"id-RatioPlaceholder-element wv_story_el_image\" src=\"https:\/\/www.europesays.com\/de\/wp-content\/uploads\/2025\/07\/38946632-der-franzoesische-staatspraesident-emmanuel-macron-mi-beim-nationalfeiertag-2023-in-paris-1.jpeg\" loading=\"lazy\"   height=\"732\" width=\"1100\" alt=\"Der franz&#xF6;sische Staatspr&#xE4;sident Emmanuel Macron (Mi.) beim Nationalfeiertag 2023 in Paris.\"\/>Der franz\u00f6sische Staatspr\u00e4sident Emmanuel Macron (Mi.) beim Nationalfeiertag 2023 in Paris. \u00a9\u00a0IMAGO \/ ABACAPRESSPolitik in Frankreich: Machtbl\u00f6cke blockieren sich in der Nationalversammlung<\/p>\n<p class=\"id-StoryElement-paragraph\">Politisch geht es Frankreich nicht besser. In der Nationalversammlung blockieren die drei Machtbl\u00f6cke der Linken, Rechten und Macronisten einander. Ohnm\u00e4chtig schaut Premier Fran\u00e7ois Bayrou zu, wie sich der n\u00e4chste Regierungssturz \u2013 seiner \u2013 anbahnt. <\/p>\n<p class=\"id-StoryElement-paragraph\">Schuld an alldem ist <a href=\"https:\/\/www.fr.de\/politik\/ergebnisse-frankreich-wahl-2024-wann-prognose-hochrechnung-neuwahlen-stichwahlen-macron-le-pen-zr-93159838.html\" class=\"id-import-Link\" data-id-ec=\"{&quot;sht&quot;:&quot;Container&quot;,&quot;shn&quot;:&quot;Story&quot;,&quot;p&quot;:{&quot;containerType&quot;:&quot;Paragraph&quot;,&quot;displayType&quot;:&quot;Paragraph InlineLink&quot;,&quot;type&quot;:&quot;INLINE_LINK&quot;,&quot;value&quot;:&quot;Macron selbst: Er hatte im Juni 2024 ohne Not Neuwahlen angesetzt&quot;,&quot;variant&quot;:&quot;standardLink&quot;,&quot;sponsored&quot;:false,&quot;linkHref&quot;:&quot;https:\/\/www.fr.de\/politik\/ergebnisse-frankreich-wahl-2024-wann-prognose-hochrechnung-neuwahlen-stichwahlen-macron-le-pen-zr-93159838.html&quot;,&quot;storyElementPosition&quot;:18,&quot;storyElementCount&quot;:30}}\" rel=\"nofollow noopener\" target=\"_blank\">Macron selbst: Er hatte im Juni 2024 ohne Not Neuwahlen angesetzt<\/a>. Und verloren. Seither sind Politik und Wirtschaft handlungsunf\u00e4hig. Dynamisch ist nur noch die Banlieue-Jugend: Jeder Vorwand \u2013 Nationales Fest der Musik, Fu\u00dfballsieg von Paris Saint-Germain &#8230; \u2013 reicht, um Autos in Brand zu stecken, L\u00e4den zu pl\u00fcndern, Polizeiwachen anzugreifen. Um so etwas an diesem Quatorze Juillet zu verhindern, sind 11.000 Mann Polizei im Einsatz.<\/p>\n<p class=\"id-StoryElement-paragraph\">Macron ignoriert die Krawalle elegant, aber der Rest der Nation vermag das nicht. Fatalismus breite sich aus: Der <a href=\"https:\/\/www.fr.de\/politik\/rechtspopulisten-feiern-trotz-le-pen-urteil-doppelten-umfrage-erfolg-zr-93671020.html\" class=\"id-import-Link\" data-id-ec=\"{&quot;sht&quot;:&quot;Container&quot;,&quot;shn&quot;:&quot;Story&quot;,&quot;p&quot;:{&quot;containerType&quot;:&quot;Paragraph&quot;,&quot;displayType&quot;:&quot;Paragraph InlineLink&quot;,&quot;type&quot;:&quot;INLINE_LINK&quot;,&quot;value&quot;:&quot;Wahlsieg von Marine Le Pen oder ihrem Sekundanten Jordan Bardella&quot;,&quot;variant&quot;:&quot;standardLink&quot;,&quot;sponsored&quot;:false,&quot;linkHref&quot;:&quot;https:\/\/www.fr.de\/politik\/rechtspopulisten-feiern-trotz-le-pen-urteil-doppelten-umfrage-erfolg-zr-93671020.html&quot;,&quot;storyElementPosition&quot;:19,&quot;storyElementCount&quot;:30}}\" rel=\"nofollow noopener\" target=\"_blank\">Wahlsieg von Marine Le Pen oder ihrem Sekundanten Jordan Bardella<\/a> bei den Pr\u00e4sidentschaftswahlen 2027 sei ohnehin nicht zu verhindern, besagen Umfragen. Die Beliebtheitswerte des Staatschefs sind auf 20 Prozent gesunken. Schlagzeilen machte er nur noch mit einer \u201eOhrfeige\u201c \u2013 in Wahrheit wohl eher ein Stubser \u2013 durch seine <a href=\"https:\/\/www.fr.de\/politik\/macron-ohrfeige-aufregung-um-szene-mit-ehefrau-elysee-mit-kurioser-erklaerung-93753933.html\" class=\"id-import-Link\" data-id-ec=\"{&quot;sht&quot;:&quot;Container&quot;,&quot;shn&quot;:&quot;Story&quot;,&quot;p&quot;:{&quot;containerType&quot;:&quot;Paragraph&quot;,&quot;displayType&quot;:&quot;Paragraph InlineLink&quot;,&quot;type&quot;:&quot;INLINE_LINK&quot;,&quot;value&quot;:&quot;Frau Brigitte, als ihr Flugzeug in Vietnam gelandet war&quot;,&quot;variant&quot;:&quot;standardLink&quot;,&quot;sponsored&quot;:false,&quot;linkHref&quot;:&quot;https:\/\/www.fr.de\/politik\/macron-ohrfeige-aufregung-um-szene-mit-ehefrau-elysee-mit-kurioser-erklaerung-93753933.html&quot;,&quot;storyElementPosition&quot;:19,&quot;storyElementCount&quot;:30}}\" rel=\"nofollow noopener\" target=\"_blank\">Frau Brigitte, als ihr Flugzeug in Vietnam gelandet war<\/a>. Und mit einem von rechten Propagandisten erfundenen S\u00e4ckchen Kokain im Zug nach Kiew.<\/p>\n<p>Emmanuel Macron: Frankreichs Staatschef denkt in gr\u00f6\u00dferen Dimensionen<\/p>\n<p class=\"id-StoryElement-paragraph\">Es hat aber gereicht, auch die letzte Dom\u00e4ne, in der Macron brilliert, zu besch\u00e4digen: Weltpolitik. Im Nahen und Mittleren Osten, wo Frankreich fr\u00fcher dank des Protektorats Libanon Gewicht besa\u00df, wird Le Pr\u00e9sident nicht mehr um seine Meinung gefragt. Im Krieg in der Ukraine erniedrigte er sich vor zehn Tagen, als er <a href=\"https:\/\/www.fr.de\/politik\/wladimir-putin-per42970\/\" target=\"_blank\" class=\"id-import-Link\" data-id-ec=\"{&quot;sht&quot;:&quot;Container&quot;,&quot;shn&quot;:&quot;Story&quot;,&quot;p&quot;:{&quot;containerType&quot;:&quot;Paragraph&quot;,&quot;displayType&quot;:&quot;Paragraph InlineLink&quot;,&quot;type&quot;:&quot;INLINE_LINK&quot;,&quot;value&quot;:&quot;Wladimir Putin&quot;,&quot;variant&quot;:&quot;standardLink&quot;,&quot;sponsored&quot;:false,&quot;linkHref&quot;:&quot;https:\/\/www.fr.de\/politik\/wladimir-putin-per42970\/&quot;,&quot;storyElementPosition&quot;:22,&quot;storyElementCount&quot;:30}}\" rel=\"nofollow noopener\">Wladimir Putin<\/a> anrief und ein \u201eNjet\u201c nach dem anderen erntete. Auch der \u201eBuddy\u201c Trump nimmt den Franzosen nicht mehr sehr ernst. \u201eEr liegt st\u00e4ndig daneben\u201c, spottete der Amerikaner nach seiner Abreise vom j\u00fcngsten G7-Gipfel. \u201eEr hat keine Ahnung.\u201c<\/p>\n<p class=\"id-StoryElement-paragraph\">An Macron prallt alles ab. Umfragetief, Wahlfiasko, Krawalle, Staatsschuld oder Trumps Spott: Solche Widrigkeiten nimmt er nicht ernst oder nicht wahr. Macron glaubt weiter an sich. Vor einer Woche trat er \u00fcberraschend bei einem Treffen seiner Parteijugend auf die B\u00fchne und appellierte mit Furor: \u201eIch brauche euch f\u00fcr zwei Jahre, f\u00fcr f\u00fcnf Jahre, f\u00fcr zehn Jahre!\u201c. <\/p>\n<p class=\"id-StoryElement-paragraph\">Viele glaubten sich verh\u00f6rt zu haben, doch mitnichten: Der Pr\u00e4sident braucht die \u201ejeunes avec Macron\u201c (die Jungen mit Macron) f\u00fcr die letzten zwei Jahre seiner Amtszeit, und dann f\u00fcr ein weiteres F\u00fcnf-Jahre-Mandat, wenn nicht f\u00fcr noch eins. \u201eMacron Pr\u00e9sident!\u201c, skandierten sie in dem Pariser Zirkus wie einst, als Macron noch ein Zampano der Politik gewesen war. <\/p>\n<p>Frankreich: Pr\u00e4sident oder Pr\u00e4sidentin darf keine drei Amtszeiten hintereinander regieren<\/p>\n<p class=\"id-StoryElement-paragraph\">Mit der Perspektive von zwei, f\u00fcnf oder zehn Jahren bedeutet Macron Freund wie Feind, dass er \u00fcber die Misstrauensvoten, Regierungswechsel und Amtsenthebungsversuche im Parlament erhaben ist. Lieber denkt er dar\u00fcber nach, ein \u201ePutin-Szenario\u201c nachzuspielen. Die franz\u00f6sische Verfassung untersagt wie fr\u00fcher die russische mehr als zwei Pr\u00e4sidentschaftsmandate in Serie. Putin hatte deshalb 2008 seinen Strohmann Dmitri Medwedew f\u00fcr ein vierj\u00e4hriges Interregnum im Kreml platziert, wo er dann 2012 wieder einzog. <\/p>\n<p class=\"id-StoryElement-paragraph\">Macron k\u00f6nnte einen Getreuen wie Gabriel Attal unterst\u00fctzen und dann 2032 selbst wieder ans Ruder. Dann w\u00e4re er erst 54 \u2013 jung genug f\u00fcr weitere zehn Jahre im \u00c9lys\u00e9e. Aber macht er die Rechnung nicht ohne den Wirt, das Stimmvolk? Wirklich gef\u00e4hrliche Rivalen sind nicht in Sicht, wenn man von Marine Le Pen absieht, doch sie kann vielleicht gar nicht mehr zu Wahl antreten.<\/p>\n<p class=\"id-StoryElement-paragraph\">Die Linksabgeordnete Mathilde Panot meinte zu seinen Zukunftspl\u00e4nen mit vier Mandaten: \u201eWarum nicht gleich das Imperium von Emmanuel I. errichten?\u201c. In einer j\u00fcngeren Umfrage \u00e4u\u00dferten 47 Prozent, dass sie gar nichts gegen die R\u00fcckkehr des Kaisers h\u00e4tten, um die Unordnung im Land zu bek\u00e4mpfen. Nur hatten sie nicht Macron im Sinn, sondern Napoleon I.<\/p>\n","protected":false},"excerpt":{"rendered":"Startseite Politik Stand: 13.07.2025, 19:23 Uhr Von: Stefan Br\u00e4ndle DruckenTeilen Zum franz\u00f6sischen Nationalfeiertag \u00fcberlegt Pr\u00e4sident Emmanuel Macron, wie&hellip;\n","protected":false},"author":2,"featured_media":265594,"comment_status":"","ping_status":"","sticky":false,"template":"","format":"standard","meta":{"footnotes":""},"categories":[3974],"tags":[331,332,548,663,3934,3980,156,13,14,15,12],"class_list":{"0":"post-265593","1":"post","2":"type-post","3":"status-publish","4":"format-standard","5":"has-post-thumbnail","7":"category-frankreich","8":"tag-aktuelle-nachrichten","9":"tag-aktuelle-news","10":"tag-eu","11":"tag-europa","12":"tag-europe","13":"tag-france","14":"tag-frankreich","15":"tag-headlines","16":"tag-nachrichten","17":"tag-news","18":"tag-schlagzeilen"},"share_on_mastodon":{"url":"https:\/\/pubeurope.com\/@de\/114847269802739426","error":""},"_links":{"self":[{"href":"https:\/\/www.europesays.com\/de\/wp-json\/wp\/v2\/posts\/265593","targetHints":{"allow":["GET"]}}],"collection":[{"href":"https:\/\/www.europesays.com\/de\/wp-json\/wp\/v2\/posts"}],"about":[{"href":"https:\/\/www.europesays.com\/de\/wp-json\/wp\/v2\/types\/post"}],"author":[{"embeddable":true,"href":"https:\/\/www.europesays.com\/de\/wp-json\/wp\/v2\/users\/2"}],"replies":[{"embeddable":true,"href":"https:\/\/www.europesays.com\/de\/wp-json\/wp\/v2\/comments?post=265593"}],"version-history":[{"count":0,"href":"https:\/\/www.europesays.com\/de\/wp-json\/wp\/v2\/posts\/265593\/revisions"}],"wp:featuredmedia":[{"embeddable":true,"href":"https:\/\/www.europesays.com\/de\/wp-json\/wp\/v2\/media\/265594"}],"wp:attachment":[{"href":"https:\/\/www.europesays.com\/de\/wp-json\/wp\/v2\/media?parent=265593"}],"wp:term":[{"taxonomy":"category","embeddable":true,"href":"https:\/\/www.europesays.com\/de\/wp-json\/wp\/v2\/categories?post=265593"},{"taxonomy":"post_tag","embeddable":true,"href":"https:\/\/www.europesays.com\/de\/wp-json\/wp\/v2\/tags?post=265593"}],"curies":[{"name":"wp","href":"https:\/\/api.w.org\/{rel}","templated":true}]}}