{"id":265622,"date":"2025-07-13T18:25:15","date_gmt":"2025-07-13T18:25:15","guid":{"rendered":"https:\/\/www.europesays.com\/de\/265622\/"},"modified":"2025-07-13T18:25:15","modified_gmt":"2025-07-13T18:25:15","slug":"warum-die-bremer-humboldtstrasse-bald-ihr-t-zurueck-hat","status":"publish","type":"post","link":"https:\/\/www.europesays.com\/de\/265622\/","title":{"rendered":"Warum die Bremer Humboldtstra\u00dfe bald ihr &#8222;t&#8220; zur\u00fcck hat"},"content":{"rendered":"<p class=\"article-toplinewrapper\">\n<p>Standdatum: 13. Juli 2025.<\/p>\n<p><a href=\"https:\/\/www.butenunbinnen.de\/bilder\/humboldtstrasse-100~_v-800x450_c-1752238480463.jpg\" data-gallery-entry-for=\"humboldtstrasse-bremen-schreibweisen-100\" data-size=\"1280x720\" class=\"text-link\" rel=\"nofollow noopener\" target=\"_blank\"><\/p>\n<p><img decoding=\"async\" class=\"image -image-with-fallback -image-rounded  lazyload\" src=\"data:image\/gif;base64,R0lGODlhEAAJAIAAAP\/\/\/\/\/\/\/yH5BAEKAAEALAAAAAAQAAkAAAIKjI+py+0Po5yUFQA7\"   alt=\"Humboldtstra\u00dfe in Bremen\" title=\"Bild: Radio Bremen | Verena Patel\" data-image-owner=\"Radio Bremen | Verena Patel\" data-image-title=\"Humboldtstra\u00dfe in Bremen\" data-image-src=\"https:\/\/www.butenunbinnen.de\/bilder\/humboldtstrasse-100~_v-800x450_c-1752238480463.jpg\" data-image-rights-src=\"\/bilder\/humboldtstrasse-100~_v-640x360_c-1752238480463.jpg\"\/><\/p>\n<p><\/a><\/p>\n<p>Hier soll aus der &#8222;Humboldstra\u00dfe&#8220; bald die &#8222;Humboldtstra\u00dfe&#8220; werden. <\/p>\n<p>Bild: Radio Bremen | Verena Patel<\/p>\n<p class=\"article-intro\">In der Fahrradstra\u00dfe im Bremer Viertel gibt es viele Stra\u00dfenschilder \u2013 doch einem fehlt ein Buchstabe. Warum er so wichtig ist und an wen der Name erinnert. <\/p>\n<p>Sie ist einen knappen Kilometer lang und eine beliebte Fahrradachse zwischen der Bremer Innenstadt und den Stadtteilen im Osten: die Humboldtstra\u00dfe in der \u00d6stlichen Vorstadt von Bremen. An der Ecke zur Goethestra\u00dfe allerdings ist etwas anders. Das sieht aber nur, wer aufmerksam liest: An diesem Abschnitt fehlt der Humboldtstra\u00dfe das stumme &#8222;t&#8220; im Namen. <\/p>\n<p>Wie das Amt f\u00fcr Stra\u00dfen und Verkehr auf Anfrage mitteilt, ist der Fehler bereits aufgefallen, ein neues Stra\u00dfenschild f\u00fcr die Ecke Humboldtstra\u00dfe\/Goethestra\u00dfe sei auf den Weg gebracht. Wie es zu dem Fehler gekommen ist, lasse sich in diesem Fall nicht nachvollziehen. So schnell wie m\u00f6glich soll jetzt aber ein neues Schild her. &#8222;Allerdings kann der Austausch zwei bis drei Wochen in Anspruch nehmen, je nach Schnelligkeit der Lieferung und Auftragslage unserer Vertragspartner, die das Schild montieren&#8220;, schreibt Pressesprecherin Andrea Voth. <\/p>\n<p><a href=\"https:\/\/www.butenunbinnen.de\/bilder\/humboldtstrasse-102~_v-512x288_c-1752238463634.jpg\" data-gallery-entry-for=\"humboldtstrasse-bremen-schreibweisen-100\" data-size=\"1280x720\" class=\"text-link\" rel=\"nofollow noopener\" target=\"_blank\"><\/p>\n<p><img decoding=\"async\" class=\"image -image-with-fallback -image-rounded  lazyload\" src=\"data:image\/gif;base64,R0lGODlhEAAJAIAAAP\/\/\/\/\/\/\/yH5BAEKAAEALAAAAAAQAAkAAAIKjI+py+0Po5yUFQA7\"   alt=\"Humboldtstra\u00dfe in Bremen\" title=\"Bild: Radio Bremen | Verena Patel\" data-image-owner=\"Radio Bremen | Verena Patel\" data-image-title=\"Humboldtstra\u00dfe in Bremen\" data-image-src=\"https:\/\/www.butenunbinnen.de\/bilder\/humboldtstrasse-102~_v-512x288_c-1752238463634.jpg\" data-image-rights-src=\"\/bilder\/humboldtstrasse-102~_v-640x360_c-1752238463634.jpg\"\/><\/p>\n<p><\/a><\/p>\n<p>Humboldtstra\u00dfe mit &#8222;T&#8220;: Bald soll diese richtige Schreibweise \u00fcbernommen werden.<\/p>\n<p>Bild: Radio Bremen | Verena Patel<\/p>\n<p>Die Humboldtstra\u00dfe wurde nach Angaben des Amts f\u00fcr Stra\u00dfen und Verkehr 1860 angelegt. Sie tr\u00e4gt ihren Namen zu Ehren des Naturforschers und Forschungsreisenden Alexander von Humboldt. Nach ihm ist \u2013 unabh\u00e4ngig davon \u2013 auch ein heute als Restaurant genutzter Gro\u00dfsegler an der Bremer Schlachte benannt.<\/p>\n<p>Mehr zum Thema Stra\u00dfennamen:<\/p>\n<p class=\"article-legal-agencies\"><strong>Quelle<\/strong>:<br \/>\nbuten un binnen.\n<\/p>\n<p class=\"article-legal-broadcast-reference\"><strong>Dieses Thema im Programm:<\/strong><br \/>\nbuten un binnen, 11. Juli 2025, 19:30 Uhr<\/p>\n","protected":false},"excerpt":{"rendered":"Standdatum: 13. Juli 2025. Hier soll aus der &#8222;Humboldstra\u00dfe&#8220; bald die &#8222;Humboldtstra\u00dfe&#8220; werden. Bild: Radio Bremen | Verena&hellip;\n","protected":false},"author":2,"featured_media":265623,"comment_status":"","ping_status":"","sticky":false,"template":"","format":"standard","meta":{"footnotes":""},"categories":[1824],"tags":[2420,3364,29,30,80099,80100,36153,21019],"class_list":{"0":"post-265622","1":"post","2":"type-post","3":"status-publish","4":"format-standard","5":"has-post-thumbnail","7":"category-bremen","8":"tag-bremen","9":"tag-de","10":"tag-deutschland","11":"tag-germany","12":"tag-humboldtstrasse","13":"tag-oestliche-vorstadt","14":"tag-strassenschild","15":"tag-viertel"},"share_on_mastodon":{"url":"https:\/\/pubeurope.com\/@de\/114847332817532772","error":""},"_links":{"self":[{"href":"https:\/\/www.europesays.com\/de\/wp-json\/wp\/v2\/posts\/265622","targetHints":{"allow":["GET"]}}],"collection":[{"href":"https:\/\/www.europesays.com\/de\/wp-json\/wp\/v2\/posts"}],"about":[{"href":"https:\/\/www.europesays.com\/de\/wp-json\/wp\/v2\/types\/post"}],"author":[{"embeddable":true,"href":"https:\/\/www.europesays.com\/de\/wp-json\/wp\/v2\/users\/2"}],"replies":[{"embeddable":true,"href":"https:\/\/www.europesays.com\/de\/wp-json\/wp\/v2\/comments?post=265622"}],"version-history":[{"count":0,"href":"https:\/\/www.europesays.com\/de\/wp-json\/wp\/v2\/posts\/265622\/revisions"}],"wp:featuredmedia":[{"embeddable":true,"href":"https:\/\/www.europesays.com\/de\/wp-json\/wp\/v2\/media\/265623"}],"wp:attachment":[{"href":"https:\/\/www.europesays.com\/de\/wp-json\/wp\/v2\/media?parent=265622"}],"wp:term":[{"taxonomy":"category","embeddable":true,"href":"https:\/\/www.europesays.com\/de\/wp-json\/wp\/v2\/categories?post=265622"},{"taxonomy":"post_tag","embeddable":true,"href":"https:\/\/www.europesays.com\/de\/wp-json\/wp\/v2\/tags?post=265622"}],"curies":[{"name":"wp","href":"https:\/\/api.w.org\/{rel}","templated":true}]}}