{"id":265640,"date":"2025-07-13T18:35:14","date_gmt":"2025-07-13T18:35:14","guid":{"rendered":"https:\/\/www.europesays.com\/de\/265640\/"},"modified":"2025-07-13T18:35:14","modified_gmt":"2025-07-13T18:35:14","slug":"rund-um-leonberg-und-ditzingen-die-schoensten-bilder-des-wochenendes-news","status":"publish","type":"post","link":"https:\/\/www.europesays.com\/de\/265640\/","title":{"rendered":"Rund um Leonberg und Ditzingen: Die sch\u00f6nsten Bilder des Wochenendes &#8211; News"},"content":{"rendered":"<p>\t\t\t\t\t\t\t\t\t\t\t\t\t\t\t\t\t\t\t\t\t\t\t\t\t\t\t\t\t\t\t\t\t\t\t\t   \t\t\t\t\t \t\t\t\t   \t      \t\t\t\t   <img decoding=\"async\" id=\"article-image\" fetchpriority=\"high\" alt=\"Rund um Leonberg und Ditzingen: Die sch\u00f6nsten Bilder des Wochenendes\" onclick=\"var pA=document.createElement('a');pA.setAttribute('href','https:\/\/www.esslinger-zeitung.de\/gallery.rund-um-leonberg-und-ditzingen-die-schoensten-bilder-des-wochenendes.805f3766-cd5b-4417-8bca-9d57c25d5baf.html'),pA.click();\" title=\"Rund um Leonberg und Ditzingen: Die sch\u00f6nsten Bilder des Wochenendes\" src=\"https:\/\/www.europesays.com\/de\/wp-content\/uploads\/2025\/07\/media.media.6ddd03ca-0a5d-4cb6-bfe3-c58f2cc2d05b.original700.jpg\" data-linkto=\"https:\/\/www.esslinger-zeitung.de\/gallery.rund-um-leonberg-und-ditzingen-die-schoensten-bilder-des-wochenendes.805f3766-cd5b-4417-8bca-9d57c25d5baf.html\"\/>\t\t\t\t\t\t\t\t\t\t\t\t\t\t\t\t\t\t\t\t\t\t\t\tVielerorts wurde gefeiert, wie hier in Leonberg.\u00a0Foto: Simon Granville\t\t\t<\/p>\n<p>Das hat Laune gemacht: Viele, ganz unterschiedliche Veranstaltungen rund um Leonberg und Ditzingen luden am Wochenende ein, es sich gut gehen zu lassen.<\/p>\n<p>Das hat Laune gemacht: Viele, ganz unterschiedliche Veranstaltungen rund um <a href=\"https:\/\/www.esslinger-zeitung.de\/thema\/Leonberg\" title=\"Leonberg\" class=\"art_thema\" rel=\"nofollow noopener\" target=\"_blank\">Leonberg<\/a> und <a href=\"https:\/\/www.esslinger-zeitung.de\/thema\/Ditzingen\" title=\"Ditzingen\" class=\"art_thema\" rel=\"nofollow noopener\" target=\"_blank\">Ditzingen<\/a> luden am Wochenende ein, rauszugehen, das Wetter zu genie\u00dfen \u2013 und es sich gut gehen zu lassen. Dabei war f\u00fcr jeden was dabei: DJ Robin machte mit anderen Partygr\u00f6\u00dfen von Mallorca Party in Ditzingen. F\u00fcr den Ditzinger war es ein Heimspiel, entsprechend viele feierten mit. Richtete sich diese Party ausschlie\u00dflich an Erwachsene, so feierten beim Kinder- und B\u00fcrgerfest in Leonberg alle Generationen. Die Kinder hatten ihren gro\u00dfen Auftritt im Stadtpark, die internationale Stadtgemeinschaft zauberte ein breites gastronomisches Angebot. Weniger mit Trubel denn mit Gem\u00fctlichkeit l\u00e4sst sich die Stimmung beschreiben, die den Weiler Strandsommer pr\u00e4gt: sitzen, plaudern, den Tag genie\u00dfen \u2013 das ist in der Ortsmitte nun wieder f\u00fcr eine begrenzte Zeit m\u00f6glich. Begrenzt war auch die Festdauer in <a href=\"https:\/\/www.esslinger-zeitung.de\/thema\/Sch%C3%B6ckingen\" title=\"Sch\u00f6ckingen\" class=\"art_thema\" rel=\"nofollow noopener\" target=\"_blank\">Sch\u00f6ckingen<\/a> und <a href=\"https:\/\/www.esslinger-zeitung.de\/thema\/Korntal\" title=\"Korntal\" class=\"art_thema\" rel=\"nofollow noopener\" target=\"_blank\">Korntal<\/a>: Dort wurde jeweils zwei Tage lang gefeiert \u2013 dort das traditionsreiche Sch\u00f6ckinger Dorffest, dort der Korntaler Sommer.<\/p>\n","protected":false},"excerpt":{"rendered":"Vielerorts wurde gefeiert, wie hier in Leonberg.\u00a0Foto: Simon Granville Das hat Laune gemacht: Viele, ganz unterschiedliche Veranstaltungen rund&hellip;\n","protected":false},"author":2,"featured_media":265641,"comment_status":"","ping_status":"","sticky":false,"template":"","format":"standard","meta":{"footnotes":""},"categories":[1830],"tags":[1634,3364,29,8552,72,30,80104,8553,80101,5779,80103,80102,1441,80106,80105],"class_list":{"0":"post-265640","1":"post","2":"type-post","3":"status-publish","4":"format-standard","5":"has-post-thumbnail","7":"category-stuttgart","8":"tag-baden-wuerttemberg","9":"tag-de","10":"tag-deutschland","11":"tag-ditzingen","12":"tag-fotos","13":"tag-germany","14":"tag-kinder-und-buergerfest","15":"tag-korntal-muenchingen","16":"tag-korntaler-sommer","17":"tag-leonberg","18":"tag-mallorca-sommer-festival","19":"tag-schoeckinger-dorffest","20":"tag-stuttgart","21":"tag-weil-der-stadt","22":"tag-weiler-strandsommer"},"share_on_mastodon":{"url":"https:\/\/pubeurope.com\/@de\/114847372331229898","error":""},"_links":{"self":[{"href":"https:\/\/www.europesays.com\/de\/wp-json\/wp\/v2\/posts\/265640","targetHints":{"allow":["GET"]}}],"collection":[{"href":"https:\/\/www.europesays.com\/de\/wp-json\/wp\/v2\/posts"}],"about":[{"href":"https:\/\/www.europesays.com\/de\/wp-json\/wp\/v2\/types\/post"}],"author":[{"embeddable":true,"href":"https:\/\/www.europesays.com\/de\/wp-json\/wp\/v2\/users\/2"}],"replies":[{"embeddable":true,"href":"https:\/\/www.europesays.com\/de\/wp-json\/wp\/v2\/comments?post=265640"}],"version-history":[{"count":0,"href":"https:\/\/www.europesays.com\/de\/wp-json\/wp\/v2\/posts\/265640\/revisions"}],"wp:featuredmedia":[{"embeddable":true,"href":"https:\/\/www.europesays.com\/de\/wp-json\/wp\/v2\/media\/265641"}],"wp:attachment":[{"href":"https:\/\/www.europesays.com\/de\/wp-json\/wp\/v2\/media?parent=265640"}],"wp:term":[{"taxonomy":"category","embeddable":true,"href":"https:\/\/www.europesays.com\/de\/wp-json\/wp\/v2\/categories?post=265640"},{"taxonomy":"post_tag","embeddable":true,"href":"https:\/\/www.europesays.com\/de\/wp-json\/wp\/v2\/tags?post=265640"}],"curies":[{"name":"wp","href":"https:\/\/api.w.org\/{rel}","templated":true}]}}