{"id":265675,"date":"2025-07-13T18:53:09","date_gmt":"2025-07-13T18:53:09","guid":{"rendered":"https:\/\/www.europesays.com\/de\/265675\/"},"modified":"2025-07-13T18:53:09","modified_gmt":"2025-07-13T18:53:09","slug":"nora-osagiobares-debuetroman-daily-soap-koma-triebe-liebe-mord-kultur","status":"publish","type":"post","link":"https:\/\/www.europesays.com\/de\/265675\/","title":{"rendered":"Nora Osagiobares Deb\u00fctroman &#8222;Daily Soap&#8220;: Koma, Triebe, Liebe, Mord &#8211; Kultur"},"content":{"rendered":"<p data-manual=\"teaserText\" data-schema-org-speakable=\"true\">Wenn alles gleichzeitig passiert und noch viel mehr, ist es eine Daily Soap. Nora Osagiobare hat unter diesem Titel ihren Deb\u00fctroman geschrieben. Und sch\u00f6pft ihr ganzes witziges und kritisches Potenzial aus.<\/p>\n<p data-manual=\"paragraph\" data-schema-org-speakable=\"true\" class=\"css-4bdi0k\">Das ganze Chaos des Lebens ereignet sich in einem einzigen Zimmer einer Z\u00fcricher Privatklinik: Gleich drei Figuren aus Nora Osagiobares Deb\u00fctroman \u201eDaily Soap\u201c werden hier nacheinander behandelt. Ein K\u00fcnstler erwacht aus dem Koma und kann sich an nichts mehr erinnern. Eine Unternehmerin erholt sich von zwei Schw\u00e4cheanf\u00e4llen. Und Toni, die zentrale Figur der Geschichte, erf\u00e4hrt den Grund f\u00fcr ihre chronischen Kopfschmerzen. Wie den Cast einer dieser endlosen Fernsehserien baut Osagiobare die komplizierte Patchworkfamilie auf, von der sie erz\u00e4hlt. Mit viel schwarzem Humor schafft sie einen Text, der sich aller Mittel der Vorabendserie bedient \u2013 und genau darin die Gegenwart spiegelt.<\/p>\n","protected":false},"excerpt":{"rendered":"Wenn alles gleichzeitig passiert und noch viel mehr, ist es eine Daily Soap. Nora Osagiobare hat unter diesem&hellip;\n","protected":false},"author":2,"featured_media":265676,"comment_status":"","ping_status":"","sticky":false,"template":"","format":"standard","meta":{"footnotes":""},"categories":[1774],"tags":[4249,147,1784,1785,29,214,441,30,80,93,293,149,215],"class_list":{"0":"post-265675","1":"post","2":"type-post","3":"status-publish","4":"format-standard","5":"has-post-thumbnail","7":"category-buecher","8":"tag-rassismus","9":"tag-ausland","10":"tag-books","11":"tag-buecher","12":"tag-deutschland","13":"tag-entertainment","14":"tag-fernsehen","15":"tag-germany","16":"tag-kultur","17":"tag-literatur","18":"tag-schweiz","19":"tag-sueddeutsche-zeitung","20":"tag-unterhaltung"},"share_on_mastodon":{"url":"https:\/\/pubeurope.com\/@de\/114847442892312861","error":""},"_links":{"self":[{"href":"https:\/\/www.europesays.com\/de\/wp-json\/wp\/v2\/posts\/265675","targetHints":{"allow":["GET"]}}],"collection":[{"href":"https:\/\/www.europesays.com\/de\/wp-json\/wp\/v2\/posts"}],"about":[{"href":"https:\/\/www.europesays.com\/de\/wp-json\/wp\/v2\/types\/post"}],"author":[{"embeddable":true,"href":"https:\/\/www.europesays.com\/de\/wp-json\/wp\/v2\/users\/2"}],"replies":[{"embeddable":true,"href":"https:\/\/www.europesays.com\/de\/wp-json\/wp\/v2\/comments?post=265675"}],"version-history":[{"count":0,"href":"https:\/\/www.europesays.com\/de\/wp-json\/wp\/v2\/posts\/265675\/revisions"}],"wp:featuredmedia":[{"embeddable":true,"href":"https:\/\/www.europesays.com\/de\/wp-json\/wp\/v2\/media\/265676"}],"wp:attachment":[{"href":"https:\/\/www.europesays.com\/de\/wp-json\/wp\/v2\/media?parent=265675"}],"wp:term":[{"taxonomy":"category","embeddable":true,"href":"https:\/\/www.europesays.com\/de\/wp-json\/wp\/v2\/categories?post=265675"},{"taxonomy":"post_tag","embeddable":true,"href":"https:\/\/www.europesays.com\/de\/wp-json\/wp\/v2\/tags?post=265675"}],"curies":[{"name":"wp","href":"https:\/\/api.w.org\/{rel}","templated":true}]}}