{"id":265712,"date":"2025-07-13T19:13:11","date_gmt":"2025-07-13T19:13:11","guid":{"rendered":"https:\/\/www.europesays.com\/de\/265712\/"},"modified":"2025-07-13T19:13:11","modified_gmt":"2025-07-13T19:13:11","slug":"augsburger-uniklinikum-geht-neue-wege-bei-wirbelsaeuleneingriffen","status":"publish","type":"post","link":"https:\/\/www.europesays.com\/de\/265712\/","title":{"rendered":"Augsburger Uniklinikum geht neue Wege bei Wirbels\u00e4uleneingriffen"},"content":{"rendered":"<p><strong>Ein Fast-Track-Verfahren soll Patientinnen und Patienten der Augsburger Uniklinik individuell in Behandlungen einbinden und k\u00fcrzere Krankenhausaufenthalte erm\u00f6glichen.<\/strong><\/p>\n<p>Ein Tag ohne R\u00fcckenschmerzen? F\u00fcr manche gibt es dies nicht. St\u00e4ndige Schmerzen sind die Normalit\u00e4t. Eine konservative Behandlung \u2013 Medikamente, Physiotherapie, Krankengymnastik \u2013 bringen nicht immer Verbesserungen.<\/p>\n<p>Dr. Bastian Stemmer, Oberarzt in der Klinik f\u00fcr Neurochirurgie des Uniklinikums Augsburg, operiert in solchen F\u00e4llen. Nicht nur sei die Prognose f\u00fcr eine deutliche Verbesserung der Lebensqualit\u00e4t nach der OP \u2013 unter Ber\u00fccksichtigung einiger Ma\u00dfnahmen wie eine Reha \u2013 gut, Stemmer arbeitet mit dem sogenannten Fast-Track-Verfahren, das die Augsburger Uniklinik Patientinnen und Patienten mit Eingriffen an der Wirbels\u00e4ule anbietet. <\/p>\n<p>    Patiententagebuch und Fast-Track-Assistenz<\/p>\n<p>Dies bedeutet, dass die Patienten in die pr\u00e4- und postoperative Behandlung eingebunden und fr\u00fch mobilisiert werden. Eine rasche Gehf\u00e4higkeit und Bewegungsfreiheit wiederum bedeutet, dass die Patienten schneller nach Hause in die gewohnte Umgebung entlassen werden k\u00f6nnen, was der Genesung insgesamt zugutekommt. Zum Fast-Track-Verfahren und der fr\u00fchen Einbindung geh\u00f6rt auch ein Patiententagebuch, in dem die Betroffenen etwaige Schmerzen und andere Information zum Befinden dokumentieren. An der Seite der Patienten ist bei Bedarf eine Fast-Track-Assistenz.<\/p>\n<p>Sind die Koffer zur Entlassung gepackt, gibt es zus\u00e4tzlich eine Patienteninformation mit \u00dcbungen nach einer Wirbels\u00e4ulenoperation und Verhalten im Alltag.<\/p>\n<p>    Einzige Klinik in ganz Deutschland, die das Verfahren anbietet<\/p>\n<p>Die Augsburger Klinik f\u00fcr Neurochirurgie sei die einzige universit\u00e4re Klinik f\u00fcr Neurochirurgie in ganz Deutschland, die das Fast-Track-Verfahren in der Wirbels\u00e4ulenchirurgie und damit ein \u201eauf die Patientin, den Patienten ma\u00dfgeschneidertes individuelles Therapiekonzept anbietet\u201c, berichtet das Universit\u00e4tsklinikum Augsburg.<\/p>\n<p>Die Klinik f\u00fcr Neurochirurgie, seit Anfang 2024 unter neuer Leitung von Professorin Dorothee Mielke, habe es sich zum Ziel gesetzt, Patientinnen und Patienten st\u00e4rker in alle Entscheidungsprozesse einzubinden, um gemeinsam die bestm\u00f6glichen Behandlungsergebnisse zu erzielen. Man setze auf eine individuelle Versorgung. \u201eUnser Ziel ist es, Patientinnen und Patienten aktiv in ihre Behandlung einzubeziehen, ihre \u00c4ngste und W\u00fcnsche zu ber\u00fccksichtigen und die Abl\u00e4ufe in der Klinik transparent und strukturiert zu kommunizieren\u201c, sagt Mielke.<\/p>\n<p style=\"text-align:right;\">AZ<\/p>\n","protected":false},"excerpt":{"rendered":"Ein Fast-Track-Verfahren soll Patientinnen und Patienten der Augsburger Uniklinik individuell in Behandlungen einbinden und k\u00fcrzere Krankenhausaufenthalte erm\u00f6glichen. Ein&hellip;\n","protected":false},"author":2,"featured_media":265713,"comment_status":"","ping_status":"","sticky":false,"template":"","format":"standard","meta":{"footnotes":""},"categories":[1846],"tags":[680,772,3364,29,548,663,3934,30,141,13,14,15,12],"class_list":{"0":"post-265712","1":"post","2":"type-post","3":"status-publish","4":"format-standard","5":"has-post-thumbnail","7":"category-augsburg","8":"tag-augsburg","9":"tag-bayern","10":"tag-de","11":"tag-deutschland","12":"tag-eu","13":"tag-europa","14":"tag-europe","15":"tag-germany","16":"tag-gesundheit","17":"tag-headlines","18":"tag-nachrichten","19":"tag-news","20":"tag-schlagzeilen"},"share_on_mastodon":{"url":"https:\/\/pubeurope.com\/@de\/114847521561736178","error":""},"_links":{"self":[{"href":"https:\/\/www.europesays.com\/de\/wp-json\/wp\/v2\/posts\/265712","targetHints":{"allow":["GET"]}}],"collection":[{"href":"https:\/\/www.europesays.com\/de\/wp-json\/wp\/v2\/posts"}],"about":[{"href":"https:\/\/www.europesays.com\/de\/wp-json\/wp\/v2\/types\/post"}],"author":[{"embeddable":true,"href":"https:\/\/www.europesays.com\/de\/wp-json\/wp\/v2\/users\/2"}],"replies":[{"embeddable":true,"href":"https:\/\/www.europesays.com\/de\/wp-json\/wp\/v2\/comments?post=265712"}],"version-history":[{"count":0,"href":"https:\/\/www.europesays.com\/de\/wp-json\/wp\/v2\/posts\/265712\/revisions"}],"wp:featuredmedia":[{"embeddable":true,"href":"https:\/\/www.europesays.com\/de\/wp-json\/wp\/v2\/media\/265713"}],"wp:attachment":[{"href":"https:\/\/www.europesays.com\/de\/wp-json\/wp\/v2\/media?parent=265712"}],"wp:term":[{"taxonomy":"category","embeddable":true,"href":"https:\/\/www.europesays.com\/de\/wp-json\/wp\/v2\/categories?post=265712"},{"taxonomy":"post_tag","embeddable":true,"href":"https:\/\/www.europesays.com\/de\/wp-json\/wp\/v2\/tags?post=265712"}],"curies":[{"name":"wp","href":"https:\/\/api.w.org\/{rel}","templated":true}]}}