{"id":265714,"date":"2025-07-13T19:14:27","date_gmt":"2025-07-13T19:14:27","guid":{"rendered":"https:\/\/www.europesays.com\/de\/265714\/"},"modified":"2025-07-13T19:14:27","modified_gmt":"2025-07-13T19:14:27","slug":"die-etwas-andere-stadtfuehrung-2-0-ludwigshafen-mannheim","status":"publish","type":"post","link":"https:\/\/www.europesays.com\/de\/265714\/","title":{"rendered":"Die etwas andere Stadtf\u00fchrung 2.0 &#8211; Ludwigshafen \/ Mannheim"},"content":{"rendered":"<p class=\"rhp-dpa-teaser\"><b>Ungew\u00f6hnliche Stadtf\u00fchrungen sind das Ding von Helmut van der Buchholz. Die n\u00e4chste f\u00fchrt von Ludwigshafen nach Mannheim. Motto: \u201eNebenan isses auch nicht besser 2.0\u201c.<\/b><\/p>\n<p>Zu seiner vierten Stadtf\u00fchrung in diesem Jahr  l\u00e4dt <a href=\"https:\/\/www.rheinpfalz.de\/lokal\/ludwigshafen_artikel,-verliert-ludwigshafen-den-humor-streit-um-ugliest-city-tours-nach-tv-satire-_arid,5640489.html\" target=\"_blank\" class=\"external-link-new-window\" title=\"\" rel=\"noopener\">Helmut van der Buchholz (65)<\/a> f\u00fcr  Montag, 21. Juli, ein. Motto:  \u201eNebenan isses auch nicht besser 2.0\u201c. Daf\u00fcr geht es von <a class=\"rtr-entity\" data-rtr-entity=\"Ludwigshafen\" data-rtr-id=\"26b4406521e36b503c690e53e1b9dec3bdb26dfe\" data-rtr-score=\"128.04344262295083\" data-rtr-etype=\"location\" data-rtr-index=\"2\" href=\"https:\/\/www.rheinpfalz.de\/lokal\/ludwigshafen.html?utm_source=rheinpfalz.de&amp;utm_medium=tms&amp;utm_campaign=intext\" target=\"_blank\" rel=\"noopener\">Ludwigshafen<\/a> mit dem Fahrrad nach <a class=\"rtr-entity\" data-rtr-entity=\"Mannheim\" data-rtr-id=\"8e39f98d121d00ffdaf4f78a2ae2e7dea2653ba7\" data-rtr-score=\"125.91147540983606\" data-rtr-etype=\"location\" data-rtr-index=\"7\" href=\"https:\/\/www.rheinpfalz.de\/lokal\/mannheim.html?utm_source=rheinpfalz.de&amp;utm_medium=tms&amp;utm_campaign=intext\" target=\"_blank\" rel=\"noopener\">Mannheim<\/a>. Start ist um 18  Uhr am Kunstwerk \u201eConversation II\u201c von  US-Bildhauer George Warren Rickey auf  dem Berliner Platz. <\/p>\n<p>Bei nahezu jeder Ausgabe der  \u201eGermany\u2019s Ugliest City Tours\u201c wurde darauf hingewiesen, dass sich dieses Prinzip auf nahezu jede Gro\u00dfstadt anwenden lasse, hei\u00dft es in der Ank\u00fcndigung. Deshalb gab es bereits im Juli 2024 einen  Ausflug  \u00fcber den Fluss  nach Mannheim \u2013  um zu erforschen, ob es auch auf der rechten Rheinseite Dinge gibt, \u201edie nicht nur Glanz und Glamour verbreiten\u201c. <\/p>\n<p><img decoding=\"async\" loading=\"lazy\" src=\"https:\/\/www.europesays.com\/de\/wp-content\/uploads\/2025\/07\/6795090_2_articledetail_tour.webp.webp\" alt=\"Lebt seit den 1960er-Jahren in Ludwigshafen: Helmut van der Buchholz. \" title=\"Lebt seit den 1960er-Jahren in Ludwigshafen: Helmut van der Buchholz. \" width=\"753\" height=\"502\" class=\"nfy-mobile-first\"\/> Lebt seit den 1960er-Jahren in Ludwigshafen: Helmut van der Buchholz.Foto: privat<\/p>\n<p>Schon damals habe sich herausgestellt:  \u201eAuch Mannheim hat nicht nur niedliche Sch\u00f6nheiten vorzuzeigen, sondern hat wie Ludwigshafen eine lange Tradition als Industriestadt\u201c, so van der <a class=\"rtr-entity\" data-rtr-entity=\"Buchholz\" data-rtr-id=\"ad48b4aa6262794a873e5448fb8d58ed544eca28\" data-rtr-score=\"33.75092213114754\" data-rtr-etype=\"location\" data-rtr-index=\"11\" href=\"https:\/\/www.rheinpfalz.de\/themen\/buchholz?utm_source=rheinpfalz.de&amp;utm_medium=tms&amp;utm_campaign=intext\" target=\"_blank\" rel=\"noopener\">Buchholz<\/a>. Jenseits der Hochglanzfassaden aus Planken, Schloss und Wasserturm gebe es auch hier Bauwerke und Pl\u00e4tze, \u201edie manche gerne kleinreden w\u00fcrden, um den Blick wieder auf den Hochglanz zu lenken\u201c. In den Quadraten, im Jungbusch oder im Hafengebiet m\u00fcsse man sicher nicht lange suchen, um auch in Mannheim f\u00fcndig zu werden, denn fragw\u00fcrdiger Geschmack kenne keine Landesgrenzen. \u201eUnd wer wei\u00df, vielleicht ist der eine oder die andere am Ende ganz froh, wieder in Ludwigshafen zu sein\u201c, mutma\u00dft der K\u00fcnstler vom Buero f\u00fcr angewandten Realismus. <\/p>\n<p>\u201eAnschlie\u00dfende Einkehr m\u00f6glich\u201c<\/p>\n<p>Die kostenfreie Tour sei  auf  zwei Stunden ausgelegt und finde bei (fast) jeder Witterung statt. \u201eEine anschlie\u00dfende Einkehr mit Raum f\u00fcr Diskussionen ist m\u00f6glich\u201c, informiert der geb\u00fcrtige Hannoveraner. Er lebt seit Anfang der 1960er-Jahre in Ludwigshafen, hat einen Gesellenbrief als Bildhauer,  ein Diplom f\u00fcr Architektur und St\u00e4dtebau und ist Sachverst\u00e4ndiger f\u00fcr Brandschutz.  Seit 2018 f\u00fchrt er  Gruppen mit seinen etwas anderen Touren durch die erweiterte City.<\/p>\n<p>Eine Anmeldung zu den Touren sei  nicht erforderlich, aber m\u00f6glich: per E-Mail an  <a href=\"https:\/\/www.rheinpfalz.de\/lokal\/mailto:helmut@helmutvan.de\" target=\"_blank\" class=\"external-link-new-window\" title=\"\" rel=\"noopener\">helmut@helmutvan.de<\/a>.<\/p>\n","protected":false},"excerpt":{"rendered":"Ungew\u00f6hnliche Stadtf\u00fchrungen sind das Ding von Helmut van der Buchholz. Die n\u00e4chste f\u00fchrt von Ludwigshafen nach Mannheim. Motto:&hellip;\n","protected":false},"author":2,"featured_media":265715,"comment_status":"","ping_status":"","sticky":false,"template":"","format":"standard","meta":{"footnotes":""},"categories":[1845],"tags":[1634,26112,3364,29,548,663,3934,30,80116,13,4060,25476,2096,14,15,12,56954,80115],"class_list":{"0":"post-265714","1":"post","2":"type-post","3":"status-publish","4":"format-standard","5":"has-post-thumbnail","7":"category-mannheim","8":"tag-baden-wuerttemberg","9":"tag-buchholz","10":"tag-de","11":"tag-deutschland","12":"tag-eu","13":"tag-europa","14":"tag-europe","15":"tag-germany","16":"tag-germanys-ugliest-city","17":"tag-headlines","18":"tag-lokal","19":"tag-ludwigshafen","20":"tag-mannheim","21":"tag-nachrichten","22":"tag-news","23":"tag-schlagzeilen","24":"tag-tours","25":"tag-warren-rickey"},"share_on_mastodon":{"url":"https:\/\/pubeurope.com\/@de\/114847525410622755","error":""},"_links":{"self":[{"href":"https:\/\/www.europesays.com\/de\/wp-json\/wp\/v2\/posts\/265714","targetHints":{"allow":["GET"]}}],"collection":[{"href":"https:\/\/www.europesays.com\/de\/wp-json\/wp\/v2\/posts"}],"about":[{"href":"https:\/\/www.europesays.com\/de\/wp-json\/wp\/v2\/types\/post"}],"author":[{"embeddable":true,"href":"https:\/\/www.europesays.com\/de\/wp-json\/wp\/v2\/users\/2"}],"replies":[{"embeddable":true,"href":"https:\/\/www.europesays.com\/de\/wp-json\/wp\/v2\/comments?post=265714"}],"version-history":[{"count":0,"href":"https:\/\/www.europesays.com\/de\/wp-json\/wp\/v2\/posts\/265714\/revisions"}],"wp:featuredmedia":[{"embeddable":true,"href":"https:\/\/www.europesays.com\/de\/wp-json\/wp\/v2\/media\/265715"}],"wp:attachment":[{"href":"https:\/\/www.europesays.com\/de\/wp-json\/wp\/v2\/media?parent=265714"}],"wp:term":[{"taxonomy":"category","embeddable":true,"href":"https:\/\/www.europesays.com\/de\/wp-json\/wp\/v2\/categories?post=265714"},{"taxonomy":"post_tag","embeddable":true,"href":"https:\/\/www.europesays.com\/de\/wp-json\/wp\/v2\/tags?post=265714"}],"curies":[{"name":"wp","href":"https:\/\/api.w.org\/{rel}","templated":true}]}}