{"id":265731,"date":"2025-07-13T19:27:37","date_gmt":"2025-07-13T19:27:37","guid":{"rendered":"https:\/\/www.europesays.com\/de\/265731\/"},"modified":"2025-07-13T19:27:37","modified_gmt":"2025-07-13T19:27:37","slug":"pol-bo-e-scooter-fahrerin-25-bei-unfallflucht-leicht-verletzt-polizei-sucht","status":"publish","type":"post","link":"https:\/\/www.europesays.com\/de\/265731\/","title":{"rendered":"POL-BO: E-Scooter-Fahrerin (25) bei Unfallflucht leicht verletzt: Polizei sucht &#8230;"},"content":{"rendered":"<p class=\"date\">11.07.2025 \u2013 11:29<\/p>\n<p class=\"customer\">\n                        <a class=\"story-customer\" title=\"weiter zum newsroom von Polizei Bochum\" href=\"https:\/\/www.presseportal.de\/blaulicht\/nr\/11530\" rel=\"nofollow noopener\" target=\"_blank\">Polizei Bochum<\/a>\n                    <\/p>\n<p><a data-category=\"citylink-story-view\" data-action=\"click\" data-label=\"Citylink in Meldungsansicht\" class=\"story-city event-trigger\" href=\"https:\/\/www.presseportal.de\/regional\/Bochum\" title=\"News aus Bochum \" rel=\"nofollow noopener\" target=\"_blank\">Bochum<\/a> (ots)<\/p>\n<p>Am Donnerstagabend, 10. Juli, kam es in Bochum zu einem Verkehrsunfall zwischen einem Pkw und einer E-Scooter-Fahrerin (25). Die Frau erlitt leichte Verletzungen, der noch unbekannte Autofahrer und sein Beifahrer fl\u00fcchteten. Es werden Zeugen gesucht.<\/p>\n<p>Gegen 18 Uhr war die 25-j\u00e4hrige Bochumerin mit einem E-Scooter auf einem Gehweg der Wittener Stra\u00dfe stadteinw\u00e4rts unterwegs. An der Kreuzung zum Steinring \u00fcberquerte die Frau an einer Gr\u00fcnlicht anzeigenden Ampel die Fahrbahn. Hierbei kam es zur Kollision mit einem Pkw, der vom Steinring kommend nach rechts auf die Wittener Stra\u00dfe abbiegen wollte. Die Bochumerin st\u00fcrzte und erlitt leichte Verletzungen.<\/p>\n<p>Zeugenangaben zufolge hielt das am Unfall beteiligte Fahrzeug &#8211; ein schwarzer Audi Q3 &#8211; kurz an und der Fahrer sowie dessen Beifahrer stiegen aus und schauten in Richtung der Verletzten. Anschlie\u00dfend stiegen sie wieder ein und fuhren davon, ohne sich um die Frau oder eine Unfallaufnahme zu k\u00fcmmern.<\/p>\n<p>Die 25-J\u00e4hrige kam mit einem Rettungswagen ins Krankenhaus, wo sie ambulant behandelt wurde.<\/p>\n<p>Der Fahrer des schwarzen Wagens wird beschrieben als m\u00e4nnlich, etwas j\u00fcnger als sein Beifahrer und mit Glatze.<\/p>\n<p>Der Beifahrer sei ebenfalls m\u00e4nnlich, etwa 50 Jahre alt und habe kurze braune Haare. Er habe ein pinkes Oberteil, eine kurze Jeanshose und gr\u00fcne Schuhe getragen.<\/p>\n<p>Das Verkehrskommissariat hat die Ermittlungen aufgenommen und bittet den Fahrer und den Beifahrer des beteiligten Autos sowie weitere Zeugen, sich unter der Rufnummer 0234 909-5206 zu melden.<\/p>\n<p class=\"contact-headline\">R\u00fcckfragen bitte an:<\/p>\n<p class=\"contact-text\">Polizei Bochum<br \/>Gianna Isabella Kruck<br \/>Telefon: 0234 909-1022<br \/>E-Mail: <a href=\"https:\/\/www.presseportal.de\/blaulicht\/pm\/11530\/mailto: pressestelle.bochum@polizei.nrw.de\" class=\"uri-mailto\" rel=\"nofollow noopener\" target=\"_blank\"> pressestelle.bochum@polizei.nrw.de<\/a><br \/><a target=\"_blank\" class=\"uri-ext outbound\" rel=\"noopener nofollow\" href=\"https:\/\/bochum.polizei.nrw\/\">https:\/\/bochum.polizei.nrw\/<\/a><\/p>\n<p class=\"originator\">Original-Content von: Polizei Bochum, \u00fcbermittelt durch news aktuell<\/p>\n","protected":false},"excerpt":{"rendered":"11.07.2025 \u2013 11:29 Polizei Bochum Bochum (ots) Am Donnerstagabend, 10. Juli, kam es in Bochum zu einem Verkehrsunfall&hellip;\n","protected":false},"author":2,"featured_media":108,"comment_status":"","ping_status":"","sticky":false,"template":"","format":"standard","meta":{"footnotes":""},"categories":[1839],"tags":[7507,3364,29,30,177,1209,176,121,178,180,179,181],"class_list":{"0":"post-265731","1":"post","2":"type-post","3":"status-publish","4":"format-standard","5":"has-post-thumbnail","7":"category-bochum","8":"tag-bochum","9":"tag-de","10":"tag-deutschland","11":"tag-germany","12":"tag-kriminalitt","13":"tag-nordrhein-westfalen","14":"tag-nrw","15":"tag-polizei","16":"tag-presse","17":"tag-pressemeldung","18":"tag-pressemitteilung","19":"tag-pressemitteilungen"},"share_on_mastodon":{"url":"https:\/\/pubeurope.com\/@de\/114847576724947937","error":""},"_links":{"self":[{"href":"https:\/\/www.europesays.com\/de\/wp-json\/wp\/v2\/posts\/265731","targetHints":{"allow":["GET"]}}],"collection":[{"href":"https:\/\/www.europesays.com\/de\/wp-json\/wp\/v2\/posts"}],"about":[{"href":"https:\/\/www.europesays.com\/de\/wp-json\/wp\/v2\/types\/post"}],"author":[{"embeddable":true,"href":"https:\/\/www.europesays.com\/de\/wp-json\/wp\/v2\/users\/2"}],"replies":[{"embeddable":true,"href":"https:\/\/www.europesays.com\/de\/wp-json\/wp\/v2\/comments?post=265731"}],"version-history":[{"count":0,"href":"https:\/\/www.europesays.com\/de\/wp-json\/wp\/v2\/posts\/265731\/revisions"}],"wp:featuredmedia":[{"embeddable":true,"href":"https:\/\/www.europesays.com\/de\/wp-json\/wp\/v2\/media\/108"}],"wp:attachment":[{"href":"https:\/\/www.europesays.com\/de\/wp-json\/wp\/v2\/media?parent=265731"}],"wp:term":[{"taxonomy":"category","embeddable":true,"href":"https:\/\/www.europesays.com\/de\/wp-json\/wp\/v2\/categories?post=265731"},{"taxonomy":"post_tag","embeddable":true,"href":"https:\/\/www.europesays.com\/de\/wp-json\/wp\/v2\/tags?post=265731"}],"curies":[{"name":"wp","href":"https:\/\/api.w.org\/{rel}","templated":true}]}}