{"id":265761,"date":"2025-07-13T19:45:24","date_gmt":"2025-07-13T19:45:24","guid":{"rendered":"https:\/\/www.europesays.com\/de\/265761\/"},"modified":"2025-07-13T19:45:24","modified_gmt":"2025-07-13T19:45:24","slug":"800-000-menschen-besuchen-schuetzenfest-in-hannover","status":"publish","type":"post","link":"https:\/\/www.europesays.com\/de\/265761\/","title":{"rendered":"800.000 Menschen besuchen Sch\u00fctzenfest in Hannover"},"content":{"rendered":"<p>        <img decoding=\"async\" src=\"https:\/\/www.europesays.com\/de\/wp-content\/uploads\/2025\/07\/schuetzenfest-110.webp\" alt=\"Ein Fahrgesch\u00e4ft auf dem Sch\u00fctzenfest in Hannover.\" title=\"Ein Fahrgesch\u00e4ft auf dem Sch\u00fctzenfest in Hannover. | Hannoversches Sch\u00fctzenfest e. V., Ole Spata\" class=\"responsive\"\/><\/p>\n<p>\n            Stand: 13.07.2025 20:39 Uhr<\/p>\n<p class=\"preface\">Mit einem Zapfenstreich endet am Sonntagabend das 496. Sch\u00fctzenfest in Hannover. Rund 800.000 Menschen haben nach Angaben der Veranstalter das Volksfest besucht. Das sind 150.000 mehr als im Vorjahr.<\/p>\n<p class=\"\">\nAllein zum traditionellen Sch\u00fctzenausmarsch am vergangenen Sonntag kamen rund 180.000 Schaulustige, wie die Veranstalter nun mitteilten. &#8222;Wir haben ein gutes Sch\u00fctzenfest erlebt, das sp\u00fcrbar st\u00e4rker ausgefallen ist, als im vorherigen Jahr&#8220;, sagte Sch\u00fctzenpr\u00e4sident Paul-Eric Stolle. 2024 hatten nur rund 650.000 Menschen das gr\u00f6\u00dfte Sch\u00fctzenfest der Welt in Hannover besucht &#8211; wohl auch wegen des durchgehend <a href=\"https:\/\/www.ndr.de\/nachrichten\/niedersachsen\/hannover_weser-leinegebiet\/Viel-Regen-Weniger-Besucher-auf-dem-Schuetzenfest-in-Hannover,schuetzenfest1370.html\" title=\"Viel Regen: Weniger Besucher auf dem Sch\u00fctzenfest in Hannover\" target=\"_blank\" rel=\"noopener\">schlechten Wetters<\/a>. Besonders eindrucksvoll seien f\u00fcr Stolle die vollen Stra\u00dfen beim <a href=\"https:\/\/www.ndr.de\/nachrichten\/niedersachsen\/hannover_weser-leinegebiet\/schuetzenfest-hannover-schuetzenausmarsch-heute-live,schuetzenfest1404.html\" title=\"Sch\u00fctzenfest Hannover: Ausmarsch mit Musik und guter Laune\" target=\"_blank\" rel=\"noopener\">Sch\u00fctzenausmarsch<\/a> in der Innenstadt gewesen. Das habe man so seit Jahren nicht erlebt, sagte der Sch\u00fctzenpr\u00e4sident dem NDR Niedersachsen.<\/p>\n<p>    Schausteller ziehen positive Bilanz<\/p>\n<p class=\"\">\nAuch die rund 200 Schaustellerinnen und Schausteller auf dem Sch\u00fctzenplatz zogen eine positive Bilanz: Insbesondere der Tag des Ausmarsches und der Familientag am Mittwoch, an dem an allen Gesch\u00e4ften die Preise reduziert sind. seien sehr gut besucht gewesen, teilte ein Sprecher des Verbands der Markt- und Schaustellerbetriebe mit. Unter dem Strich sei es ein ordentliches Hannover Sch\u00fctzenfest 2025 gewesen, hie\u00df es.<\/p>\n<p>\n            <strong>Video:<\/strong><br \/>\n            Sch\u00fctzenfest bei Nacht: Lichtermeer in Hannover (1 Min)\n        <\/p>\n<p>    Mehr Arbeit f\u00fcr Rettungskr\u00e4fte und Notarzt<\/p>\n<p class=\"\">\nF\u00fcr die Rettungskr\u00e4fte gab es in diesem Jahr etwas mehr zu tun als in den Vorjahren. Nach Angaben des Deutschen Roten Kreuzes mussten w\u00e4hrend des zehnt\u00e4gigen Volksfestes insgesamt 145 Menschen versorgt werden &#8211; f\u00fcnf davon von einem Notarzt. Allein w\u00e4hrend des Sch\u00fctzenausmarsches mussten demnach 32 Personen in ein Krankenhaus gebracht werden. Das Sicherheitskonzept hat laut Stadt Hannover dennoch gut funktioniert. Wie bereits im Vorjahr war wieder ein &#8222;Safe-Spaces&#8220; aufgestellt worden. Au\u00dferdem war in diesem Jahr auch ein deutlich erkennbares Support-Team auf dem Festivalgel\u00e4nde unterwegs.<\/p>\n<p>        <img decoding=\"async\" src=\"https:\/\/www.europesays.com\/de\/wp-content\/uploads\/2025\/07\/schuetzenausmarsch-102.webp\" alt=\"Sch\u00fctzen laufen beim Sch\u00fctzenausmarsch in der Innenstadt.\" title=\"Sch\u00fctzen laufen beim Sch\u00fctzenausmarsch in der Innenstadt. | dpa\/Julian Stratenschulte\" class=\"responsive\" loading=\"lazy\"\/><\/p>\n<p>180.000 Menschen feierten Sch\u00fctzen, Musiker und sich selbst &#8211; und einen &#8222;Tatort&#8220;-Dreh mit Maria Furtw\u00e4ngler.<\/p>\n<p>        <img decoding=\"async\" src=\"https:\/\/www.europesays.com\/de\/wp-content\/uploads\/2025\/07\/schuetzenausmarsch-126.webp\" alt=\"Die Schauspielerin Maria Furtw\u00e4ngler geht bei Dreharbeiten f\u00fcr einen neuen fiktiven &quot;Tatort&quot; inmitten des realen Sch\u00fctzenausmarsches am Neuen Rathaus.\" title=\"Die Schauspielerin Maria Furtw\u00e4ngler geht bei Dreharbeiten f\u00fcr einen neuen fiktiven &quot;Tatort&quot; inmitten des realen Sch\u00fctzenausmarsches am Neuen Rathaus. | dpa\/Julian Stratenschulte\" class=\"responsive\" loading=\"lazy\"\/><\/p>\n<p>Der NDR dreht derzeit einen neuen Tatort mit Maria F\u00fcrtw\u00e4ngler, \u00a0Luise von Stein und Volker Bruch. Der Schauplatz: Das Sch\u00fctzenfest in Hannover.<\/p>\n<p>        <img decoding=\"async\" src=\"https:\/\/www.europesays.com\/de\/wp-content\/uploads\/2025\/07\/schuetzenfest556.webp\" alt=\"Historisches Foto vom 03.07.1955 vom Festzug beim Bundesschie\u00dfen.\" title=\"Historisches Foto vom 03.07.1955 vom Festzug beim Bundesschie\u00dfen. | HAZ-Hauschild-Archiv, Historisches Museum Hannover\" class=\"responsive\" loading=\"lazy\"\/><\/p>\n<p>Vom Schie\u00dfen auf Holz-Papageien bis zum heutigen Rummel auf dem Sch\u00fctzenplatz: Seit mindestens 496 Jahren feiert Hannover Sch\u00fctzenfest.<\/p>\n<p>        <img decoding=\"async\" src=\"https:\/\/www.europesays.com\/de\/wp-content\/uploads\/2025\/07\/schuetzenfest1390.webp\" alt=\"Teilnehmer des Sch\u00fctzenausmarsches in Hannover stehen unter einem Regenschirm.\" title=\"Teilnehmer des Sch\u00fctzenausmarsches in Hannover stehen unter einem Regenschirm. | NDR\" class=\"responsive\" loading=\"lazy\"\/><\/p>\n<p>Rund 650.000 Menschen waren es laut Stadt &#8211; nach 900.000 im vergangenen Jahr. Der Veranstalter gibt sich dennoch zufrieden.<\/p>\n<p>Dieses Thema im Programm:<\/p>\n<p>                NDR 1 Niedersachsen | Aktuell | 13.07.2025 | 17:00 Uhr<\/p>\n","protected":false},"excerpt":{"rendered":"Stand: 13.07.2025 20:39 Uhr Mit einem Zapfenstreich endet am Sonntagabend das 496. Sch\u00fctzenfest in Hannover. Rund 800.000 Menschen&hellip;\n","protected":false},"author":2,"featured_media":265762,"comment_status":"","ping_status":"","sticky":false,"template":"","format":"standard","meta":{"footnotes":""},"categories":[1836],"tags":[6151,2217,3364,29,30,46,9668,1411,4833,23079,17284,12480],"class_list":{"0":"post-265761","1":"post","2":"type-post","3":"status-publish","4":"format-standard","5":"has-post-thumbnail","7":"category-hannover","8":"tag-besucher","9":"tag-bilanz","10":"tag-de","11":"tag-deutschland","12":"tag-germany","13":"tag-hannover","14":"tag-musiker","15":"tag-niedersachsen","16":"tag-schausteller","17":"tag-schuetzenfest","18":"tag-tradition","19":"tag-volksfest"},"share_on_mastodon":{"url":"https:\/\/pubeurope.com\/@de\/114847647481242337","error":""},"_links":{"self":[{"href":"https:\/\/www.europesays.com\/de\/wp-json\/wp\/v2\/posts\/265761","targetHints":{"allow":["GET"]}}],"collection":[{"href":"https:\/\/www.europesays.com\/de\/wp-json\/wp\/v2\/posts"}],"about":[{"href":"https:\/\/www.europesays.com\/de\/wp-json\/wp\/v2\/types\/post"}],"author":[{"embeddable":true,"href":"https:\/\/www.europesays.com\/de\/wp-json\/wp\/v2\/users\/2"}],"replies":[{"embeddable":true,"href":"https:\/\/www.europesays.com\/de\/wp-json\/wp\/v2\/comments?post=265761"}],"version-history":[{"count":0,"href":"https:\/\/www.europesays.com\/de\/wp-json\/wp\/v2\/posts\/265761\/revisions"}],"wp:featuredmedia":[{"embeddable":true,"href":"https:\/\/www.europesays.com\/de\/wp-json\/wp\/v2\/media\/265762"}],"wp:attachment":[{"href":"https:\/\/www.europesays.com\/de\/wp-json\/wp\/v2\/media?parent=265761"}],"wp:term":[{"taxonomy":"category","embeddable":true,"href":"https:\/\/www.europesays.com\/de\/wp-json\/wp\/v2\/categories?post=265761"},{"taxonomy":"post_tag","embeddable":true,"href":"https:\/\/www.europesays.com\/de\/wp-json\/wp\/v2\/tags?post=265761"}],"curies":[{"name":"wp","href":"https:\/\/api.w.org\/{rel}","templated":true}]}}