{"id":26578,"date":"2025-04-12T18:05:11","date_gmt":"2025-04-12T18:05:11","guid":{"rendered":"https:\/\/www.europesays.com\/de\/26578\/"},"modified":"2025-04-12T18:05:11","modified_gmt":"2025-04-12T18:05:11","slug":"drei-kinder-verlieren-mutter-frau-in-oberhausen-ermordet-regional","status":"publish","type":"post","link":"https:\/\/www.europesays.com\/de\/26578\/","title":{"rendered":"Drei Kinder verlieren Mutter: Frau in Oberhausen ermordet | Regional"},"content":{"rendered":"<p>Oberhausen \u2013 <b>Als Mitarbeiter vom Jugendamt drei kleine Kinder zur\u00fcck zu ihrer Mutter (32) bringen wollten, \u00f6ffnete niemand. Die Beamten ahnten Schlimmes.<\/b><\/p>\n<p>Erst zwei Wochen zuvor soll es in der Wohnung im <a href=\"https:\/\/www.bild.de\/regional\/ruhrgebiet\/ruhrgebiet-regional\/home-16344468.bild.html\" class=\"text-link\" target=\"_blank\" rel=\"noopener\">Ruhrgebiet<\/a> zu einem brutalen \u00dcbergriff des Lebensgef\u00e4hrten auf die Frau gekommen sein. Deswegen waren ihre Kleinen vorl\u00e4ufig in die Obhut des <a href=\"https:\/\/www.bild.de\/themen\/organisationen\/jugendamt\/politik-nachrichten-news-fotos-videos-19445676.bild.html\" class=\"text-link\" target=\"_blank\" rel=\"noopener\">Jugendamtes<\/a> \u00fcbergeben worden. <\/p>\n<p>Kinder waren zum Schutz vor gewaltt\u00e4tigem Freund in Obhut<\/p>\n<p>Als die Kinder am Freitag wieder zu Mama sollten und niemand \u00f6ffnete, alarmierten die Beh\u00f6rden-Mitarbeiter die <a href=\"https:\/\/www.bild.de\/regional\/aktuelles\/polizei\/polizeieinsatz-alle-infos-76681760.bild.html\" class=\"text-link\" target=\"_blank\" rel=\"noopener\">Polizei<\/a>. Die \u00f6ffnete kurz darauf die Wohnung in Oberhausen-Lirich, stie\u00df im Badezimmer auf die Leiche der jungen Frau.<\/p>\n<p><img decoding=\"async\" width=\"992\" height=\"558\" alt=\"Hinter diesen Fenstern haben sich dramatische Szenen abgespielt\" src=\"https:\/\/www.europesays.com\/de\/wp-content\/uploads\/2025\/04\/c4deda9de02281dd37a3b4491b0e90c8,74037ff9\"   class=\"landscape\" loading=\"lazy\"\/><\/p>\n<p class=\"fig__caption__text\">Die Fenster der Todes-Wohnung waren f\u00fcr die Kinder mit Pl\u00fcschtieren dekoriert<\/p>\n<p>Foto: Justin Brosch &#8211; ANC-NEWS<\/p>\n<p>Nach dem Fund sicherten Kriminaltechniker bis 5 Uhr morgens Spuren in der Wohnung und im Treppenhaus. Die Obduktion in der Gerichtsmedizin best\u00e4tigte am Samstagvormittag die Vermutung, dass die Frau Opfer eines <a href=\"https:\/\/www.bild.de\/news\/aktuelles\/verbrechen\/verbrechen-alle-infos-78141902.bild.html\" class=\"text-link\" target=\"_blank\" rel=\"noopener\">Verbrechens<\/a> wurde.<\/p>\n<p>Polizei fahndet nach Lebensgef\u00e4hrten der Toten<\/p>\n<p><b>Vom Lebensgef\u00e4hrten der 32-J\u00e4hrigen fehlt seitdem jede Spur. Die Polizei stuft ihn als m\u00f6glichen Tatverd\u00e4chtigen ein, fahndet bundesweit nach ihm.<\/b><\/p>\n<p>info.Bild<\/p>\n<p>Aufgrund der bekannten h\u00e4uslichen Gewalt in der Familie wurde sofort eine Mordkommission aus <a href=\"https:\/\/www.bild.de\/regional\/essen\/home-oT8utEZvydYfTwFhRLD3\" class=\"text-link\" target=\"_blank\" rel=\"noopener\">Essen<\/a> eingesetzt, dazu \u00fcbernahm die Staatsanwaltschaft Duisburg die Ermittlungen. Nach BILD-Informationen soll der Mann dar\u00fcber hinaus erheblich vorbestraft sein.<\/p>\n<p>Nachbarin h\u00f6rte Sohn oft schreien<\/p>\n<p>Eine Nachbarin, die aus Angst vor dem mutma\u00dflichen T\u00e4ter anonym bleiben m\u00f6chte, zu BILD: \u201eZwei der Kinder sind noch sehr klein, sie sitzen beide noch im Kinderwagen. Der \u00e4lteste Junge ist gesch\u00e4tzt sechs bis sieben Jahre alt, aber schon sehr auff\u00e4llig. Er ist aggressiv und laut. Wir haben ihn oft schreien geh\u00f6rt. Heute bef\u00fcrchte ich, dass er m\u00f6glicherweise geschlagen wurde.\u201c<\/p>\n<p>Lesen Sie auch<\/p>\n<p><b>Auch das Drama vor zwei Wochen will die Nachbarin mitbekommen haben: \u201eDer Mann wurde von Polizisten in Handschellen mitgenommen, war aber am n\u00e4chsten Tag wieder da. Daf\u00fcr waren Mutter und Kinder erst einmal weg. Vor knapp einer Woche tauchte die Mutter pl\u00f6tzlich wieder auf.\u201c Und weiter: \u201eSie trug immer ein Kopftuch, sagte fast nichts und war sehr zur\u00fcckhaltend. Das ist alles tragisch, drei kleine Kinder m\u00fcssen jetzt ohne Mutter aufwachsen.\u201c<\/b><\/p>\n<p>Hinweise zum <a href=\"https:\/\/www.bild.de\/themen\/ereignisse\/mord\/nachrichten-news-fotos-videos-21394242.bild.html\" class=\"text-link\" target=\"_blank\" rel=\"noopener\">Mord<\/a> nimmt die Kripo unter 020\/18 29 0 entgegen.<\/p>\n<p>Ersch\u00fctternde Zahlen: Jeden Tag ein Femizid in Deutschland<a href=\"https:\/\/www.bild.de\/news\/inland\/erschuetternde-zahlen-jeden-tag-ein-femizid-in-deutschland-67a4edbfc733682f4065958c\" class=\"anchor\" target=\"_blank\" rel=\"noopener\"><img decoding=\"async\" width=\"992\" height=\"558\" alt=\"Teaser-Bild\" src=\"https:\/\/www.europesays.com\/de\/wp-content\/uploads\/2025\/04\/e89c9e24438e9fd9e0df8761d123127e,60165c9d\"   class=\"landscape teaser__image\" loading=\"lazy\"\/><\/a><\/p>\n<p>Quelle: BILD, dpa, Andreas Markus09.02.2025<\/p>\n","protected":false},"excerpt":{"rendered":"Oberhausen \u2013 Als Mitarbeiter vom Jugendamt drei kleine Kinder zur\u00fcck zu ihrer Mutter (32) bringen wollten, \u00f6ffnete niemand.&hellip;\n","protected":false},"author":2,"featured_media":26579,"comment_status":"","ping_status":"","sticky":false,"template":"","format":"standard","meta":{"footnotes":""},"categories":[1838],"tags":[1290,3364,29,3715,122,6063,30,6452,2183,15377,981,1209,3728,3678,121,3856,15376,45,6148],"class_list":{"0":"post-26578","1":"post","2":"type-post","3":"status-publish","4":"format-standard","5":"has-post-thumbnail","7":"category-duisburg","8":"tag-baby","9":"tag-de","10":"tag-deutschland","11":"tag-duisburg","12":"tag-fahndungen","13":"tag-femizid","14":"tag-germany","15":"tag-haeusliche-gewalt","16":"tag-mord","17":"tag-mordverdacht","18":"tag-mutter","19":"tag-nordrhein-westfalen","20":"tag-oberhausen","21":"tag-partner","22":"tag-polizei","23":"tag-ruhrgebiet","24":"tag-schneider-frank","25":"tag-texttospeech","26":"tag-totschlag"},"share_on_mastodon":{"url":"https:\/\/pubeurope.com\/@de\/114326321655562652","error":""},"_links":{"self":[{"href":"https:\/\/www.europesays.com\/de\/wp-json\/wp\/v2\/posts\/26578","targetHints":{"allow":["GET"]}}],"collection":[{"href":"https:\/\/www.europesays.com\/de\/wp-json\/wp\/v2\/posts"}],"about":[{"href":"https:\/\/www.europesays.com\/de\/wp-json\/wp\/v2\/types\/post"}],"author":[{"embeddable":true,"href":"https:\/\/www.europesays.com\/de\/wp-json\/wp\/v2\/users\/2"}],"replies":[{"embeddable":true,"href":"https:\/\/www.europesays.com\/de\/wp-json\/wp\/v2\/comments?post=26578"}],"version-history":[{"count":0,"href":"https:\/\/www.europesays.com\/de\/wp-json\/wp\/v2\/posts\/26578\/revisions"}],"wp:featuredmedia":[{"embeddable":true,"href":"https:\/\/www.europesays.com\/de\/wp-json\/wp\/v2\/media\/26579"}],"wp:attachment":[{"href":"https:\/\/www.europesays.com\/de\/wp-json\/wp\/v2\/media?parent=26578"}],"wp:term":[{"taxonomy":"category","embeddable":true,"href":"https:\/\/www.europesays.com\/de\/wp-json\/wp\/v2\/categories?post=26578"},{"taxonomy":"post_tag","embeddable":true,"href":"https:\/\/www.europesays.com\/de\/wp-json\/wp\/v2\/tags?post=26578"}],"curies":[{"name":"wp","href":"https:\/\/api.w.org\/{rel}","templated":true}]}}