{"id":265800,"date":"2025-07-13T20:07:16","date_gmt":"2025-07-13T20:07:16","guid":{"rendered":"https:\/\/www.europesays.com\/de\/265800\/"},"modified":"2025-07-13T20:07:16","modified_gmt":"2025-07-13T20:07:16","slug":"rb-leipzig-laesst-rekordspieler-poulsen-nach-hamburg-ziehen","status":"publish","type":"post","link":"https:\/\/www.europesays.com\/de\/265800\/","title":{"rendered":"RB Leipzig l\u00e4sst Rekordspieler Poulsen nach Hamburg ziehen"},"content":{"rendered":"<p class=\"text\">\nNach zwei Aufstiegen, zwei DFB-Pokalsiegen und 60 Spielen im Europapokal ist jetzt Schluss in Leipzig. In einer Videobotschaft sprach der St\u00fcrmer von &#8222;zw\u00f6lf sehr geilen Jahren&#8220; und versicherte den Fans &#8222;Leipzig ist ein Teil von mir und wird weiterhin eine gro\u00dfe Bedeutung f\u00fcr mich haben&#8220;.\n<\/p>\n<p class=\"text\">\nDoch sagte er auch: &#8222;Alles hat ein Ende&#8220;. Und dieses zeichnete sich ab. Poulsen stand in nur zwei Bundesliga-Partien in der abgelaufenen Spielzeit in der Startelf, k\u00e4mpfte mit hartn\u00e4ckigen muskul\u00e4ren Problemen.\n<\/p>\n<p>Selke-Nachfolger beim HSV<\/p>\n<p class=\"text\">\nBeim Hamburger SV wird der 87-malige Nationalspieler wohl deutlich weniger verdienen als noch in Leipzig, k\u00f6nnte aber mehr Spielzeit bekommen. Im Sturm der Elbest\u00e4dter wird er einen ehemaligen Mannschaftskollegen beerben: Davie Selke hat keine Zukunft mehr beim HSV, verabschiedete sich am Freitag (11. Juli) bereits bei den Fans der Rothosen und unterschrieb einen Vertrag in der T\u00fcrkei bei Basaksehir Istanbul.\n<\/p>\n<p class=\"text\">\nRB verliert derweil eine weitere Identifikationsfigur nach der Demission des geb\u00fcrtigen Leipzigers <a href=\"https:\/\/www.mdr.de\/sport\/fussball_1bl\/rb-leipzig-rose-aus-das-ende-einer-identifikationsfigur-100.html\" title=\"Marco Rose \u2013 Das Aus einer Leipziger Identifikationsfigur am Cottaweg\" target=\"_blank\" rel=\"noopener\">Marco Rose<\/a> als Cheftrainer Ende M\u00e4rz. Auch andere Leistungstr\u00e4ger stehen Medienberichten zufolge potenziell zum Verkauf, etwa Benjamin Sesko oder Xavi Simmons \u2013 wenn die Abl\u00f6se stimmt.<\/p>\n","protected":false},"excerpt":{"rendered":"Nach zwei Aufstiegen, zwei DFB-Pokalsiegen und 60 Spielen im Europapokal ist jetzt Schluss in Leipzig. In einer Videobotschaft&hellip;\n","protected":false},"author":2,"featured_media":265801,"comment_status":"","ping_status":"","sticky":false,"template":"","format":"standard","meta":{"footnotes":""},"categories":[1826],"tags":[299,5077,29,347,30,692,3150,5075,45419,81,14828,3494,1655,3495,3499,3498,8841],"class_list":{"0":"post-265800","1":"post","2":"type-post","3":"status-publish","4":"format-standard","5":"has-post-thumbnail","7":"category-hamburg","8":"tag-bundesliga","9":"tag-davie-selke","10":"tag-deutschland","11":"tag-fussball","12":"tag-germany","13":"tag-hamburg","14":"tag-hamburger-sv","15":"tag-hsv","16":"tag-marcel-schaefer","17":"tag-mdr","18":"tag-ole-werner","19":"tag-rb","20":"tag-rb-leipzig","21":"tag-rbl","22":"tag-spio","23":"tag-sport-im-osten","24":"tag-yussuf-poulsen"},"share_on_mastodon":{"url":"https:\/\/pubeurope.com\/@de\/114847734019337722","error":""},"_links":{"self":[{"href":"https:\/\/www.europesays.com\/de\/wp-json\/wp\/v2\/posts\/265800","targetHints":{"allow":["GET"]}}],"collection":[{"href":"https:\/\/www.europesays.com\/de\/wp-json\/wp\/v2\/posts"}],"about":[{"href":"https:\/\/www.europesays.com\/de\/wp-json\/wp\/v2\/types\/post"}],"author":[{"embeddable":true,"href":"https:\/\/www.europesays.com\/de\/wp-json\/wp\/v2\/users\/2"}],"replies":[{"embeddable":true,"href":"https:\/\/www.europesays.com\/de\/wp-json\/wp\/v2\/comments?post=265800"}],"version-history":[{"count":0,"href":"https:\/\/www.europesays.com\/de\/wp-json\/wp\/v2\/posts\/265800\/revisions"}],"wp:featuredmedia":[{"embeddable":true,"href":"https:\/\/www.europesays.com\/de\/wp-json\/wp\/v2\/media\/265801"}],"wp:attachment":[{"href":"https:\/\/www.europesays.com\/de\/wp-json\/wp\/v2\/media?parent=265800"}],"wp:term":[{"taxonomy":"category","embeddable":true,"href":"https:\/\/www.europesays.com\/de\/wp-json\/wp\/v2\/categories?post=265800"},{"taxonomy":"post_tag","embeddable":true,"href":"https:\/\/www.europesays.com\/de\/wp-json\/wp\/v2\/tags?post=265800"}],"curies":[{"name":"wp","href":"https:\/\/api.w.org\/{rel}","templated":true}]}}