{"id":265816,"date":"2025-07-13T20:15:14","date_gmt":"2025-07-13T20:15:14","guid":{"rendered":"https:\/\/www.europesays.com\/de\/265816\/"},"modified":"2025-07-13T20:15:14","modified_gmt":"2025-07-13T20:15:14","slug":"die-besonderen-erinnerungen-des-elternhausfotografen","status":"publish","type":"post","link":"https:\/\/www.europesays.com\/de\/265816\/","title":{"rendered":"Die besonderen Erinnerungen des Elternhausfotografen"},"content":{"rendered":"<ol class=\"id-DonaldBreadcrumb lp_west_breadcrumb id-DonaldBreadcrumb--default\" data-k5a-pos=\"west_breadcrumb\">\n<li class=\"id-Breadcrumb-item\"><a href=\"https:\/\/www.merkur.de\/\" class=\"id-Breadcrumb-link\" data-id-ec=\"{\" shn=\"\" textlink=\"\" data-k5a-pos=\"1_startseite\" rel=\"nofollow noopener\" target=\"_blank\">Startseite<\/a><\/li>\n<li class=\"id-Breadcrumb-item\"><a href=\"https:\/\/www.merkur.de\/lokales\/\" class=\"id-Breadcrumb-link\" data-id-ec=\"{\" shn=\"\" textlink=\"\" data-k5a-pos=\"2_lokales\" rel=\"nofollow noopener\" target=\"_blank\">Lokales<\/a><\/li>\n<li class=\"id-Breadcrumb-item\"><a href=\"https:\/\/www.merkur.de\/lokales\/ebersberg\/\" class=\"id-Breadcrumb-link\" data-id-ec=\"{\" shn=\"\" textlink=\"\" data-k5a-pos=\"3_ebersberg\" rel=\"nofollow noopener\" target=\"_blank\">Ebersberg<\/a><\/li>\n<li class=\"id-Breadcrumb-item\"><a href=\"https:\/\/www.merkur.de\/lokales\/ebersberg\/markt-schwaben-ort29035\/\" class=\"id-Breadcrumb-link\" data-id-ec=\"{\" shn=\"\" textlink=\"\" schwaben=\"\" data-k5a-pos=\"4_marktSchwaben\" rel=\"nofollow noopener\" target=\"_blank\">Markt Schwaben<\/a><\/li>\n<\/ol>\n<p class=\"id-Story-timestamp id-Story-timestamp--default\">Stand: 13.07.2025, 11:45 Uhr<\/p>\n<p class=\"id-Story-authors id-Story-authors--default\">Von: <a class=\"id-Story-authors-link lp_west_author\" href=\"https:\/\/www.merkur.de\/autor\/peter-kees-donbi6so.html\" title=\"Zur Autorenseite von Peter Kees\" data-id-ec=\"{\" shn=\"\" author-link=\"\" kees=\"\" data-k5a-pos=\"west_author\" rel=\"nofollow noopener\" target=\"_blank\">Peter Kees<\/a><\/p>\n<p class=\"id-Story-interactionBar id-Story-interactionBar--default\">DruckenTeilen<\/p>\n<p><img decoding=\"async\" class=\"id-RatioPlaceholder-element wv_story_el_image\" src=\"https:\/\/www.europesays.com\/de\/wp-content\/uploads\/2025\/07\/38898632-joerg-egerer-daheim-in-seinem-schwabener-haus-1Yfe.jpg\" loading=\"eager\" fetchpriority=\"high\"   height=\"619\" width=\"1100\" alt=\"J&#xF6;rg Egerer daheim in seinem Schwabener Haus. \"\/>J\u00f6rg Egerer daheim in seinem Schwabener Haus.  \u00a9\u00a0PETER KEES<\/p>\n<p class=\"id-StoryElement-leadText\">J\u00f6rg Egerer ist leidenschaftlicher Fotograf. Durch ein pers\u00f6nliches Schicksal hat der Markt Schwabener den Fokus seiner Kamera auf verlassene Elternh\u00e4user gerichtet. Seither schafft er seinen Kunden besondere Erinnerungen.<\/p>\n<p class=\"id-StoryElement-paragraph\">Markt Schwaben \u2013 Fotografie spielt bei ihm seit der Kindheit eine Rolle. Doch sein Lebensweg f\u00fchrt ihn zun\u00e4chst an andere Stationen. Der in Mannheim geborene J\u00f6rg Egerer macht nach seiner Schulzeit eine Ausbildung zum Fernsprechtechniker und arbeitet drei Jahre in diesem Beruf, ehe er Nachrichtentechnik studiert. <\/p>\n<p class=\"id-StoryElement-paragraph\">Nach dem vierten Semester wechselt er das Fach. Weiter geht es mit BWL. Nach dem Studium arbeitet er als Verm\u00f6gensberater, in Versicherungsb\u00fcros und Verm\u00f6gensverwaltungen. Ein Job f\u00fchrt ihn ins M\u00fcnchner Umland. Vor 15 Jahren zieht er nach Markt Schwaben. Dann, 2018, stellt er sein Leben um \u2013 und wird Fotograf.<\/p>\n<p>Corona macht Strich durch die Rechnung  <\/p>\n<p class=\"id-StoryElement-paragraph\">Er folgt einer Leidenschaft. Ausbilden dazu l\u00e4sst er sich \u00fcber eineinhalb Jahre privat bei einem renommierten Fotografen in K\u00f6ln. Egerer will Produkt- und Werbefotograf werden. Ca. 15\u2009000 Euro gibt er f\u00fcr die Ausbildung, die nur einmal im Monat Pr\u00e4senz bedarf, aus. Parallel beginnt er sein Gesch\u00e4ft als selbstst\u00e4ndiger Fotograf; doch dann kommt Corona und die Auftr\u00e4ge brechen weg.<\/p>\n<p class=\"id-StoryElement-paragraph\">\u201eMessen, auf denen ich arbeiten sollte, wurden abgesagt.\u201c Fotokurse, die er anbietet, d\u00fcrfen nicht mehr durchgef\u00fchrt werden. \u201eEin Grund, warum ich nie so richtig in die Branche hineingekommen bin.\u201c Immerhin, er gibt in M\u00fcnchen Fotokurse f\u00fcr Chanel-Mitarbeiter und andere prominente Unternehmen. \u201eDerart bekannte Kunden konnte ich gewinnen, weil ich meine Website so optimiert habe, dass sie im Internet immer unter den ersten drei Ergebnissen bei einer Suche nach Fotokursen erscheint.\u201c <\/p>\n<p class=\"id-StoryElement-paragraph\">(\u00dcbrigens: Alles aus der Region gibt\u2018s jetzt auch in unserem regelm\u00e4\u00dfigen <a href=\"https:\/\/www.merkur.de\/sso\/register?redirect_uri=https%3A%2F%2Faccounts.user.id%2Faccount%2Fnewsletter%2Fsubscribe%2FSKU-00000231&amp;source=mt_newsletter-textlink_web\" target=\"_blank\" class=\"id-import-Link\" data-id-ec=\"{&quot;sht&quot;:&quot;Container&quot;,&quot;shn&quot;:&quot;Story&quot;,&quot;p&quot;:{&quot;containerType&quot;:&quot;Paragraph&quot;,&quot;displayType&quot;:&quot;Paragraph InlineLink&quot;,&quot;type&quot;:&quot;INLINE_LINK&quot;,&quot;value&quot;:&quot;Ebersberg-Newsletter&quot;,&quot;variant&quot;:&quot;standardLink&quot;,&quot;sponsored&quot;:false,&quot;linkHref&quot;:&quot;https:\/\/www.merkur.de\/sso\/register?redirect_uri=https%3A%2F%2Faccounts.user.id%2Faccount%2Fnewsletter%2Fsubscribe%2FSKU-00000231&amp;source=mt_newsletter-textlink_web&quot;,&quot;storyElementPosition&quot;:15,&quot;storyElementCount&quot;:30}}\" rel=\"nofollow noopener\">Ebersberg-Newsletter<\/a>.)<\/p>\n<p>Viele hochemotionale Gespr\u00e4che gef\u00fchrt <\/p>\n<p class=\"id-StoryElement-paragraph\">Und dann passiert etwas, 2020, was sein Leben auf den Kopf stellt: Sein an Demenz erkrankter Vater kommt ins Pflegeheim. F\u00fcr sich und seinen Bruder dokumentiert er mit der Kamera das Elternhaus. Als reine Erinnerungen waren diese Bilder gedacht. Doch er ver\u00f6ffentlicht sie: im Kunstverein Ottobrunn werden sie ausgestellt und bekommen beachtliches Feedback. <\/p>\n<p><img decoding=\"async\" class=\"id-RatioPlaceholder-element wv_story_el_image\" src=\"https:\/\/www.europesays.com\/de\/wp-content\/uploads\/2025\/07\/38898578-fotografie-in-einem-alten-haus-auf-derartige-motive-hat-sich-joerg-egerer-spezialisiert-OtB.jpeg\" loading=\"lazy\"   height=\"1649\" width=\"1100\" alt=\"Fotografie in einem alten Haus. Auf derartige Motive hat sich J&#xF6;rg Egerer spezialisiert.\"\/>Fotografie in einem alten Haus. Auf derartige Motive hat sich J\u00f6rg Egerer spezialisiert. \u00a9\u00a0Peter Kees<\/p>\n<p class=\"id-StoryElement-paragraph\">\u201eVom Gef\u00fchl her wusste ich, dass es richtig war, die Bilder \u00f6ffentlich zu zeigen. Viele hochemotionale Gespr\u00e4che habe ich gef\u00fchrt, immer wieder wurden Tr\u00e4nen vergossen. Das Thema ber\u00fchrte die Menschen\u201c, sagt er. <\/p>\n<p class=\"id-StoryElement-paragraph\">Kurz darauf bekommt er einen Anruf von einer Autorin, die gerade an einem Buch schrieb, \u201eAdieu Elternhaus\u201c. \u201eMir wurde klar, dass es au\u00dfer mir niemanden gibt, der oder die sich auf das Fotografieren von Elternh\u00e4usern spezialisiert hatte.\u201c Egerer hat eine Marktl\u00fccke gefunden und beginnt 2023, sich als Elternhausfotograf zu spezialisieren; die Idee also zu kommerzialisieren. Die Medien sto\u00dfen auf ihn und berichten \u00fcber sein Tun. Auftr\u00e4ge hat er bereits, spricht aber immer noch von der \u201eAufbaubauphase\u201c. <\/p>\n<p>In der Nebenrolle auch mal eine Filmleiche<\/p>\n<p class=\"id-StoryElement-paragraph\">Um sich finanziell \u00fcber Wasser halten zu k\u00f6nnen, hat er noch zwei andere Standbeine: Er arbeitet als Komparse und Kleindarsteller bei Fernseh- und Kinofilmen und engagiert sich f\u00fcr K\u00fcnstlervor- und Nachl\u00e4sse. Beim Film spielt er zum Beispiel hin und wieder die Leiche, aber auch andere Kleinstrollen. Bei den \u201eRosenheim Cops\u201c, bei \u201eHubert ohne Staller\u201c oder \u201eDer Alte\u201c ist er schon aufgetreten. \u201eEtwa 140 Drehtage bei ca. 80 Produktionen hatte ich im Lauf der vergangenen Jahre.\u201c<\/p>\n<p class=\"id-StoryElement-paragraph\">Die Wende in seinem Leben, so erz\u00e4hlt er, wird noch von etwas anderem angesto\u00dfen. 2014 nimmt er als Kandidat in der Fernsehkochsendung \u201eDie K\u00fcchenschlacht\u201c teil. Damals ergattert Egerer den zweiten Platz und darf f\u00fcnf Sendungen an zwei Tagen drehen. \u201eDas hat mein Leben ver\u00e4ndert\u201c.<\/p>\n<p><img decoding=\"async\" class=\"id-RatioPlaceholder-element wv_story_el_image\" src=\"https:\/\/www.europesays.com\/de\/wp-content\/uploads\/2025\/07\/38898614-auch-das-ein-beispiel-aus-dem-fotofundus-des-profis-aus-markt-schwaben-OrBG.jpg\" loading=\"lazy\"   height=\"1649\" width=\"1100\" alt=\"Auch das ein Beispiel aus dem Fotofundus des Profis aus Markt Schwaben. \"\/>Auch das ein Beispiel aus dem Fotofundus des Profis aus Markt Schwaben.  \u00a9\u00a0Peter Kees<\/p>\n<p class=\"id-StoryElement-paragraph\">Die T\u00e4tigkeit als Elternhausfotograf erf\u00fcllt den 54-J\u00e4hrigen heute sehr. \u201eNach dem Tod der Eltern trauern wir um ihren Verlust. Was uns bleibt, sind Erinnerungen. Diese verbinden wir aber nicht nur mit den Eltern, sondern auch mit dem Elternhaus, in dem wir aufgewachsen sind und das lange Zeit unser Zuhause war.\u201c Er trifft die Angeh\u00f6rigen, verabredet eine Hausbegehung, h\u00f6rt den Menschen viel zu und schreitet dann ans Werk. <\/p>\n<p class=\"id-StoryElement-paragraph\">Stunden verbringt er in einem einstigen Heim und lichtet die ehemals mit Leben gef\u00fcllten, heute zumeist verwaisten Orte ab. Mit gro\u00dfer Ruhe und klarem Blick arbeitet er dabei. Es geht um das Festhalten von Gewesenem, um das Festhalten von Erinnerungsspuren \u2013 und zwar mit einem Fotografenblick, denn, \u201eauch wenn etwa Handys heute schon eine Menge k\u00f6nnen, gestalten kann ein Bild nur der Fotograf, nicht die Kamera.\u201c \u201eDie Fotos\u201c, so beschreibt er, \u201eentstehen im Kopf, nicht in Bildbearbeitungsprogrammen.\u201c<\/p>\n","protected":false},"excerpt":{"rendered":"Startseite Lokales Ebersberg Markt Schwaben Stand: 13.07.2025, 11:45 Uhr Von: Peter Kees DruckenTeilen J\u00f6rg Egerer daheim in seinem&hellip;\n","protected":false},"author":2,"featured_media":265817,"comment_status":"","ping_status":"","sticky":false,"template":"","format":"standard","meta":{"footnotes":""},"categories":[1775],"tags":[1793,29,214,30,1794,215],"class_list":{"0":"post-265816","1":"post","2":"type-post","3":"status-publish","4":"format-standard","5":"has-post-thumbnail","7":"category-kunst-und-design","8":"tag-art-and-design","9":"tag-deutschland","10":"tag-entertainment","11":"tag-germany","12":"tag-kunst-und-design","13":"tag-unterhaltung"},"share_on_mastodon":{"url":"https:\/\/pubeurope.com\/@de\/114847765354177704","error":""},"_links":{"self":[{"href":"https:\/\/www.europesays.com\/de\/wp-json\/wp\/v2\/posts\/265816","targetHints":{"allow":["GET"]}}],"collection":[{"href":"https:\/\/www.europesays.com\/de\/wp-json\/wp\/v2\/posts"}],"about":[{"href":"https:\/\/www.europesays.com\/de\/wp-json\/wp\/v2\/types\/post"}],"author":[{"embeddable":true,"href":"https:\/\/www.europesays.com\/de\/wp-json\/wp\/v2\/users\/2"}],"replies":[{"embeddable":true,"href":"https:\/\/www.europesays.com\/de\/wp-json\/wp\/v2\/comments?post=265816"}],"version-history":[{"count":0,"href":"https:\/\/www.europesays.com\/de\/wp-json\/wp\/v2\/posts\/265816\/revisions"}],"wp:featuredmedia":[{"embeddable":true,"href":"https:\/\/www.europesays.com\/de\/wp-json\/wp\/v2\/media\/265817"}],"wp:attachment":[{"href":"https:\/\/www.europesays.com\/de\/wp-json\/wp\/v2\/media?parent=265816"}],"wp:term":[{"taxonomy":"category","embeddable":true,"href":"https:\/\/www.europesays.com\/de\/wp-json\/wp\/v2\/categories?post=265816"},{"taxonomy":"post_tag","embeddable":true,"href":"https:\/\/www.europesays.com\/de\/wp-json\/wp\/v2\/tags?post=265816"}],"curies":[{"name":"wp","href":"https:\/\/api.w.org\/{rel}","templated":true}]}}