{"id":265834,"date":"2025-07-13T20:24:25","date_gmt":"2025-07-13T20:24:25","guid":{"rendered":"https:\/\/www.europesays.com\/de\/265834\/"},"modified":"2025-07-13T20:24:25","modified_gmt":"2025-07-13T20:24:25","slug":"mode-marke-seraphine-insolvent-trotz-prominenter-kundschaft-geschlossen","status":"publish","type":"post","link":"https:\/\/www.europesays.com\/de\/265834\/","title":{"rendered":"Mode-Marke Seraphine insolvent: Trotz prominenter Kundschaft geschlossen"},"content":{"rendered":"<p>Kate Middleton trug Seraphine <\/p>\n<p>Trotz k\u00f6niglicher Kundschaft: Modemarke insolvent<\/p>\n<p>13.07.2025 &#8211; 19:50 UhrLesedauer: 1 Min.<\/p>\n<p><a href=\"#focus-0\" class=\"transition-colors duration-200 focus-within:text-magenta block text-current relative\" data-sctrack=\"FocusGalleryImage.Reference\"><img fetchpriority=\"high\" data-testid=\"Opener.Image\" style=\"--lqipURL:url('https:\/\/images.t-online.de\/2025\/07\/8ghcCJUi8m2t\/137x294:3455x1944\/fit-in\/150x0\/filters:blur(25)\/image.jpg')\"   loading=\"eager\" src=\"https:\/\/www.europesays.com\/de\/wp-content\/uploads\/2025\/07\/1752438265_373_image.jpg\" alt=\"imago 86112163\" title=\"imago 86112163\" width=\"3455\" height=\"1944\" class=\"bg-[url:var(--lqipURL)] bg-cover bg-center flex h-full w-full max-w-full\" decoding=\"async\"\/><img style=\"--width:32;--height:32\" loading=\"lazy\" src=\"https:\/\/www.t-online.de\/s\/paper\/_next\/static\/media\/zoom-in.f7dae02f.svg\" alt=\"Vergr\u00f6\u00dfern des Bildes\" title=\"Vergr\u00f6\u00dfern des Bildes\" class=\"block h-[calc(var(--height)_\/_16_*_1rem)] w-[calc(var(--width)_\/_16_*_1rem)] max-w-none absolute bottom-8 right-8 rounded-4 bg-snow p-8\" decoding=\"async\"\/><\/a><\/p>\n<p>Cecile Reinaud ist die Gr\u00fcnderin der Modemarke Seraphine. (Quelle: Daniel Hambury)<\/p>\n<p class=\"font-bold text-18 leading-17\">Die einst bei Weltstars beliebte Modemarke Seraphine ist insolvent. Nun wurde die Filiale in London geschlossen und die Mitarbeiter entlassen.<\/p>\n<p class=\"text-18 leading-17\">In der Hochphase der Modemarke Seraphine trugen Weltstars wie die US-amerikanische Schauspielerin <a class=\"transition-colors duration-200 cursor-pointer text-inherit no-underline text-salemsfur md:hover:text-magenta md:hover:border-magenta md:focus:text-magenta border-current border-b border-solid break-words\" href=\"https:\/\/www.t-online.de\/themen\/angelina-jolie\/\" data-sctrack=\"BodyAnchor\" rel=\"nofollow noopener\" target=\"_blank\">Angelina Jolie<\/a> und Kate Middleton die Kleider der britischen Marke. Nun ist das beliebte Unternehmen, das sich auf Schwangerschaftsmode spezialisiert hat, insolvent.<\/p>\n<p class=\"text-18 leading-17\">Trotz prominenter Kundinnen in den vergangenen Jahrzehnten erkl\u00e4rte das Unternehmen in einer Stellungnahme, man sei zuletzt vermehrt mit &#8222;gesch\u00e4ftlichen Herausforderungen&#8220; konfrontiert gewesen. Im Fr\u00fchjahr hatte Seraphine noch eine neue Markenstrategie verabschiedet.<\/p>\n<p class=\"text-18 leading-17\">Anschlie\u00dfend wollte man zus\u00e4tzliche Investoren f\u00fcr eine neue Wachstumsphase gewinnen \u2013 ein Plan, der jedoch nie umgesetzt wurde. Da sich keine neuen Geldgeber fanden, entschieden sich die Gesch\u00e4ftsf\u00fchrer, Insolvenz anzumelden.<\/p>\n<p class=\"text-18 leading-17\">Die Popularit\u00e4t der Marke stieg im Jahr 2013 sprunghaft an, nachdem Kate Middleton auf dem ersten offiziellen Familienportr\u00e4t mit Prinz George eines ihrer Kleider trug. Auch bei besonderen Anl\u00e4ssen, etwa bei einem Treffen mit dem K\u00f6nig und der K\u00f6nigin von <a class=\"transition-colors duration-200 cursor-pointer text-inherit no-underline text-salemsfur md:hover:text-magenta md:hover:border-magenta md:focus:text-magenta border-current border-b border-solid break-words\" href=\"https:\/\/www.t-online.de\/themen\/norwegen\/\" data-sctrack=\"BodyAnchor\" rel=\"nofollow noopener\" target=\"_blank\">Norwegen<\/a> w\u00e4hrend der k\u00f6niglichen Reise durch <a class=\"transition-colors duration-200 cursor-pointer text-inherit no-underline text-salemsfur md:hover:text-magenta md:hover:border-magenta md:focus:text-magenta border-current border-b border-solid break-words\" href=\"https:\/\/www.t-online.de\/themen\/schweden\/\" data-sctrack=\"BodyAnchor\" rel=\"nofollow noopener\" target=\"_blank\">Schweden<\/a> und Norwegen im Jahr 2018, w\u00e4hlte sie weiterhin Umstands- und Wochenbettmode von Seraphine.<\/p>\n<p class=\"text-18 leading-17\">Das Unternehmen wurde 2021 sogar an der Londoner B\u00f6rse notiert, bevor es 2023 wieder in Privatbesitz \u00fcberging. Inzwischen wurden die meisten der 95 Mitarbeitenden entlassen, und das einzige verbliebene Ladengesch\u00e4ft in der Kensington High Street in <a class=\"transition-colors duration-200 cursor-pointer text-inherit no-underline text-salemsfur md:hover:text-magenta md:hover:border-magenta md:focus:text-magenta border-current border-b border-solid break-words\" href=\"https:\/\/www.t-online.de\/themen\/london\/\" data-sctrack=\"BodyAnchor\" rel=\"nofollow noopener\" target=\"_blank\">London<\/a> wurde geschlossen.<\/p>\n","protected":false},"excerpt":{"rendered":"Kate Middleton trug Seraphine Trotz k\u00f6niglicher Kundschaft: Modemarke insolvent 13.07.2025 &#8211; 19:50 UhrLesedauer: 1 Min. Cecile Reinaud ist&hellip;\n","protected":false},"author":2,"featured_media":265835,"comment_status":"","ping_status":"","sticky":false,"template":"","format":"standard","meta":{"footnotes":""},"categories":[134],"tags":[326,52946,175,170,169,29,30,1551,21374,4036,171,174,54135,913,173,172],"class_list":{"0":"post-265834","1":"post","2":"type-post","3":"status-publish","4":"format-standard","5":"has-post-thumbnail","7":"category-unternehmen-maerkte","8":"tag-326","9":"tag-angelina-jolie","10":"tag-business","11":"tag-companies","12":"tag-companies-markets","13":"tag-deutschland","14":"tag-germany","15":"tag-insolvenz","16":"tag-kate-middleton","17":"tag-london","18":"tag-markets","19":"tag-maerkte","20":"tag-modemarke","21":"tag-norwegen","22":"tag-unternehmen","23":"tag-unternehmen-maerkte"},"share_on_mastodon":{"url":"https:\/\/pubeurope.com\/@de\/114847800792716665","error":""},"_links":{"self":[{"href":"https:\/\/www.europesays.com\/de\/wp-json\/wp\/v2\/posts\/265834","targetHints":{"allow":["GET"]}}],"collection":[{"href":"https:\/\/www.europesays.com\/de\/wp-json\/wp\/v2\/posts"}],"about":[{"href":"https:\/\/www.europesays.com\/de\/wp-json\/wp\/v2\/types\/post"}],"author":[{"embeddable":true,"href":"https:\/\/www.europesays.com\/de\/wp-json\/wp\/v2\/users\/2"}],"replies":[{"embeddable":true,"href":"https:\/\/www.europesays.com\/de\/wp-json\/wp\/v2\/comments?post=265834"}],"version-history":[{"count":0,"href":"https:\/\/www.europesays.com\/de\/wp-json\/wp\/v2\/posts\/265834\/revisions"}],"wp:featuredmedia":[{"embeddable":true,"href":"https:\/\/www.europesays.com\/de\/wp-json\/wp\/v2\/media\/265835"}],"wp:attachment":[{"href":"https:\/\/www.europesays.com\/de\/wp-json\/wp\/v2\/media?parent=265834"}],"wp:term":[{"taxonomy":"category","embeddable":true,"href":"https:\/\/www.europesays.com\/de\/wp-json\/wp\/v2\/categories?post=265834"},{"taxonomy":"post_tag","embeddable":true,"href":"https:\/\/www.europesays.com\/de\/wp-json\/wp\/v2\/tags?post=265834"}],"curies":[{"name":"wp","href":"https:\/\/api.w.org\/{rel}","templated":true}]}}