{"id":265842,"date":"2025-07-13T20:28:15","date_gmt":"2025-07-13T20:28:15","guid":{"rendered":"https:\/\/www.europesays.com\/de\/265842\/"},"modified":"2025-07-13T20:28:15","modified_gmt":"2025-07-13T20:28:15","slug":"keine-verletzten-im-aalweg-du-bist-halle","status":"publish","type":"post","link":"https:\/\/www.europesays.com\/de\/265842\/","title":{"rendered":"keine Verletzten im Aalweg \u2013 Du bist Halle"},"content":{"rendered":"<p>Am Samstagabend gegen 22.40 Uhr kam die Feuerwehr im Aalweg in Halle (Saale) zum Einsatz. Nach  Informationen der Polizei gab es in einem Treppenhaus eines Mehrfamilienhauses mehrere Brandherde. <\/p>\n<p>Mutma\u00dflich wurde dort befindlicher M\u00fcll angez\u00fcndet. Die Feuerwehr l\u00f6schte alles ab. Es entstanden Sachsch\u00e4den in Form von Verru\u00dfungen. <\/p>\n<p>Verletzt wurde niemand. Die Polizei nahm Ermittlungen zur Brandursache auf.<\/p>\n<p><img decoding=\"async\" loading=\"lazy\" width=\"1024\" height=\"1024\" src=\"https:\/\/www.europesays.com\/de\/wp-content\/uploads\/2025\/07\/pixlr_20250712231203212-1024x1024.jpg\" alt=\"\" class=\"wp-image-322470\"  \/><\/p>\n","protected":false},"excerpt":{"rendered":"Am Samstagabend gegen 22.40 Uhr kam die Feuerwehr im Aalweg in Halle (Saale) zum Einsatz. Nach Informationen der&hellip;\n","protected":false},"author":2,"featured_media":265843,"comment_status":"","ping_status":"","sticky":false,"template":"","format":"standard","meta":{"footnotes":""},"categories":[1860],"tags":[3364,29,548,663,3934,30,4062,17332,13,14,15,17331,860,12],"class_list":{"0":"post-265842","1":"post","2":"type-post","3":"status-publish","4":"format-standard","5":"has-post-thumbnail","7":"category-halle-saale","8":"tag-de","9":"tag-deutschland","10":"tag-eu","11":"tag-europa","12":"tag-europe","13":"tag-germany","14":"tag-halle","15":"tag-halle-saale","16":"tag-headlines","17":"tag-nachrichten","18":"tag-news","19":"tag-saale","20":"tag-sachsen-anhalt","21":"tag-schlagzeilen"},"share_on_mastodon":{"url":"https:\/\/pubeurope.com\/@de\/114847816351223588","error":""},"_links":{"self":[{"href":"https:\/\/www.europesays.com\/de\/wp-json\/wp\/v2\/posts\/265842","targetHints":{"allow":["GET"]}}],"collection":[{"href":"https:\/\/www.europesays.com\/de\/wp-json\/wp\/v2\/posts"}],"about":[{"href":"https:\/\/www.europesays.com\/de\/wp-json\/wp\/v2\/types\/post"}],"author":[{"embeddable":true,"href":"https:\/\/www.europesays.com\/de\/wp-json\/wp\/v2\/users\/2"}],"replies":[{"embeddable":true,"href":"https:\/\/www.europesays.com\/de\/wp-json\/wp\/v2\/comments?post=265842"}],"version-history":[{"count":0,"href":"https:\/\/www.europesays.com\/de\/wp-json\/wp\/v2\/posts\/265842\/revisions"}],"wp:featuredmedia":[{"embeddable":true,"href":"https:\/\/www.europesays.com\/de\/wp-json\/wp\/v2\/media\/265843"}],"wp:attachment":[{"href":"https:\/\/www.europesays.com\/de\/wp-json\/wp\/v2\/media?parent=265842"}],"wp:term":[{"taxonomy":"category","embeddable":true,"href":"https:\/\/www.europesays.com\/de\/wp-json\/wp\/v2\/categories?post=265842"},{"taxonomy":"post_tag","embeddable":true,"href":"https:\/\/www.europesays.com\/de\/wp-json\/wp\/v2\/tags?post=265842"}],"curies":[{"name":"wp","href":"https:\/\/api.w.org\/{rel}","templated":true}]}}