{"id":265844,"date":"2025-07-13T20:29:15","date_gmt":"2025-07-13T20:29:15","guid":{"rendered":"https:\/\/www.europesays.com\/de\/265844\/"},"modified":"2025-07-13T20:29:15","modified_gmt":"2025-07-13T20:29:15","slug":"alemannia-hat-das-halbfinale-im-blick","status":"publish","type":"post","link":"https:\/\/www.europesays.com\/de\/265844\/","title":{"rendered":"Alemannia hat das Halbfinale im Blick"},"content":{"rendered":"<p class=\"paragraph --regular --color\" data-v-a4a747d8=\"\" data-v-0c32301e=\"\"><strong>SVA Waldalgesheim \u2013 TuS Hackenheim 4:0 (2:0). \u2013 <\/strong>Tom G\u00fcrel traf zu Beginn beider Abschnitte fr\u00fch (4., 46.). Nach l\u00e4ngerer Phase im ersten Durchgang, in dem die Hausherren Schwierigkeiten hatten, legte Nils Gr\u00e4ff zwischenzeitlich nach Solo das 2:0 nach (32.). Der Schluss war kurios. Henry Kreling hatte nach Pass von Mahdi Mehnatgir, der Keeper Marc Reekers hatte aussteigen lassen, den Ball eingeschoben, der Schiedsrichter bereits auf Tor erkannt und die Partie abgepfiffen, als ein Assistent die Fahne hob und auf Abseits erkannte. Weil Reekers Mehnatgir gefoult hatte, zeigte der Unparteiische nachtr\u00e4glich auf den Punkt, als sich bereits Feldspieler und Offizielle abklatschten. Mehnatgir verwandelte. \u201eWir haben wieder Erkenntnisse gewonnen, neue Spieler auf neuen Positionen ausprobiert.\u201d SVA-Coach Elvir Melunovic war mit dem dritten Testspiel ohne Niederlage zufrieden, sprach von einem \u201esouver\u00e4nen Sieg.\u201d Auf TuS-Seite agierte Pierre Merkel erstmals als Spielertrainer, weil Chefcoach Tim Hulsey nicht dabeiwar. \u201eEs ist f\u00fcr mich neues Terrain, in das ich erst hineinwachsen muss\u201d, so der 36-J\u00e4hrige, der in der vergangenen Saison noch das Alemannia-Trikot getragen hatte. Auf seine Truppe, die nur mit zw\u00f6lf Spielern angetreten war und Christoph Menger fr\u00fch durch Verletzung verlor, war der Ex-Profi stolz. \u201eDas Ergebnis war eine Spur zu hoch. Aber wir d\u00fcrfen nicht vergessen, dass die auch eine Liga h\u00f6her spielen.\u201d&#13;<\/p>\n","protected":false},"excerpt":{"rendered":"SVA Waldalgesheim \u2013 TuS Hackenheim 4:0 (2:0). \u2013 Tom G\u00fcrel traf zu Beginn beider Abschnitte fr\u00fch (4., 46.).&hellip;\n","protected":false},"author":2,"featured_media":265845,"comment_status":"","ping_status":"","sticky":false,"template":"","format":"standard","meta":{"footnotes":""},"categories":[1853],"tags":[1424,5650,5651,5652,5654,5655,3364,29,548,663,3934,30,5660,13,5656,5653,5657,1427,14,15,5659,1209,5658,5661,12,4544,5662],"class_list":{"0":"post-265844","1":"post","2":"type-post","3":"status-publish","4":"format-standard","5":"has-post-thumbnail","7":"category-aachen","8":"tag-aachen","9":"tag-alzey","10":"tag-bad-kreuznach","11":"tag-bad-sobernheim","12":"tag-bingen","13":"tag-buerstadt","14":"tag-de","15":"tag-deutschland","16":"tag-eu","17":"tag-europa","18":"tag-europe","19":"tag-germany","20":"tag-guntersblum","21":"tag-headlines","22":"tag-ingelheim","23":"tag-kirn","24":"tag-lampertheim","25":"tag-mainz","26":"tag-nachrichten","27":"tag-news","28":"tag-nierstein","29":"tag-nordrhein-westfalen","30":"tag-oppenheim","31":"tag-ruesselsheim","32":"tag-schlagzeilen","33":"tag-wiesbaden","34":"tag-worms"},"share_on_mastodon":{"url":"https:\/\/pubeurope.com\/@de\/114847820320660384","error":""},"_links":{"self":[{"href":"https:\/\/www.europesays.com\/de\/wp-json\/wp\/v2\/posts\/265844","targetHints":{"allow":["GET"]}}],"collection":[{"href":"https:\/\/www.europesays.com\/de\/wp-json\/wp\/v2\/posts"}],"about":[{"href":"https:\/\/www.europesays.com\/de\/wp-json\/wp\/v2\/types\/post"}],"author":[{"embeddable":true,"href":"https:\/\/www.europesays.com\/de\/wp-json\/wp\/v2\/users\/2"}],"replies":[{"embeddable":true,"href":"https:\/\/www.europesays.com\/de\/wp-json\/wp\/v2\/comments?post=265844"}],"version-history":[{"count":0,"href":"https:\/\/www.europesays.com\/de\/wp-json\/wp\/v2\/posts\/265844\/revisions"}],"wp:featuredmedia":[{"embeddable":true,"href":"https:\/\/www.europesays.com\/de\/wp-json\/wp\/v2\/media\/265845"}],"wp:attachment":[{"href":"https:\/\/www.europesays.com\/de\/wp-json\/wp\/v2\/media?parent=265844"}],"wp:term":[{"taxonomy":"category","embeddable":true,"href":"https:\/\/www.europesays.com\/de\/wp-json\/wp\/v2\/categories?post=265844"},{"taxonomy":"post_tag","embeddable":true,"href":"https:\/\/www.europesays.com\/de\/wp-json\/wp\/v2\/tags?post=265844"}],"curies":[{"name":"wp","href":"https:\/\/api.w.org\/{rel}","templated":true}]}}