{"id":265851,"date":"2025-07-13T20:33:13","date_gmt":"2025-07-13T20:33:13","guid":{"rendered":"https:\/\/www.europesays.com\/de\/265851\/"},"modified":"2025-07-13T20:33:13","modified_gmt":"2025-07-13T20:33:13","slug":"motte-festival-in-wegberg-zieht-menschen-aus-allen-generationen-an","status":"publish","type":"post","link":"https:\/\/www.europesays.com\/de\/265851\/","title":{"rendered":"Motte-Festival in Wegberg zieht Menschen aus allen Generationen an"},"content":{"rendered":"<p class=\"text_ohne_einzug richtext text-em-55 !leading-serif mx-6 desktop:mx-0\"> \u201eJeder kennt irgendjemanden und \u00fcberall wird mal rundgefragt\u201c \u2013 so erkl\u00e4rt J\u00fcrgen L\u00fcnser, der als Schriftf\u00fchrer im Vorstand des Vereins Kultur Pur Wegberg an der Organisation beteiligt ist, die Entstehung des Musikfestivals Motte. Zusammen mit der Stadt Wegberg organisiert der Verein es mit viel Herzblut und eigenem Engagement. Schlie\u00dflich muss bei der Planung des Festes viel bedacht werden, auch finanziell. Daf\u00fcr hat Kultur Pur mit Volker Peters seinen eigenen Kassenwart, den L\u00fcnser \u201edas Ged\u00e4chtnis des Vereins\u201c tauft.<\/p>\n<p class=\"richtext text-em-55 !leading-serif mx-6 desktop:mx-0\">Wie der Name verr\u00e4t, findet das Fest an der Wegberger Motte statt, die fr\u00fcher als hochmittelalterliche Burganlage diente. Noch vor ein paar Jahren traten hier auch gr\u00f6\u00dfere Bands auf, darunter sogar die H\u00f6hner. Im Jahr 2021 begann der Wegberger Verein, dort sein eigenes Musikfestival zu organisieren, das sich prompt als gro\u00dfer Erfolg herausstellte: Bereits zur Premiere vor vier Jahren kamen rund 600 Musikliebhaber. Die Bands verzichten auf eine Gage, schlie\u00dflich handelt es sich um eine nicht-kommerzielle Veranstaltung. Das Festival finanziert sich unter anderem durch Freiwilligenarbeit und gesponserte Werbung, selbstverst\u00e4ndlich gibt es auch einen Ausschank. Der Verein investiert sehr viel Zeit und vor allem eigene Ressourcen in den Aufbau, arbeitet mit eigenen Fahrzeugen und eigenem Werkzeug.<\/p>\n<p class=\"richtext text-em-55 !leading-serif mx-6 desktop:mx-0\">In diesem Jahr wird den Acts immerhin zum ersten Mal eine kleine Aufwandsentsch\u00e4digung gezahlt, f\u00fcr die fr\u00fcher das Budget nicht gereicht hat. Und noch eine Sache ist besonders: Zum ersten Mal findet das Festival vor den Sommerferien statt und nicht im Herbst danach. Eine Entscheidung, die Konsequenzen mit sich zieht. Am Sportplatz Beeck findet ein Booster-Konzert statt, es z\u00e4hlt zu mehreren Veranstaltungen im Erkelenzer Land, die Besucher anziehen. N\u00e4chstes Jahr \u2013 es wird also eine Fortsetzung geben \u2013 will Kultur Pur die Termine eingehender studieren, um Kollisionen zu verhindern. Ein Vorteil vom Festival im Sommer besteht jedoch im (wahrscheinlich) guten Wetter, das im Herbst gerne schon mal windig und nass ist. Au\u00dferdem ist es wesentlich l\u00e4nger hell \u2013 obwohl Rockmusik bekanntlich im Dunklen besser wirkt.<\/p>\n<p class=\"richtext text-em-55 !leading-serif mx-6 desktop:mx-0\">Trotz der Konkurrenzveranstaltungen ist die Motte gut besucht, neben Rockfans sind auch Familien mit Kindern zu Gast. Schlie\u00dflich handelt es sich um ein Festival f\u00fcr alle Alters- und Bev\u00f6lkerungsschichten, wie der Verein betont: \u201eDer Sinn des Festivals ist zusammengefasst Musik von und aus allen Bev\u00f6lkerungsschichten f\u00fcr alle Bev\u00f6lkerungsschichten\u201c. Darum ist der freie Eintritt dem Verein auch so wichtig. Zusammen mit dem Einlass, der am Samstag um 16 Uhr beginnt, macht er das Motte-Festival zu einem familienfreundlichen Event: \u201eDie Leute bringen ihre Kinder mit, da hinten ist eine H\u00fcpfburg\u201c, schildert L\u00fcnser. So lebt das Festival von seiner famili\u00e4ren Atmosph\u00e4re, die auch die Aussteller genie\u00dfen. Die Cocktailbar lobt ihre Kundschaft als \u201esuperfreundlich\u201c und nimmt \u201eimmer wieder gerne\u201c den weiten Weg von Leverkusen aus auf sich.<\/p>\n<p class=\"richtext text-em-55 !leading-serif mx-6 desktop:mx-0\">Wer tritt denn eigentlich auf? Zu den Acts z\u00e4hlt The Wolf Livingroom Music Community, die auf YouTube vor allem Cover hochl\u00e4dt. So ist das Motte-Festival die B\u00fchnenpremiere. Wolfgang Evertz, dessen Wohnzimmer als Tonstudio fungiert, ist gespannt: \u201eAlle Songs sind heute eine Live-Premiere\u201c. Auch wenn ein YouTube-Auftritt \u201ef\u00fcr Leute unseres Alters\u201c eher ungew\u00f6hnlich sei, ist das Projekt erfolgreich. An den 24 YouTube-Videos waren insgesamt 54 Leute beteiligt, 17 davon sind auch beim Motte-Festival. Dennoch ist das Verlassen des Wohnzimmers \u201ewahrscheinlich bei dem Aufwand auch eine einmalige Geschichte\u201c, erz\u00e4hlt Evertz mit einem Augenzwinkern. Das Vitamin B darf, wie so h\u00e4ufig in der kreativen Welt, nicht fehlen. So stand auch J\u00fcrgen L\u00fcnser schon bei ihm im Wohnzimmer.<\/p>\n<p class=\"richtext text-em-55 !leading-serif mx-6 desktop:mx-0\">Bei dem vielf\u00e4ltigen Line-Up ist f\u00fcr alle Musikfans etwas dabei: Neben Indie, Rock\u2019n\u2019Roll, High-Energy Cover Rock und Progressive Rock sind auch Taiko-Trommeln dabei.<\/p>\n<p class=\"richtext text-em-55 !leading-serif mx-6 desktop:mx-0\">So steht f\u00fcr die Veranstalter und die Musikfans fest: die Motte wird lange nicht eingemottet, sondern wird immer beliebter.<\/p>\n","protected":false},"excerpt":{"rendered":"\u201eJeder kennt irgendjemanden und \u00fcberall wird mal rundgefragt\u201c \u2013 so erkl\u00e4rt J\u00fcrgen L\u00fcnser, der als Schriftf\u00fchrer im Vorstand&hellip;\n","protected":false},"author":2,"featured_media":265852,"comment_status":"","ping_status":"","sticky":false,"template":"","format":"standard","meta":{"footnotes":""},"categories":[1849],"tags":[3364,29,80134,548,663,3934,5561,30,13,80,80133,4455,73672,810,8642,35121,14,15,1209,73673,546,80135,14683,12,10434,29273,39781,40590],"class_list":{"0":"post-265851","1":"post","2":"type-post","3":"status-publish","4":"format-standard","5":"has-post-thumbnail","7":"category-moenchengladbach","8":"tag-de","9":"tag-deutschland","10":"tag-eingemottet","11":"tag-eu","12":"tag-europa","13":"tag-europe","14":"tag-festival","15":"tag-germany","16":"tag-headlines","17":"tag-kultur","18":"tag-luenser","19":"tag-moenchengladbach","20":"tag-motte","21":"tag-musik","22":"tag-musikfestival","23":"tag-musikfestivals","24":"tag-nachrichten","25":"tag-news","26":"tag-nordrhein-westfalen","27":"tag-pur","28":"tag-rock","29":"tag-rockfans","30":"tag-rockmusik","31":"tag-schlagzeilen","32":"tag-verein","33":"tag-vereins","34":"tag-wegberg","35":"tag-wegberger"},"share_on_mastodon":{"url":"https:\/\/pubeurope.com\/@de\/114847836007410025","error":""},"_links":{"self":[{"href":"https:\/\/www.europesays.com\/de\/wp-json\/wp\/v2\/posts\/265851","targetHints":{"allow":["GET"]}}],"collection":[{"href":"https:\/\/www.europesays.com\/de\/wp-json\/wp\/v2\/posts"}],"about":[{"href":"https:\/\/www.europesays.com\/de\/wp-json\/wp\/v2\/types\/post"}],"author":[{"embeddable":true,"href":"https:\/\/www.europesays.com\/de\/wp-json\/wp\/v2\/users\/2"}],"replies":[{"embeddable":true,"href":"https:\/\/www.europesays.com\/de\/wp-json\/wp\/v2\/comments?post=265851"}],"version-history":[{"count":0,"href":"https:\/\/www.europesays.com\/de\/wp-json\/wp\/v2\/posts\/265851\/revisions"}],"wp:featuredmedia":[{"embeddable":true,"href":"https:\/\/www.europesays.com\/de\/wp-json\/wp\/v2\/media\/265852"}],"wp:attachment":[{"href":"https:\/\/www.europesays.com\/de\/wp-json\/wp\/v2\/media?parent=265851"}],"wp:term":[{"taxonomy":"category","embeddable":true,"href":"https:\/\/www.europesays.com\/de\/wp-json\/wp\/v2\/categories?post=265851"},{"taxonomy":"post_tag","embeddable":true,"href":"https:\/\/www.europesays.com\/de\/wp-json\/wp\/v2\/tags?post=265851"}],"curies":[{"name":"wp","href":"https:\/\/api.w.org\/{rel}","templated":true}]}}