{"id":265882,"date":"2025-07-13T20:53:11","date_gmt":"2025-07-13T20:53:11","guid":{"rendered":"https:\/\/www.europesays.com\/de\/265882\/"},"modified":"2025-07-13T20:53:11","modified_gmt":"2025-07-13T20:53:11","slug":"auf-einmal-sind-sie-doch-ganz-nett","status":"publish","type":"post","link":"https:\/\/www.europesays.com\/de\/265882\/","title":{"rendered":"Auf einmal sind sie doch ganz nett"},"content":{"rendered":"<p class=\"tspAMht\">Es ist keine akute Krisenmission, zu der Verteidigungsminister Boris Pistorius (SPD) am Montagmorgen in die USA aufbricht. Schlie\u00dflich ist die Gefahr vorerst gebannt, dass Donald Trump das Schutzversprechen f\u00fcr Europa zur\u00fccknehmen k\u00f6nnte, ohne das der alte Kontinent aktuell nicht verteidigungsf\u00e4hig ist. <\/p>\n<p class=\"tspAMht\">Auf der <a href=\"https:\/\/www.tagesspiegel.de\/internationales\/das-war-nicht-angenehm-fur-die-europaer-so-verteidigt-die-konservative-presse-die-munchner-rede-von-us-vize-vance-13218604.html?icid=in-text-link_14007827\" class=\"link link--internal\" data-gtm-class=\"article-text-link\" data-gtm-val=\"internal\" target=\"_blank\" rel=\"noopener\">M\u00fcnchner Sicherheitskonferenz Mitte Februar<\/a> schien sie noch real, als sein Vize JD Vance den weiteren milit\u00e4rischen Schutz offen infrage stellte.<\/p>\n<p>Abendlage Newsletter<\/p>\n<p><img decoding=\"async\" src=\"https:\/\/www.europesays.com\/de\/wp-content\/uploads\/2025\/04\/morgenlage-abendlage-icon-klein.png\" alt=\"\" class=\"tspAShw\"\/><\/p>\n<p class=\"tspASiu\"> Die wichtigsten Nachrichten des Tages \u2014 abends direkt in Ihr E-Mail-Postfach. <\/p>\n<p class=\"tspAMht\">Der <a href=\"https:\/\/www.tagesspiegel.de\/politik\/der-befurchtete-eklat-bleibt-aus-trump-macht-es-merz-mit-seinen-monologen-leichter-als-erwartet-13810972.html?icid=in-text-link_14007827\" class=\"link link--internal\" data-gtm-class=\"article-text-link\" data-gtm-val=\"internal\" target=\"_blank\" rel=\"noopener\">Antrittsbesuch von Kanzler Friedrich Merz<\/a> (CDU) Anfang Juni im Wei\u00dfen Haus n\u00e4hrte die Hoffnung, dass es nicht so schlimm kommen w\u00fcrde. \u201eJa, das werden wir tun. Das ist kein Problem\u201c, antwortete Trump auf die Frage einer Reporterin, ob er die US-Truppen in Deutschland lassen werde. <\/p>\n<p class=\"tspAMht\">Ende des Monats, beim <a href=\"https:\/\/www.tagesspiegel.de\/internationales\/so-lief-der-nato-gipfel-bekenntnisse-von-trump-neue-freunde-und-ein-vier-augen-gesprach-13916596.html?icid=in-text-link_14007827\" class=\"link link--internal\" data-gtm-class=\"article-text-link\" data-gtm-val=\"internal\" target=\"_blank\" rel=\"noopener\">Nato-Gipfel in Den Haag<\/a>, bei dem die Deutschen und die anderen Europ\u00e4er k\u00fcnftige Sicherheits- und Verteidigungsausgaben in H\u00f6he von f\u00fcnf Prozent ihrer Wirtschaftsleistung zusagten, garantierte Trump schlie\u00dflich weiteren Nato-Beistand bis zum Ende seiner Amtszeit 2029.<\/p>\n<p> Die Neuorientierung Richtung Pazifik bleibt <\/p>\n<p class=\"tspAMht\">Das hei\u00dft aber nicht, dass sich gar nichts \u00e4ndern wird. Eine Reduzierung der amerikanischen Streitkr\u00e4fte in Europa steht immer noch auf der Tagesordnung, weil im Pentagon die sogenannte <a href=\"https:\/\/www.tagesspiegel.de\/politik\/ziehen-die-usa-soldaten-aus-deutschland-ab-die-nato-ist-auf-einen-grosseren-beitrag-der-bundeswehr-angewiesen-13547593.html?icid=in-text-link_14007827\" class=\"link link--internal\" data-gtm-class=\"article-text-link\" data-gtm-val=\"internal\" target=\"_blank\" rel=\"noopener\">\u201eGlobal Posture Review\u201c l\u00e4uf<\/a>t, deren Ergebnisse Ende des Sommers ver\u00f6ffentlicht werden k\u00f6nnten. Die US-Milit\u00e4rs wollen ihre weltweite Truppenpr\u00e4senz neu justieren \u2013 mutma\u00dflich st\u00e4rker in Richtung des Indopazifik zur Eind\u00e4mmung des Rivalen China.<\/p>\n<p class=\"tspAMht\">Ein Ziel von Pistorius wird daher sicherlich sein, von seinem US-Amtskollegen Pete Hegseth mehr \u00fcber den Stand der Dinge zu erfahren. Er d\u00fcrfte auf ausf\u00fchrliche Gespr\u00e4che dringen, sobald die Amerikaner sich festgelegt haben. &#13;<\/p>\n<p class=\"tspAMht\">Schon im M\u00e4rz, als Amerikas weiteres Engagement in Europa noch g\u00e4nzlich zur Disposition stand, hatte er Hegseth gebeten, f\u00fcr den Truppenabzug \u201eeinen Fahrplan zu entwickeln, um L\u00fccken bei den milit\u00e4rischen F\u00e4higkeiten zu vermeiden, die Lastenteilung schrittweise zu organisieren und zu wissen, wer was macht\u201c. Von der \u201ePistorius Roadmap\u201c war anschlie\u00dfend unter Nato-Diplomaten die Rede.&#13;<\/p>\n<p class=\"tspAMht\">Den Wunsch nach einem abgestimmten Verfahren gibt es immer noch \u2013 auch wenn nun im Verteidigungsministerium nicht mehr bef\u00fcrchtet wird, dass die USA \u00fcber Nacht nicht zu schlie\u00dfende L\u00f6cher in die milit\u00e4rische Abschreckung Europas rei\u00dfen werden. &#13;<\/p>\n<p class=\"tspAMht\">\u201eDie Vereinigten Staaten waren und sind unser bedeutendster milit\u00e4rischer Partner. Sie werden auch in Zukunft eine zentrale Rolle einnehmen\u201c, lautet nun die Einsch\u00e4tzung von <a href=\"https:\/\/www.tagesspiegel.de\/politik\/deutschlands-oberster-soldat-im-gesprach-uberall-ist-die-neue-bedrohungslage-noch-nicht-angekommen-12059819.html?icid=in-text-link_14007827\" class=\"link link--internal\" data-gtm-class=\"article-text-link\" data-gtm-val=\"internal\" target=\"_blank\" rel=\"noopener\">Carsten Breuer, dem Generalinspekteur der Bundeswehr<\/a>. Er \u00e4u\u00dfert auf Anfrage des Tagesspiegels zugleich Verst\u00e4ndnis daf\u00fcr, dass Washington \u201eseine Interessen mehr und mehr Richtung Pazifik verschiebt\u201c. Dies sei \u201eauch in unserem Interesse\u201c, da dort \u201eeine der gr\u00f6\u00dften sicherheitspolitischen Herausforderungen\u201c bestehe.<\/p>\n<blockquote class=\"tspA4ju\">\n<p>Das bedeutet nicht, dass die USA ihre Schl\u00fcsself\u00e4higkeiten aus Europa abziehen, im Gegenteil.<\/p>\n<\/blockquote>\n<p class=\"tspA4jv\">Generalinspekteur <strong>Carsten Breuer <\/strong><\/p>\n<p class=\"tspAMht\">Deutschlands oberster Soldat will zudem Zusicherungen erhalten haben, dass es keinen Verlust milit\u00e4rischer Kernkompetenzen der Amerikaner geben wird. Die Neuorientierung Richtung China, so Breuer, \u201ebedeutet nicht, dass die USA ihre Schl\u00fcsself\u00e4higkeiten aus Europa abziehen\u201c. <\/p>\n<p class=\"tspAMht\">Ganz im Gegenteil stehe er im engen Austausch mit seinem amerikanischen Counterpart, General Dan Caine, \u201eauch zum Beispiel zur anstehenden <a href=\"https:\/\/www.tagesspiegel.de\/politik\/us-raketen-fur-deutschland-wie-joe-bidens-abschiedsgeschenk-zum-kommunikativen-albtraum-wurde-12539201.html?icid=in-text-link_14007827\" class=\"link link--internal\" data-gtm-class=\"article-text-link\" data-gtm-val=\"internal\" target=\"_blank\" rel=\"noopener\">Stationierung weitreichender Waffensysteme<\/a> in Deutschland, um Russland abschrecken zu k\u00f6nnen\u201c.<\/p>\n<p> Es bleibt bei der Raketenstationierung  <\/p>\n<p class=\"tspAMht\">Lange hatten er, die Bundeswehr und die Bundesregierung auf diese offizielle Best\u00e4tigung gewartet. Es bleibt bei der noch von den beiden Vorg\u00e4ngerregierungen unter Bundeskanzler Olaf Scholz (SPD) und US-Pr\u00e4sident Joe Biden f\u00fcr das kommende Jahr vereinbarten Verlegung von Tomahawk-Waffensystemen nach Deutschland.<\/p>\n<p class=\"tspAMht\">Abgezogen werden k\u00f6nnten demnach vor allem Einheiten, die die Deutschen und andere Europ\u00e4er in der mittleren Perspektive ersetzen k\u00f6nnen. Dazu aber muss Deutschland, wie Breuer sagt, \u201ezum Motor der Verteidigung Europas werden\u201c. Mit der Lockerung der Schuldenbremse im R\u00fccken geht es nun um die Beschaffung neuen Ger\u00e4ts, um F\u00e4higkeitsl\u00fccken zu schlie\u00dfen, aber mit dem Gesetz f\u00fcr einen neuen Wehrdienst eben auch um deutlich mehr Personal.<\/p>\n<p> Das k\u00f6nnte Sie ebenfalls interessieren <a href=\"https:\/\/www.tagesspiegel.de\/politik\/gipfel-in-den-haag-die-nato-macht-sich-bereit--und-hubsch-fur-donald-trump-13898983.html?icid=topic-list_14007827___\" data-gtm-class=\"article-mzt-link\" class=\"tspBJk9\" target=\"_blank\" rel=\"noopener\">Gipfel in Den Haag beginnt Die Nato macht sich bereit \u2013 und h\u00fcbsch f\u00fcr Donald Trump\u00a0  <\/a><a href=\"https:\/\/www.tagesspiegel.de\/politik\/sie-gibt-die-bundeswehr-milliarden-aus-wir-beschaffen-das-13807438.html?icid=topic-list_14007827___\" data-gtm-class=\"article-mzt-link\" class=\"tspBJk9\" target=\"_blank\" rel=\"noopener\">\u201eWir beschaffen das!\u201c Diese Frau geht mit Milliarden auf Einkaufstour f\u00fcr die Bundeswehr <\/a><a href=\"https:\/\/www.tagesspiegel.de\/politik\/auf-dem-weg-zur-kriegswirtschaft-diese-mega-auftrage-soll-die-industrie-von-der-bundeswehr-bekommen-13477792.html?icid=topic-list_14007827___\" data-gtm-class=\"article-mzt-link\" class=\"tspBJk9\" target=\"_blank\" rel=\"noopener\">Auf dem Weg zur Kriegswirtschaft? Diese Mega-Auftr\u00e4ge soll die Industrie von der Bundeswehr bekommen <\/a><\/p>\n<p class=\"tspAMht\">Weil all das auch im Interesse der Amerikaner ist, darf Pistorius wie schon Merz mit einem durchaus warmen Empfang rechnen in Washington. Und vielleicht beinhaltet der auch mehr Details zur k\u00fcnftigen Aufstellung der US Army in Grafenw\u00f6hr, Ramstein, Stuttgart oder Wiesbaden.&#13;<\/p>\n","protected":false},"excerpt":{"rendered":"Es ist keine akute Krisenmission, zu der Verteidigungsminister Boris Pistorius (SPD) am Montagmorgen in die USA aufbricht. Schlie\u00dflich&hellip;\n","protected":false},"author":2,"featured_media":265883,"comment_status":"","ping_status":"","sticky":false,"template":"","format":"standard","meta":{"footnotes":""},"categories":[3977],"tags":[331,332,1179,685,31,227,106,775,13,6555,1156,5692,14,15,1175,307,12,184,47154,4017,4018,4016,64,4019,4020],"class_list":{"0":"post-265882","1":"post","2":"type-post","3":"status-publish","4":"format-standard","5":"has-post-thumbnail","7":"category-usa","8":"tag-aktuelle-nachrichten","9":"tag-aktuelle-news","10":"tag-boris-pistorius","11":"tag-bundeswehr","12":"tag-cdu","13":"tag-china","14":"tag-donald-trump","15":"tag-friedrich-merz","16":"tag-headlines","17":"tag-joe-biden","18":"tag-militaerbuendnisse","19":"tag-militaerpolitik","20":"tag-nachrichten","21":"tag-news","22":"tag-olaf-scholz","23":"tag-russland","24":"tag-schlagzeilen","25":"tag-spd","26":"tag-stationierungstruppen","27":"tag-united-states","28":"tag-united-states-of-america","29":"tag-us","30":"tag-usa","31":"tag-vereinigte-staaten","32":"tag-vereinigte-staaten-von-amerika"},"share_on_mastodon":{"url":"https:\/\/pubeurope.com\/@de\/114847915169151580","error":""},"_links":{"self":[{"href":"https:\/\/www.europesays.com\/de\/wp-json\/wp\/v2\/posts\/265882","targetHints":{"allow":["GET"]}}],"collection":[{"href":"https:\/\/www.europesays.com\/de\/wp-json\/wp\/v2\/posts"}],"about":[{"href":"https:\/\/www.europesays.com\/de\/wp-json\/wp\/v2\/types\/post"}],"author":[{"embeddable":true,"href":"https:\/\/www.europesays.com\/de\/wp-json\/wp\/v2\/users\/2"}],"replies":[{"embeddable":true,"href":"https:\/\/www.europesays.com\/de\/wp-json\/wp\/v2\/comments?post=265882"}],"version-history":[{"count":0,"href":"https:\/\/www.europesays.com\/de\/wp-json\/wp\/v2\/posts\/265882\/revisions"}],"wp:featuredmedia":[{"embeddable":true,"href":"https:\/\/www.europesays.com\/de\/wp-json\/wp\/v2\/media\/265883"}],"wp:attachment":[{"href":"https:\/\/www.europesays.com\/de\/wp-json\/wp\/v2\/media?parent=265882"}],"wp:term":[{"taxonomy":"category","embeddable":true,"href":"https:\/\/www.europesays.com\/de\/wp-json\/wp\/v2\/categories?post=265882"},{"taxonomy":"post_tag","embeddable":true,"href":"https:\/\/www.europesays.com\/de\/wp-json\/wp\/v2\/tags?post=265882"}],"curies":[{"name":"wp","href":"https:\/\/api.w.org\/{rel}","templated":true}]}}