{"id":265900,"date":"2025-07-13T21:03:15","date_gmt":"2025-07-13T21:03:15","guid":{"rendered":"https:\/\/www.europesays.com\/de\/265900\/"},"modified":"2025-07-13T21:03:15","modified_gmt":"2025-07-13T21:03:15","slug":"toter-in-bonner-parkhaus-entdeckt-polizei-ermittelt-haller-kreisblatt","status":"publish","type":"post","link":"https:\/\/www.europesays.com\/de\/265900\/","title":{"rendered":"Toter in Bonner Parkhaus entdeckt \u2013 Polizei ermittelt | Haller Kreisblatt"},"content":{"rendered":"<p id=\"absatz1\" class=\"em_text\">Einsatzkr\u00e4fte von Polizei und Feuerwehr haben am Morgen einen leblosen Mann in der Bonner Stadthausgarage gefunden. Nach ersten Erkenntnissen war der 41-J\u00e4hrige von einem h\u00f6her gelegenen Plateau in die Tiefe gest\u00fcrzt, berichtete die Polizei.<\/p>\n<p id=\"absatz2\" class=\"em_text\">Da ein Fremdverschulden zun\u00e4chst nicht ausgeschlossen werden konnte, wurde eine Mordkommission eingeschaltet. Eine anschlie\u00dfende Auswertung von Aufnahmen der Video\u00fcberwachung ergab jedoch keine Hinweise auf Fremdeinwirkung. Die Polizei geht derzeit von einem Unfallgeschehen aus. Die Umst\u00e4nde des Vorfalls sind Gegenstand weiterer Ermittlungen.<\/p>\n","protected":false},"excerpt":{"rendered":"Einsatzkr\u00e4fte von Polizei und Feuerwehr haben am Morgen einen leblosen Mann in der Bonner Stadthausgarage gefunden. Nach ersten&hellip;\n","protected":false},"author":2,"featured_media":265901,"comment_status":"","ping_status":"","sticky":false,"template":"","format":"standard","meta":{"footnotes":""},"categories":[1842],"tags":[1741,3364,29,2540,985,30,1209,22165,121,4908,80138],"class_list":{"0":"post-265900","1":"post","2":"type-post","3":"status-publish","4":"format-standard","5":"has-post-thumbnail","7":"category-bonn","8":"tag-bonn","9":"tag-de","10":"tag-deutschland","11":"tag-einsatzkraft","12":"tag-feuerwehr","13":"tag-germany","14":"tag-nordrhein-westfalen","15":"tag-parkhaus","16":"tag-polizei","17":"tag-polizeieinsatz","18":"tag-stadthausgarage"},"share_on_mastodon":{"url":"https:\/\/pubeurope.com\/@de\/114847953938296415","error":""},"_links":{"self":[{"href":"https:\/\/www.europesays.com\/de\/wp-json\/wp\/v2\/posts\/265900","targetHints":{"allow":["GET"]}}],"collection":[{"href":"https:\/\/www.europesays.com\/de\/wp-json\/wp\/v2\/posts"}],"about":[{"href":"https:\/\/www.europesays.com\/de\/wp-json\/wp\/v2\/types\/post"}],"author":[{"embeddable":true,"href":"https:\/\/www.europesays.com\/de\/wp-json\/wp\/v2\/users\/2"}],"replies":[{"embeddable":true,"href":"https:\/\/www.europesays.com\/de\/wp-json\/wp\/v2\/comments?post=265900"}],"version-history":[{"count":0,"href":"https:\/\/www.europesays.com\/de\/wp-json\/wp\/v2\/posts\/265900\/revisions"}],"wp:featuredmedia":[{"embeddable":true,"href":"https:\/\/www.europesays.com\/de\/wp-json\/wp\/v2\/media\/265901"}],"wp:attachment":[{"href":"https:\/\/www.europesays.com\/de\/wp-json\/wp\/v2\/media?parent=265900"}],"wp:term":[{"taxonomy":"category","embeddable":true,"href":"https:\/\/www.europesays.com\/de\/wp-json\/wp\/v2\/categories?post=265900"},{"taxonomy":"post_tag","embeddable":true,"href":"https:\/\/www.europesays.com\/de\/wp-json\/wp\/v2\/tags?post=265900"}],"curies":[{"name":"wp","href":"https:\/\/api.w.org\/{rel}","templated":true}]}}