{"id":265936,"date":"2025-07-13T21:23:16","date_gmt":"2025-07-13T21:23:16","guid":{"rendered":"https:\/\/www.europesays.com\/de\/265936\/"},"modified":"2025-07-13T21:23:16","modified_gmt":"2025-07-13T21:23:16","slug":"keine-strukturelle-verletzung-bei-finn-jeltsch","status":"publish","type":"post","link":"https:\/\/www.europesays.com\/de\/265936\/","title":{"rendered":"Keine strukturelle Verletzung bei Finn Jeltsch"},"content":{"rendered":"<p>\n                                        Aufatmen bei Finn Jeltsch: Der Innenverteidiger des VfB Stuttgart hat sich im Testspiel am Samstag keine strukturelle Verletzung zugezogen. Nach ein paar Tagen mit individuellen Einheiten soll er ins Mannschaftstraining zur\u00fcckkehren, sofern seine Beschwerden dann abgeklungen sind.<\/p>\n<p>\n<br \/>Jeltsch wurde in der Schlussphase der Partie gegen den SV Fellbach ausgewechselt, da er Probleme im Adduktorenbereich versp\u00fcrte. Die anberaumte MRT-Untersuchung brachte nun Entwarnung.<\/p>\n<p><b>Zur urspr\u00fcnglichen Meldung:<\/b>                                <\/p>\n<p>                                                                Jeltsch muss in der Schlussphase des Testspiels ausgewechselt werden<\/p>\n<p class=\"pt-md\">Zwar konnte der VfB Stuttgart sein Testspiel gegen den SV Fellbach am Samstag deutlich gewinnen, musste dabei aber wom\u00f6glich Verletzungen von gleich drei Akteuren hinnehmen. Zu ihnen geh\u00f6rt auch Finn Jeltsch, der mit Problemen im Adduktorenbereich das Feld in der 86. Minute verlie\u00df.<\/p>\n<p>Er wurde durch Christopher Olivier ersetzt, der bereits in der ersten Halbzeit zum Einsatz gekommen war. N\u00e4here Untersuchungen sollen \u2013 ebenso wie bei Justin Diehl und Nachwuchstalent Salvatore Mule \u2013 am Sonntag erfolgen.<\/p>\n<p>\u201eIch habe viele gute Dinge gesehen, aber auch ein Gegentor, was man in solchen Spielen nicht bekommen m\u00f6chte\u201c, sagte Trainer Sebastian Hoene\u00df nach dem 7:1-Erfolg. \u201eBitter sind die drei Verletzten. Wir wissen noch nichts genaueres, m\u00fcssen die Untersuchungen abwarten. Aber das braucht in so einem Spiel nat\u00fcrlich niemand.\u201c<\/p>\n<p><\/p>\n<p>LIGAINSIDER-DURCHSCHNITTSNOTE in den letzten VIER Jahren<\/p>\n","protected":false},"excerpt":{"rendered":"Aufatmen bei Finn Jeltsch: Der Innenverteidiger des VfB Stuttgart hat sich im Testspiel am Samstag keine strukturelle Verletzung&hellip;\n","protected":false},"author":2,"featured_media":265937,"comment_status":"","ping_status":"","sticky":false,"template":"","format":"standard","meta":{"footnotes":""},"categories":[1830],"tags":[4808,31078,1634,2217,3364,29,59123,347,30,24043,15,5422,265,924,1441,1288,2627,2915,5421],"class_list":{"0":"post-265936","1":"post","2":"type-post","3":"status-publish","4":"format-standard","5":"has-post-thumbnail","7":"category-stuttgart","8":"tag-1-bundesliga","9":"tag-2025-26","10":"tag-baden-wuerttemberg","11":"tag-bilanz","12":"tag-de","13":"tag-deutschland","14":"tag-finn-jeltsch","15":"tag-fussball","16":"tag-germany","17":"tag-innenverteidiger","18":"tag-news","19":"tag-quote","20":"tag-sport","21":"tag-statistik","22":"tag-stuttgart","23":"tag-transfers","24":"tag-verletzungen","25":"tag-vfb-stuttgart","26":"tag-wechsel"},"share_on_mastodon":{"url":"https:\/\/pubeurope.com\/@de\/114848032628040236","error":""},"_links":{"self":[{"href":"https:\/\/www.europesays.com\/de\/wp-json\/wp\/v2\/posts\/265936","targetHints":{"allow":["GET"]}}],"collection":[{"href":"https:\/\/www.europesays.com\/de\/wp-json\/wp\/v2\/posts"}],"about":[{"href":"https:\/\/www.europesays.com\/de\/wp-json\/wp\/v2\/types\/post"}],"author":[{"embeddable":true,"href":"https:\/\/www.europesays.com\/de\/wp-json\/wp\/v2\/users\/2"}],"replies":[{"embeddable":true,"href":"https:\/\/www.europesays.com\/de\/wp-json\/wp\/v2\/comments?post=265936"}],"version-history":[{"count":0,"href":"https:\/\/www.europesays.com\/de\/wp-json\/wp\/v2\/posts\/265936\/revisions"}],"wp:featuredmedia":[{"embeddable":true,"href":"https:\/\/www.europesays.com\/de\/wp-json\/wp\/v2\/media\/265937"}],"wp:attachment":[{"href":"https:\/\/www.europesays.com\/de\/wp-json\/wp\/v2\/media?parent=265936"}],"wp:term":[{"taxonomy":"category","embeddable":true,"href":"https:\/\/www.europesays.com\/de\/wp-json\/wp\/v2\/categories?post=265936"},{"taxonomy":"post_tag","embeddable":true,"href":"https:\/\/www.europesays.com\/de\/wp-json\/wp\/v2\/tags?post=265936"}],"curies":[{"name":"wp","href":"https:\/\/api.w.org\/{rel}","templated":true}]}}