{"id":26594,"date":"2025-04-12T18:14:09","date_gmt":"2025-04-12T18:14:09","guid":{"rendered":"https:\/\/www.europesays.com\/de\/26594\/"},"modified":"2025-04-12T18:14:09","modified_gmt":"2025-04-12T18:14:09","slug":"sc-weiche-flensburg-08-sv-werder-bremen-ii-aus-langweiler-wird-spektakel-regionalliga-nord","status":"publish","type":"post","link":"https:\/\/www.europesays.com\/de\/26594\/","title":{"rendered":"SC Weiche Flensburg 08 &#8211; SV Werder Bremen II: Aus Langweiler wird Spektakel &#8211; Regionalliga Nord"},"content":{"rendered":"<p>Im Spiel des SC Weiche Flensburg 08 gegen die Zweitvertretung des SV Werder Bremen gab es Tore am laufenden Band. Am Ende teilten sich sich beide Kontrahenten die Punkte beim Stand von 3:3.<\/p>\n<p class=\"is-first-paragraph\" data-external=\"Article.FirstParagraph\">Die Vorzeichen hatten auf Sieg zugunsten von Bremen II gestanden. Die 90 Minuten zeigten jedoch, dass Werder II der Favoritenrolle nicht gerecht wurde. Das Hinspiel hatte die Gr\u00fcn-Wei\u00dfen f\u00fcr sich entschieden. Damals hie\u00df das Ergebnis 4:1.<\/p>\n<p>F\u00fcr Leon Opitz war der Einsatz nach drei Minuten vorbei. F\u00fcr ihn wurde Dominik Kasper eingewechselt. Karim H\u00fcneburg musste nach nur 17 Minuten vom Platz, f\u00fcr ihn spielte Bjarne Schleemann weiter. Zur Halbzeit war die Partie noch vollkommen offen. Remis lautete das Zwischenresultat. Mit einem Wechsel \u2013 Paul Levi Wagner kam f\u00fcr David Amalachukwu Igboanugo \u2013 startete der SV <a class=\"is-link c-block-items__link c-link--rich-text-renderer\" href=\"https:\/\/www.welt.de\/sport\/fussball\/bundesliga\/werder-bremen\/\" title=\"News und Hintergr\u00fcnde zu Werder Bremen finden Sie in unserem Themenspecial.\" data-internal-tracking-enabled=\"true\" data-internal-tracking=\"{&quot;action&quot;:&quot;click&quot;,&quot;label&quot;:&quot;link&quot;,&quot;name&quot;:&quot;Inline Element&quot;,&quot;data&quot;:{&quot;source&quot;:&quot;&quot;,&quot;target&quot;:&quot;https:\/\/www.welt.de\/sport\/fussball\/bundesliga\/werder-bremen\/&quot;,&quot;trackingName&quot;:&quot;News und Hintergr\u00fcnde zu Werder Bremen finden Sie in unserem Themenspecial.&quot;,&quot;trackingLabel&quot;:&quot;News und Hintergr\u00fcnde zu Werder Bremen finden Sie in unserem Themenspecial.&quot;}}\" target=\"_blank\" rel=\"noopener\">Werder Bremen<\/a> II in Durchgang zwei. Ben Opoku Labes bef\u00f6rderte das Leder zum 1:0 von Flensburg in die Maschen (56.). Jannic Ehlers vollendete in der 69. Minute vor 873 Zuschauern zum Ausgleichstreffer. Der Treffer zum 2:1 sicherte dem SCW nicht nur die F\u00fchrung \u2013 es war auch bereits der zweite von Labes in diesem Spiel (73.). Marshall Murray Ngassa Faleu versenkte die Kugel zum 3:1 f\u00fcr die Heimmannschaft (86.). Maik Lukowicz witterte seine Chance und schoss den Ball zum 2:3 f\u00fcr Bremen II ein (89.). F\u00fcr den Gleichstand, der kurz vor dem Ende zustande kam, zeichnete Joel Victor Imasuen mit seinem Treffer aus der 90. Minute verantwortlich. Die 3:3-Punkteteilung war letztlich besiegelt, als Referee Julian Meckfessel (Bissendorf) die Partie nach 90 Minuten abpfiff.<\/p>\n<p><b>+++ Alle Tore der 1. und 2. Bundesliga mit WELTplus direkt nach Abpfiff! Jetzt sichern: <\/b><a class=\"is-link c-block-items__link c-link--rich-text-renderer\" href=\"https:\/\/digital.welt.de\/weltplus_bundesliga\/\" data-internal-tracking-enabled=\"true\" data-internal-tracking=\"{&quot;action&quot;:&quot;click&quot;,&quot;label&quot;:&quot;link&quot;,&quot;name&quot;:&quot;Inline Element&quot;,&quot;data&quot;:{&quot;source&quot;:&quot;&quot;,&quot;target&quot;:&quot;https:\/\/digital.welt.de\/weltplus_bundesliga\/&quot;,&quot;trackingName&quot;:&quot;&quot;,&quot;trackingLabel&quot;:&quot;&quot;}}\" target=\"_blank\" rel=\"noopener\"><b>Bundesliga-Highlights bei WELT<\/b><\/a><b> +++<\/b><\/p>\n<p>Der SC Weiche Flensburg 08 ist in der R\u00fcckrunde noch ohne Sieg. Gerade einmal vier Punkte fuhr Flensburg bisher ein. Nach 28 absolvierten Begegnungen nimmt der SCW den 13. Platz in der Tabelle ein. Neun Siege, sieben Remis und zw\u00f6lf Niederlagen hat der SC Weiche Flensburg 08 derzeit auf dem Konto. F\u00fcr Flensburg sprangen in den letzten f\u00fcnf Spielen nur zwei Punkte heraus.<\/p>\n<p>Bei Werder II pr\u00e4sentierte sich die Abwehr angesichts 51 Gegentreffer immer wieder wackelig. Allerdings traf die Offensive daf\u00fcr auch gerne ins gegnerische Tor (70). Das Konto der G\u00e4ste z\u00e4hlt mittlerweile 47 Punkte. Damit steht der SV Werder Bremen II kurz vor Saisonende auf einem starken vierten Platz. Bremen II verbuchte insgesamt 14 Siege, f\u00fcnf Remis und zehn Niederlagen. Seit f\u00fcnf Partien ist es keiner Mannschaft mehr gelungen, Werder II zu besiegen.<\/p>\n<p>W\u00e4hrend der SCW am kommenden Donnerstag den <a class=\"is-link c-block-items__link c-link--rich-text-renderer\" href=\"https:\/\/www.welt.de\/themen\/vfb-luebeck\/\" title=\"News und Hintergr\u00fcnde zum VfB L\u00fcbeck finden Sie auf unserer Themenseite.\" data-internal-tracking-enabled=\"true\" data-internal-tracking=\"{&quot;action&quot;:&quot;click&quot;,&quot;label&quot;:&quot;link&quot;,&quot;name&quot;:&quot;Inline Element&quot;,&quot;data&quot;:{&quot;source&quot;:&quot;&quot;,&quot;target&quot;:&quot;https:\/\/www.welt.de\/themen\/vfb-luebeck\/&quot;,&quot;trackingName&quot;:&quot;News und Hintergr\u00fcnde zum VfB L\u00fcbeck finden Sie auf unserer Themenseite.&quot;,&quot;trackingLabel&quot;:&quot;News und Hintergr\u00fcnde zum VfB L\u00fcbeck finden Sie auf unserer Themenseite.&quot;}}\" target=\"_blank\" rel=\"noopener\">VfB L\u00fcbeck<\/a> empf\u00e4ngt, bekommt es der SV Werder Bremen II am selben Tag mit der Reserve des <a class=\"is-link c-block-items__link c-link--rich-text-renderer\" href=\"https:\/\/www.welt.de\/themen\/fc-st-pauli\/\" title=\"News und Hintergr\u00fcnde zum FC St. Pauli finden Sie auf unserer Themenseite.\" data-internal-tracking-enabled=\"true\" data-internal-tracking=\"{&quot;action&quot;:&quot;click&quot;,&quot;label&quot;:&quot;link&quot;,&quot;name&quot;:&quot;Inline Element&quot;,&quot;data&quot;:{&quot;source&quot;:&quot;&quot;,&quot;target&quot;:&quot;https:\/\/www.welt.de\/themen\/fc-st-pauli\/&quot;,&quot;trackingName&quot;:&quot;News und Hintergr\u00fcnde zum FC St. Pauli finden Sie auf unserer Themenseite.&quot;,&quot;trackingLabel&quot;:&quot;News und Hintergr\u00fcnde zum FC St. Pauli finden Sie auf unserer Themenseite.&quot;}}\" target=\"_blank\" rel=\"noopener\">FC St. Pauli<\/a> zu tun.<\/p>\n<p>Dieser Artikel wurde automatisch von unserem Partner Retresco anhand von Spieldaten erstellt.<\/p>\n<p>FUSSBALL.DE<\/p>\n","protected":false},"excerpt":{"rendered":"Im Spiel des SC Weiche Flensburg 08 gegen die Zweitvertretung des SV Werder Bremen gab es Tore am&hellip;\n","protected":false},"author":2,"featured_media":26595,"comment_status":"","ping_status":"","sticky":false,"template":"","format":"standard","meta":{"footnotes":""},"categories":[1824],"tags":[2420,3364,29,30,15384,15383,15382,3694],"class_list":{"0":"post-26594","1":"post","2":"type-post","3":"status-publish","4":"format-standard","5":"has-post-thumbnail","7":"category-bremen","8":"tag-bremen","9":"tag-de","10":"tag-deutschland","11":"tag-germany","12":"tag-regionalliga-nord","13":"tag-sc-weiche-flensburg-08","14":"tag-sv-werder-bremen-ii","15":"tag-textengine"},"share_on_mastodon":{"url":"https:\/\/pubeurope.com\/@de\/114326356891250689","error":""},"_links":{"self":[{"href":"https:\/\/www.europesays.com\/de\/wp-json\/wp\/v2\/posts\/26594","targetHints":{"allow":["GET"]}}],"collection":[{"href":"https:\/\/www.europesays.com\/de\/wp-json\/wp\/v2\/posts"}],"about":[{"href":"https:\/\/www.europesays.com\/de\/wp-json\/wp\/v2\/types\/post"}],"author":[{"embeddable":true,"href":"https:\/\/www.europesays.com\/de\/wp-json\/wp\/v2\/users\/2"}],"replies":[{"embeddable":true,"href":"https:\/\/www.europesays.com\/de\/wp-json\/wp\/v2\/comments?post=26594"}],"version-history":[{"count":0,"href":"https:\/\/www.europesays.com\/de\/wp-json\/wp\/v2\/posts\/26594\/revisions"}],"wp:featuredmedia":[{"embeddable":true,"href":"https:\/\/www.europesays.com\/de\/wp-json\/wp\/v2\/media\/26595"}],"wp:attachment":[{"href":"https:\/\/www.europesays.com\/de\/wp-json\/wp\/v2\/media?parent=26594"}],"wp:term":[{"taxonomy":"category","embeddable":true,"href":"https:\/\/www.europesays.com\/de\/wp-json\/wp\/v2\/categories?post=26594"},{"taxonomy":"post_tag","embeddable":true,"href":"https:\/\/www.europesays.com\/de\/wp-json\/wp\/v2\/tags?post=26594"}],"curies":[{"name":"wp","href":"https:\/\/api.w.org\/{rel}","templated":true}]}}