{"id":266029,"date":"2025-07-13T22:18:12","date_gmt":"2025-07-13T22:18:12","guid":{"rendered":"https:\/\/www.europesays.com\/de\/266029\/"},"modified":"2025-07-13T22:18:12","modified_gmt":"2025-07-13T22:18:12","slug":"franzoesischer-tv-sender-zeigt-frankreich-sieg-nicht","status":"publish","type":"post","link":"https:\/\/www.europesays.com\/de\/266029\/","title":{"rendered":"Franz\u00f6sischer TV-Sender zeigt Frankreich-Sieg nicht"},"content":{"rendered":"<p>Fans gucken in die R\u00f6hre <\/p>\n<p>Franz\u00f6sischer TV-Sender zeigt EM-Sieg nicht \u2013 das ist der Grund<\/p>\n<p>13.07.2025 &#8211; 23:57 UhrLesedauer: 1 Min.<\/p>\n<p><a href=\"#focus-0\" class=\"transition-colors duration-200 focus-within:text-magenta block text-current relative\" data-sctrack=\"FocusGalleryImage.Reference\"><img fetchpriority=\"high\" data-testid=\"Opener.Image\" style=\"--lqipURL:url('https:\/\/images.t-online.de\/2025\/07\/Urr6xPwcJXzS\/442x185:2707x1523\/fit-in\/150x0\/filters:blur(25)\/jubel-bei-den-franzoesinnen-ihr-spiel-war-bei-tf1-nicht-zu-sehen.jpg')\"   loading=\"eager\" src=\"https:\/\/www.europesays.com\/de\/wp-content\/uploads\/2025\/07\/jubel-bei-den-franzoesinnen-ihr-spiel-war-bei-tf1-nicht-zu-sehen.jpg\" alt=\"Jubel bei den Franz\u00f6sinnen: Ihr Spiel war bei TF1 nicht zu sehen.\" title=\"Jubel bei den Franz\u00f6sinnen: Ihr Spiel war bei TF1 nicht zu sehen.\" width=\"2707\" height=\"1523\" class=\"bg-[url:var(--lqipURL)] bg-cover bg-center flex h-full w-full max-w-full\" decoding=\"async\"\/><img style=\"--width:32;--height:32\" loading=\"lazy\" src=\"https:\/\/www.t-online.de\/s\/paper\/_next\/static\/media\/zoom-in.f7dae02f.svg\" alt=\"Vergr\u00f6\u00dfern des Bildes\" title=\"Vergr\u00f6\u00dfern des Bildes\" class=\"block h-[calc(var(--height)_\/_16_*_1rem)] w-[calc(var(--width)_\/_16_*_1rem)] max-w-none absolute bottom-8 right-8 rounded-4 bg-snow p-8\" decoding=\"async\"\/><\/a><\/p>\n<p>Jubel bei den Franz\u00f6sinnen: Ihr Spiel war bei TF1 nicht zu sehen. (Quelle: IMAGO\/Priscila B\u00fctler \/ SPP)<\/p>\n<p class=\"font-bold text-18 leading-17\">Frankreichs Nationalmannschaft der Frauen hat am dritten Spieltag den Gruppensieg perfekt gemacht. Doch die heimischen Fans sahen im TV ein anderes Spiel.<\/p>\n<p class=\"text-18 leading-17\">Drei Spiele, drei Siege: Frankreich hat in der &#8222;Todesgruppe&#8220; der Fu\u00dfball-EM der Frauen eine mehr als \u00fcberzeugende Leistung gezeigt. Nach Siegen gegen Titelverteidiger England und Wales folgte am Sonntag ein 5:2 gegen Ex-Europameister Niederlande. Wer die Partie in Frankreich aber wie gewohnt bei TF1, dem gr\u00f6\u00dften Sender des Landes, verfolgen wollte, sah ein anderes Spiel.<\/p>\n<p class=\"text-18 leading-17\">Denn TF1 entschied sich, das Finale der Klub-WM zwischen Paris Saint-Germain und dem <a class=\"transition-colors duration-200 cursor-pointer text-inherit no-underline text-salemsfur md:hover:text-magenta md:hover:border-magenta md:focus:text-magenta border-current border-b border-solid break-words\" href=\"https:\/\/www.t-online.de\/themen\/fc-chelsea\/\" data-sctrack=\"BodyAnchor\" rel=\"nofollow noopener\" target=\"_blank\">FC Chelsea<\/a> zu zeigen, das zeitgleich stattfand. Der Sender hatte die Rechte an beiden Partien. Wie sich sp\u00e4ter zeigte, war das eine ungl\u00fcckliche Entscheidung.<\/p>\n<p class=\"text-18 leading-17\">Zumindest f\u00fcr die Fu\u00dfballfans, die eine erfolgreiche franz\u00f6sische Mannschaft sehen wollten. W\u00e4hrend &#8222;Les Bleues&#8220; ihre Partie gewinnen konnten, verlor PSG das Endspiel gegen den FC Chelsea deutlich mit 0:3.<\/p>\n<p class=\"text-18 leading-17\">ARD-Expertin Almuth Schult nahm die Entscheidung mit Humor. &#8222;Vielleicht war das auch eine Trotzreaktion der Franz\u00f6sinnen, die gezeigt haben: Wir k\u00f6nnen es besser&#8220;, sagte die ehemalige deutsche Nationaltorh\u00fcterin.<\/p>\n","protected":false},"excerpt":{"rendered":"Fans gucken in die R\u00f6hre Franz\u00f6sischer TV-Sender zeigt EM-Sieg nicht \u2013 das ist der Grund 13.07.2025 &#8211; 23:57&hellip;\n","protected":false},"author":2,"featured_media":266030,"comment_status":"","ping_status":"","sticky":false,"template":"","format":"standard","meta":{"footnotes":""},"categories":[3974],"tags":[331,332,548,663,3934,4771,3980,156,62470,48811,13,14,15,965,12],"class_list":{"0":"post-266029","1":"post","2":"type-post","3":"status-publish","4":"format-standard","5":"has-post-thumbnail","7":"category-frankreich","8":"tag-aktuelle-nachrichten","9":"tag-aktuelle-news","10":"tag-eu","11":"tag-europa","12":"tag-europe","13":"tag-fc-chelsea","14":"tag-france","15":"tag-frankreich","16":"tag-fussball-europameisterschaft-der-frauen","17":"tag-gruppensieg","18":"tag-headlines","19":"tag-nachrichten","20":"tag-news","21":"tag-niederlande","22":"tag-schlagzeilen"},"share_on_mastodon":{"url":"https:\/\/pubeurope.com\/@de\/114848248879922217","error":""},"_links":{"self":[{"href":"https:\/\/www.europesays.com\/de\/wp-json\/wp\/v2\/posts\/266029","targetHints":{"allow":["GET"]}}],"collection":[{"href":"https:\/\/www.europesays.com\/de\/wp-json\/wp\/v2\/posts"}],"about":[{"href":"https:\/\/www.europesays.com\/de\/wp-json\/wp\/v2\/types\/post"}],"author":[{"embeddable":true,"href":"https:\/\/www.europesays.com\/de\/wp-json\/wp\/v2\/users\/2"}],"replies":[{"embeddable":true,"href":"https:\/\/www.europesays.com\/de\/wp-json\/wp\/v2\/comments?post=266029"}],"version-history":[{"count":0,"href":"https:\/\/www.europesays.com\/de\/wp-json\/wp\/v2\/posts\/266029\/revisions"}],"wp:featuredmedia":[{"embeddable":true,"href":"https:\/\/www.europesays.com\/de\/wp-json\/wp\/v2\/media\/266030"}],"wp:attachment":[{"href":"https:\/\/www.europesays.com\/de\/wp-json\/wp\/v2\/media?parent=266029"}],"wp:term":[{"taxonomy":"category","embeddable":true,"href":"https:\/\/www.europesays.com\/de\/wp-json\/wp\/v2\/categories?post=266029"},{"taxonomy":"post_tag","embeddable":true,"href":"https:\/\/www.europesays.com\/de\/wp-json\/wp\/v2\/tags?post=266029"}],"curies":[{"name":"wp","href":"https:\/\/api.w.org\/{rel}","templated":true}]}}