{"id":266048,"date":"2025-07-13T22:29:14","date_gmt":"2025-07-13T22:29:14","guid":{"rendered":"https:\/\/www.europesays.com\/de\/266048\/"},"modified":"2025-07-13T22:29:14","modified_gmt":"2025-07-13T22:29:14","slug":"metropolregion-nuernberg-plant-zukunftsagentur-fuer-automobilbranche","status":"publish","type":"post","link":"https:\/\/www.europesays.com\/de\/266048\/","title":{"rendered":"Metropolregion N\u00fcrnberg plant Zukunftsagentur f\u00fcr Automobilbranche"},"content":{"rendered":"<p><a href=\"https:\/\/www.onetz.de\/f\/ic\/ga-large\/articlemedia\/2025\/07\/13\/9c3c9c73-2d19-4637-a2cb-cb802f597268.jpg\" class=\"ps-item\" data-psg=\"https:\/\/www.onetz.de\/oberpfalz\/amberg\/1\" data-size=\"960x687\" data-caption=\"&lt;div&gt;Bild: Michael Sommer&lt;\/div&gt;Die Metropolregion N\u00fcrnberg tagte in Amberg.\" target=\"_blank\" rel=\"noopener\"><img loading=\"lazy\" decoding=\"async\" src=\"https:\/\/www.europesays.com\/de\/wp-content\/uploads\/2025\/07\/9c3c9c73-2d19-4637-a2cb-cb802f597268.jpg\" alt=\"Die Metropolregion N\u00fcrnberg tagte in Amberg. Bild: Michael Sommer\" title=\"\" width=\"805\" height=\"453\" class=\"img-responsive\"\/><\/a><\/p>\n<p>Die Metropolregion N\u00fcrnberg tagte in Amberg.<\/p>\n<p>Bild: Michael Sommer<\/p>\n<p>Die Metropolregion N\u00fcrnberg hat die Gr\u00fcndung einer Zukunftsagentur beschlossen, um die regionale Automobilbranche zu unterst\u00fctzen. Diese Entscheidung fiel w\u00e4hrend einer Sitzung in Amberg, bei der auch ein neues Leitbild f\u00fcr nachhaltiges Wachstum und Besch\u00e4ftigung verabschiedet wurde. <\/p>\n<p>Die Zukunftsagentur soll insbesondere kleine und mittelst\u00e4ndische Unternehmen bei der Entwicklung neuer Gesch\u00e4ftsideen unterst\u00fctzen und Technologie-Kooperationen ansto\u00dfen. Die Finanzierung ist bis 2026 gesichert, und der Rat der Metropolregion wird sich f\u00fcr eine Fortf\u00fchrung beim Bundesministerium f\u00fcr Wirtschaft und Energie einsetzen.<\/p>\n<p>Die Automobilbranche in der Metropolregion stehe vor einem tiefgreifenden Wandel hin zur Elektromobilit\u00e4t. Dies k\u00f6nnte den Abbau zahlreicher Arbeitspl\u00e4tze zur Folge haben. Um dem entgegenzuwirken, hat die Metropolregion das Zielbild \u201eZukunft transform_EMN 2035\u201c verabschiedet, das Handlungsempfehlungen f\u00fcr eine zukunftsf\u00e4hige Zuliefer-Industrie enth\u00e4lt, hei\u00dft es in einer Mitteilung. Die IHK N\u00fcrnberg f\u00fcr Mittelfranken hat dieses Zielbild in Abstimmung mit den Gewerkschaften entwickelt.<\/p>\n<p>Dr. Thomas Koch wird ab M\u00e4rz 2026 die Gesch\u00e4ftsf\u00fchrung der Metropolregion N\u00fcrnberg \u00fcbernehmen. Er kommt von der &#8222;N\u00fcrnbergMesse&#8220; und bringt umfangreiche Erfahrung in den Bereichen International Business, Human Resources und Unternehmenskommunikation mit. Peter Rei\u00df, Ratsvorsitzender der Metropolregion, und Prof. Klaus W\u00fcbbenhorst, Wirtschaftsvorsitzender, begr\u00fc\u00dfen die Entscheidung und sehen in Koch die ideale Besetzung f\u00fcr die zuk\u00fcnftigen Herausforderungen der Region.<\/p>\n<p>Diese Meldung basiert auf Informationen der Metropolregion N\u00fcrnberg und wurde mit Unterst\u00fctzung durch KI erstellt.<\/p>\n","protected":false},"excerpt":{"rendered":"Die Metropolregion N\u00fcrnberg tagte in Amberg. Bild: Michael Sommer Die Metropolregion N\u00fcrnberg hat die Gr\u00fcndung einer Zukunftsagentur beschlossen,&hellip;\n","protected":false},"author":2,"featured_media":266049,"comment_status":"","ping_status":"","sticky":false,"template":"","format":"standard","meta":{"footnotes":""},"categories":[1837],"tags":[38025,772,3364,29,30,2205,68571,3783,2207,13027],"class_list":{"0":"post-266048","1":"post","2":"type-post","3":"status-publish","4":"format-standard","5":"has-post-thumbnail","7":"category-nuernberg","8":"tag-amberg","9":"tag-bayern","10":"tag-de","11":"tag-deutschland","12":"tag-germany","13":"tag-landkreis-amberg-sulzbach","14":"tag-metropolregion-nuernberg","15":"tag-nuernberg","16":"tag-redaktion-amberg","17":"tag-region-amberg"},"share_on_mastodon":{"url":"https:\/\/pubeurope.com\/@de\/114848292296051906","error":""},"_links":{"self":[{"href":"https:\/\/www.europesays.com\/de\/wp-json\/wp\/v2\/posts\/266048","targetHints":{"allow":["GET"]}}],"collection":[{"href":"https:\/\/www.europesays.com\/de\/wp-json\/wp\/v2\/posts"}],"about":[{"href":"https:\/\/www.europesays.com\/de\/wp-json\/wp\/v2\/types\/post"}],"author":[{"embeddable":true,"href":"https:\/\/www.europesays.com\/de\/wp-json\/wp\/v2\/users\/2"}],"replies":[{"embeddable":true,"href":"https:\/\/www.europesays.com\/de\/wp-json\/wp\/v2\/comments?post=266048"}],"version-history":[{"count":0,"href":"https:\/\/www.europesays.com\/de\/wp-json\/wp\/v2\/posts\/266048\/revisions"}],"wp:featuredmedia":[{"embeddable":true,"href":"https:\/\/www.europesays.com\/de\/wp-json\/wp\/v2\/media\/266049"}],"wp:attachment":[{"href":"https:\/\/www.europesays.com\/de\/wp-json\/wp\/v2\/media?parent=266048"}],"wp:term":[{"taxonomy":"category","embeddable":true,"href":"https:\/\/www.europesays.com\/de\/wp-json\/wp\/v2\/categories?post=266048"},{"taxonomy":"post_tag","embeddable":true,"href":"https:\/\/www.europesays.com\/de\/wp-json\/wp\/v2\/tags?post=266048"}],"curies":[{"name":"wp","href":"https:\/\/api.w.org\/{rel}","templated":true}]}}