{"id":266075,"date":"2025-07-13T22:47:10","date_gmt":"2025-07-13T22:47:10","guid":{"rendered":"https:\/\/www.europesays.com\/de\/266075\/"},"modified":"2025-07-13T22:47:10","modified_gmt":"2025-07-13T22:47:10","slug":"fw-stuttgart-kellerbrand-in-einem-hochhaus-in-stuttgart-vaihingen-brand-eines","status":"publish","type":"post","link":"https:\/\/www.europesays.com\/de\/266075\/","title":{"rendered":"FW Stuttgart: Kellerbrand in einem Hochhaus in Stuttgart-Vaihingen &#8211; Brand eines &#8230;"},"content":{"rendered":"<p class=\"date\">14.07.2025 \u2013 00:01<\/p>\n<p class=\"customer\">\n                        <a class=\"story-customer\" title=\"weiter zum newsroom von Feuerwehr Stuttgart\" href=\"https:\/\/www.presseportal.de\/blaulicht\/nr\/161590\" rel=\"nofollow noopener\" target=\"_blank\">Feuerwehr Stuttgart<\/a>\n                    <\/p>\n<p><a data-category=\"citylink-story-view\" data-action=\"click\" data-label=\"Citylink in Meldungsansicht\" class=\"story-city event-trigger\" href=\"https:\/\/www.presseportal.de\/regional\/Stuttgart\" title=\"News aus Stuttgart \" rel=\"nofollow noopener\" target=\"_blank\">Stuttgart<\/a> (ots)<\/p>\n<p>\u00dcber Notruf 112 meldete am Sonntagabend ein Bewohner eines Hochhauses im Pfaffenwaldring einen Brand im Kellergeschoss. Aufgrund des Einsatzstichwortes &#8222;Hochhaus&#8220; alarmierte die Integrierte Leitstelle Stuttgart drei L\u00f6schz\u00fcge der Berufsfeuerwehr und die zust\u00e4ndige Freiwillige Feuerwehr Vaihingen. Bei Eintreffen der ersten Kr\u00e4fte drang Rauch aus dem Untergeschoss. Es brannte in einem Kellerverschlag und in der Elektroinstallation. Zur Brandbek\u00e4mpfung kamen zwei L\u00f6schrohre zum Einsatz. Diese zeigten nach kurzer Zeit ihre Wirkung und das Feuer konnte schnell gel\u00f6scht werden. Jedoch zog bereits der Rauch in einen Treppenraum und in das Kellergeschoss des benachbarten Geb\u00e4udes, das mit dem Brandgeb\u00e4ude in Verbindung stand. Die Brandbek\u00e4mpfung, die Kontrolle der Treppenr\u00e4ume nach gef\u00e4hrdeten Personen und die Entrauchung der R\u00e4ume erforderten den Einsatz von elf Atemschutztrupps.<br \/>\nPersonen sind gl\u00fccklicherweise keine verletzt worden. Umfassende Bel\u00fcftungs- und Entrauchungsma\u00dfnahmen sorgten daf\u00fcr, die betroffenen Bereiche wieder rauchfrei zu machen.<br \/>\nDie durch den Brand schwer in Mitleidenschaft gezogene Elektroinstallation nahm der zust\u00e4ndige Energieversorger au\u00dfer Betrieb. Polizei und Rettungsdienst waren ebenfalls vor Ort. Die Polizei hat die Ermittlungen zur Brandursache aufgenommen.<\/p>\n<p>Einsatzkr\u00e4fte<\/p>\n<p>Berufsfeuerwehr<br \/>\nFeuerwache 1:\t\tL\u00f6schzug, Kleineinsatzfahrzeug-T\u00fcr\u00f6ffnung<br \/>\nFeuerwache 2:\tL\u00f6schzug, Inspektionsdienst, Ger\u00e4tewagen Hygiene, Abrollbeh\u00e4lter Atemschutz<br \/>\nFeuerwache 3:\t\tEinsatzleiter Direktionsdienst<br \/>\nFeuerwache 4:\t\tGer\u00e4tewagen Atemschutz \/ Messtechnik<br \/>\nFeuerwache 5:\t\tL\u00f6schzug, Abrollbeh\u00e4lter L\u00fcftung<\/p>\n<p>Freiwillige Feuerwehr<br \/>\nAbteilung Vaihingen:\tL\u00f6schzug<br \/>\nAbteilung Birkach:\t\tGer\u00e4tewagen Messtechnik<br \/>\nAbteilung Degerloch:\tEinsatzleitwagen zur F\u00fchrungsunterst\u00fctzung<br \/>\nAbteilung M\u00fcnster:\t\tWachbesetzung Feuerwache 1<br \/>\nAbteilung Hofen:\t\tWachbesetzung Feuerwache 1<\/p>\n<p>Rettungsdienst<\/p>\n<p>Organisatorischer Leiter Rettungsdienst, Rettungswagen<\/p>\n<p class=\"contact-headline\">R\u00fcckfragen bitte an:<\/p>\n<p class=\"contact-text\">Feuerwehr Stuttgart<br \/>Presse- und \u00d6ffentlichkeitsarbeit<\/p>\n<p>0711 216 73555<br \/><a href=\"https:\/\/www.presseportal.de\/blaulicht\/pm\/161590\/mailto: 37-Pressestelle@stuttgart.de\" class=\"uri-mailto\" rel=\"nofollow noopener\" target=\"_blank\"> 37-Pressestelle@stuttgart.de<\/a><br \/><a target=\"_blank\" class=\"uri-ext outbound\" rel=\"noopener nofollow\" href=\"https:\/\/www.feuerwehr-stuttgart.de\">www.feuerwehr-stuttgart.de<\/a><\/p>\n<p class=\"originator\">Original-Content von: Feuerwehr Stuttgart, \u00fcbermittelt durch news aktuell<\/p>\n","protected":false},"excerpt":{"rendered":"14.07.2025 \u2013 00:01 Feuerwehr Stuttgart Stuttgart (ots) \u00dcber Notruf 112 meldete am Sonntagabend ein Bewohner eines Hochhauses im&hellip;\n","protected":false},"author":2,"featured_media":108,"comment_status":"","ping_status":"","sticky":false,"template":"","format":"standard","meta":{"footnotes":""},"categories":[1830],"tags":[1634,2919,6187,3364,29,985,30,178,180,179,181,1441],"class_list":{"0":"post-266075","1":"post","2":"type-post","3":"status-publish","4":"format-standard","5":"has-post-thumbnail","7":"category-stuttgart","8":"tag-baden-wuerttemberg","9":"tag-brand","10":"tag-bw","11":"tag-de","12":"tag-deutschland","13":"tag-feuerwehr","14":"tag-germany","15":"tag-presse","16":"tag-pressemeldung","17":"tag-pressemitteilung","18":"tag-pressemitteilungen","19":"tag-stuttgart"},"share_on_mastodon":{"url":"https:\/\/pubeurope.com\/@de\/114848362776264349","error":""},"_links":{"self":[{"href":"https:\/\/www.europesays.com\/de\/wp-json\/wp\/v2\/posts\/266075","targetHints":{"allow":["GET"]}}],"collection":[{"href":"https:\/\/www.europesays.com\/de\/wp-json\/wp\/v2\/posts"}],"about":[{"href":"https:\/\/www.europesays.com\/de\/wp-json\/wp\/v2\/types\/post"}],"author":[{"embeddable":true,"href":"https:\/\/www.europesays.com\/de\/wp-json\/wp\/v2\/users\/2"}],"replies":[{"embeddable":true,"href":"https:\/\/www.europesays.com\/de\/wp-json\/wp\/v2\/comments?post=266075"}],"version-history":[{"count":0,"href":"https:\/\/www.europesays.com\/de\/wp-json\/wp\/v2\/posts\/266075\/revisions"}],"wp:featuredmedia":[{"embeddable":true,"href":"https:\/\/www.europesays.com\/de\/wp-json\/wp\/v2\/media\/108"}],"wp:attachment":[{"href":"https:\/\/www.europesays.com\/de\/wp-json\/wp\/v2\/media?parent=266075"}],"wp:term":[{"taxonomy":"category","embeddable":true,"href":"https:\/\/www.europesays.com\/de\/wp-json\/wp\/v2\/categories?post=266075"},{"taxonomy":"post_tag","embeddable":true,"href":"https:\/\/www.europesays.com\/de\/wp-json\/wp\/v2\/tags?post=266075"}],"curies":[{"name":"wp","href":"https:\/\/api.w.org\/{rel}","templated":true}]}}