{"id":266119,"date":"2025-07-13T23:11:11","date_gmt":"2025-07-13T23:11:11","guid":{"rendered":"https:\/\/www.europesays.com\/de\/266119\/"},"modified":"2025-07-13T23:11:11","modified_gmt":"2025-07-13T23:11:11","slug":"benson-boone-saltos-und-selfies-auf-dem-lollapalooza-festival-unterhaltung","status":"publish","type":"post","link":"https:\/\/www.europesays.com\/de\/266119\/","title":{"rendered":"Benson Boone: Saltos und Selfies auf dem Lollapalooza-Festival | Unterhaltung"},"content":{"rendered":"<p>Berlin \u2013 <b>Dieser S\u00e4nger ist immer auf dem Sprung! US-Senkrechtstarter Benson Boone hat einen besonderen Tick. Bei seinen Konzerten vollf\u00fchrt der K\u00fcnstler waghalsige Saltos. Mal springt er mit R\u00fcckw\u00e4rtsschraube vom Klavier, mal \u00fcberschl\u00e4gt er sich seitw\u00e4rts.<\/b><\/p>\n<p>Bei seinem Auftritt auf dem Lollapalooza-Festival auf dem Gel\u00e4nde des Berliner Olympiastadions am Sonntagabend dauert es ganze 15 Sekunden, bis er w\u00e4hrend seines ersten Songs \u201eSorry I\u2019m Here For Someone Else\u201c einen Salto macht.<\/p>\n<p>Lesen Sie auch<\/p>\n<p><b>Doch nicht nur mit atemberaubenden Spr\u00fcngen wei\u00df der Extremsportler, zu dessen Hobbys Klippenspringen und Mountainbiken z\u00e4hlen, zu \u00fcberzeugen. Auch musikalisch ist Benson Boone eine absolute Wucht! Sein \u00dcberhit \u201eBeautiful Things\u201c katapultierte ihn 2024 weltweit an die Chartspitzen.<\/b><\/p>\n<p>Sp\u00e4testens seit seinem legend\u00e4ren Auftritt beim Coachella-Festival im April in Indigo (Kalifornien) gilt er als ein junger Freddie Mercury (\u202045). Denn dort performte Benson den Queen-Klassiker \u201eBohemian Rhapsody\u201c mit Gr\u00fcndungsmitglied Brian May. Auch optisch erinnern vor allem sein wild wuchernder Schnauzbart und seine \u00fcbergro\u00dfen Vorderz\u00e4hne an den bereits 1991 verstorbenen Queen-Frontmann. <\/p>\n<p><img decoding=\"async\" width=\"992\" height=\"661\" alt=\"rian May (R) performs with Benson Boone (L) at the Coachella Stage during the 202\" src=\"https:\/\/www.europesays.com\/de\/wp-content\/uploads\/2025\/07\/1d5e78e632c5065cbbb931ca5857475f,10dd74f2\"   class=\"dynamic\" loading=\"lazy\"\/><\/p>\n<p class=\"fig__caption__text\">Queen-Gitarrist Brian May (77, r.) trat mit Benson Boone (l.) beim Coachella-Festival auf<\/p>\n<p>Foto: Kevin Mazur\/Getty Images for Coachella<\/p>\n<p>Benson Boone: Song f\u00fcr seinen Vater<\/p>\n<p><b>2021 nahm Benson an der Castingshow \u201eAmerican Idol\u201c (US-Version von DSDS) teil, stieg jedoch vorzeitig aus, nachdem er in die Top 24 gew\u00e4hlt wurde. Diese Entscheidung sei \u201edie Beste, die er jemals gemacht hat\u201c, urteilte sp\u00e4ter S\u00e4ngerin Katy Perry (40, \u201eFirework\u201c), die damals in der Jury sa\u00df.<\/b><\/p>\n<p>Bei seinem rund einst\u00fcndigen Auftritt in Berlin zog Benson 13 Songs lang alle Register seines musikalischen Schaffens. So widmete er seinem Vater den Song \u201eMr. Electric Blue\u201c, weil der so viel besser tanzen kann als er, und bat alle Besucher, ihr Handy in die Taschen zu stecken, um mit \u201eIn the Stars\u201c allen Verstorbenen musikalisch Tribut zu zollen.<\/p>\n<p> An dieser Stelle findest du Inhalte aus Instagram <\/p>\n<p> Um mit Inhalten aus Instagram und anderen sozialen Netzwerken zu interagieren oder diese darzustellen, brauchen wir deine Zustimmung. <\/p>\n<p> soziale Netzwerke aktivieren  Um eingebettete Inhalte anzuzeigen, ist Ihre jederzeit widerrufliche Einwilligung (\u00fcber den Schalter oder \u00fcber &#8220; <a class=\"embed-placeholder__text-link\" href=\"#\" rel=\"noopener noreferrer\" title=\"Tracking widerrufen\"> Widerruf Tracking und Cookies<\/a> &#8220; am Seitenende) zur Verarbeitung personenbezogener Daten n\u00f6tig.  Dabei k\u00f6nnen Daten in Drittl\u00e4nder wie die USA \u00fcbermittelt werden (Art. 49 Abs. 1 lit. a DSGVO). Mit dem Aktivieren des Inhalts stimmen Sie zu. Weitere Infos finden Sie <a class=\"embed-placeholder__text-link\" href=\"#\" rel=\"noopener noreferrer\" title=\"Zu den Privatsph\u00e4re Einstellungen\"> hier<\/a>. <\/p>\n<p><b>Als er ganz am Ende seinen bis dato gr\u00f6\u00dften Hit \u201eBeautiful Things\u201c spielte, nahm er extra seine beiden Goldklunker-Ringe ab und gab sie seinem Tourfotografen zur Aufbewahrung. <\/b><\/p>\n<p>Dann rannte er einmal die gesamte erste Reihe ab, klatschte mit den Fans ab, machte Selfies und lie\u00df sich dr\u00fccken. Ein letzter Salto zum Schluss und die gelungene Show war vorbei. Tosender Applaus f\u00fcr einen fantastischen K\u00fcnstler.<\/p>\n<p>Neben Benson Boone traten am zweiten Tag des <a href=\"https:\/\/www.bild.de\/unterhaltung\/stars-und-leute\/lollapalooza-justin-timberlake-feiert-wilde-regenparty-in-berlin-6872d25176c936104ca7934b\" class=\"text-link\" target=\"_blank\" rel=\"noopener\">Lollapalooza-Festivals <\/a>auch Deutschrock-Bands wie Juli (\u201ePerfekte Welle\u201c) und K-Popstar J-Hope (Killin\u2018 It Girl\u201c) auf. Laut Veranstaltern kamen am Wochenende je 60.000 Besucher pro Tag zur Jubil\u00e4umsausgabe.<\/p>\n","protected":false},"excerpt":{"rendered":"Berlin \u2013 Dieser S\u00e4nger ist immer auf dem Sprung! US-Senkrechtstarter Benson Boone hat einen besonderen Tick. Bei seinen&hellip;\n","protected":false},"author":2,"featured_media":266120,"comment_status":"","ping_status":"","sticky":false,"template":"","format":"standard","meta":{"footnotes":""},"categories":[155],"tags":[29,214,30,1310,69352,810,20448,1703,45,2992,215],"class_list":{"0":"post-266119","1":"post","2":"type-post","3":"status-publish","4":"format-standard","5":"has-post-thumbnail","7":"category-unterhaltung","8":"tag-deutschland","9":"tag-entertainment","10":"tag-germany","11":"tag-konzert","12":"tag-lollapalooza","13":"tag-musik","14":"tag-musikalische-grossveranstaltungen","15":"tag-pop","16":"tag-texttospeech","17":"tag-tournee","18":"tag-unterhaltung"},"share_on_mastodon":{"url":"https:\/\/pubeurope.com\/@de\/114848457329621845","error":""},"_links":{"self":[{"href":"https:\/\/www.europesays.com\/de\/wp-json\/wp\/v2\/posts\/266119","targetHints":{"allow":["GET"]}}],"collection":[{"href":"https:\/\/www.europesays.com\/de\/wp-json\/wp\/v2\/posts"}],"about":[{"href":"https:\/\/www.europesays.com\/de\/wp-json\/wp\/v2\/types\/post"}],"author":[{"embeddable":true,"href":"https:\/\/www.europesays.com\/de\/wp-json\/wp\/v2\/users\/2"}],"replies":[{"embeddable":true,"href":"https:\/\/www.europesays.com\/de\/wp-json\/wp\/v2\/comments?post=266119"}],"version-history":[{"count":0,"href":"https:\/\/www.europesays.com\/de\/wp-json\/wp\/v2\/posts\/266119\/revisions"}],"wp:featuredmedia":[{"embeddable":true,"href":"https:\/\/www.europesays.com\/de\/wp-json\/wp\/v2\/media\/266120"}],"wp:attachment":[{"href":"https:\/\/www.europesays.com\/de\/wp-json\/wp\/v2\/media?parent=266119"}],"wp:term":[{"taxonomy":"category","embeddable":true,"href":"https:\/\/www.europesays.com\/de\/wp-json\/wp\/v2\/categories?post=266119"},{"taxonomy":"post_tag","embeddable":true,"href":"https:\/\/www.europesays.com\/de\/wp-json\/wp\/v2\/tags?post=266119"}],"curies":[{"name":"wp","href":"https:\/\/api.w.org\/{rel}","templated":true}]}}