{"id":266132,"date":"2025-07-13T23:18:11","date_gmt":"2025-07-13T23:18:11","guid":{"rendered":"https:\/\/www.europesays.com\/de\/266132\/"},"modified":"2025-07-13T23:18:11","modified_gmt":"2025-07-13T23:18:11","slug":"22-jaehrige-toedlich-bei-unfall-auf-landstrasse-verunglueckt","status":"publish","type":"post","link":"https:\/\/www.europesays.com\/de\/266132\/","title":{"rendered":"22-J\u00e4hrige t\u00f6dlich bei Unfall auf Landstra\u00dfe verungl\u00fcckt"},"content":{"rendered":"<p>Auf der Landstra\u00dfe <\/p>\n<p>22-J\u00e4hrige stirbt nach Baumkollision<\/p>\n<p>14.07.2025 &#8211; 01:00 UhrLesedauer: 1 Min.<\/p>\n<p><a href=\"#focus-0\" class=\"transition-colors duration-200 focus-within:text-magenta block text-current relative\" data-sctrack=\"FocusGalleryImage.Reference\"><img fetchpriority=\"high\" data-testid=\"Opener.Image\" style=\"--lqipURL:url('https:\/\/images.t-online.de\/2025\/07\/8u83xt7XBE89\/0x75:800x450\/fit-in\/150x0\/filters:blur(25)\/ein-blaulicht-ist-auf-dem-dach-eines-polizeifahrzeugs-zu-sehen-symbolbild-dio-fahrerin-verstarb-noch-an-der-unfallstelle.jpg')\"   loading=\"eager\" src=\"https:\/\/www.europesays.com\/de\/wp-content\/uploads\/2025\/07\/ein-blaulicht-ist-auf-dem-dach-eines-polizeifahrzeugs-zu-sehen-symbolbild-dio-fahrerin-verstarb-noch.jpeg\" alt=\"Ein Blaulicht ist auf dem Dach eines Polizeifahrzeugs zu sehen (Symbolbild): Dio Fahrerin verstarb noch an der Unfallstelle.\" title=\"Ein Blaulicht ist auf dem Dach eines Polizeifahrzeugs zu sehen (Symbolbild): Dio Fahrerin verstarb noch an der Unfallstelle.\" width=\"800\" height=\"450\" class=\"bg-[url:var(--lqipURL)] bg-cover bg-center flex h-full w-full max-w-full\" decoding=\"async\"\/><img style=\"--width:32;--height:32\" loading=\"lazy\" src=\"https:\/\/www.t-online.de\/s\/paper\/_next\/static\/media\/zoom-in.f7dae02f.svg\" alt=\"Vergr\u00f6\u00dfern des Bildes\" title=\"Vergr\u00f6\u00dfern des Bildes\" class=\"block h-[calc(var(--height)_\/_16_*_1rem)] w-[calc(var(--width)_\/_16_*_1rem)] max-w-none absolute bottom-8 right-8 rounded-4 bg-snow p-8\" decoding=\"async\"\/><\/a><\/p>\n<p>Ein Blaulicht ist auf dem Dach eines Polizeifahrzeugs zu sehen (Symbolbild): Dio Fahrerin verstarb noch an der Unfallstelle. (Quelle: Lino Mirgeler\/dpa)<\/p>\n<p class=\"font-bold text-18 leading-17\">Eine junge Autofahrerin ist bei Aachen t\u00f6dlich verungl\u00fcckt. Sie kam aus ungekl\u00e4rter Ursache von der Landstra\u00dfe ab. Die Polizei ermittelt.<\/p>\n<p class=\"text-18 leading-17\">Eine 22-j\u00e4hrige Autofahrerin ist am Morgen bei einem Verkehrsunfall auf einer Landstra\u00dfe im Kreis <a class=\"transition-colors duration-200 cursor-pointer text-inherit no-underline text-salemsfur md:hover:text-magenta md:hover:border-magenta md:focus:text-magenta border-current border-b border-solid break-words\" href=\"https:\/\/www.t-online.de\/themen\/dueren\/\" data-sctrack=\"BodyAnchor\" target=\"_blank\" rel=\"noopener\">D\u00fcren<\/a> bei <a class=\"transition-colors duration-200 cursor-pointer text-inherit no-underline text-salemsfur md:hover:text-magenta md:hover:border-magenta md:focus:text-magenta border-current border-b border-solid break-words\" href=\"https:\/\/www.t-online.de\/themen\/aachen\/\" data-sctrack=\"BodyAnchor\" target=\"_blank\" rel=\"noopener\">Aachen<\/a> ums Leben gekommen. Die junge Frau fuhr auf der L228 aus Richtung Merzenhausen in Richtung Aldenhoven und kam aus noch ungekl\u00e4rter Ursache von der Fahrbahn ab, wie die Polizei mitteilte.<\/p>\n<p class=\"text-18 leading-17\">Das Fahrzeug prallte gegen einen Baum. Die 22-J\u00e4hrige verstarb noch am Unfallort. Der Unfall ereignete sich auf der Strecke bei J\u00fclich.<\/p>\n<p class=\"text-18 leading-17\">Das Verkehrskommissariat hat die Ermittlungen zu den Hintergr\u00fcnden des Unfalls aufgenommen. Die Beamten versuchen nun zu kl\u00e4ren, warum die Fahrerin die Kontrolle \u00fcber ihr Fahrzeug verloren hat.<\/p>\n","protected":false},"excerpt":{"rendered":"Auf der Landstra\u00dfe 22-J\u00e4hrige stirbt nach Baumkollision 14.07.2025 &#8211; 01:00 UhrLesedauer: 1 Min. Ein Blaulicht ist auf dem&hellip;\n","protected":false},"author":2,"featured_media":266133,"comment_status":"","ping_status":"","sticky":false,"template":"","format":"standard","meta":{"footnotes":""},"categories":[1853],"tags":[722,3176,1424,80192,1950,3364,29,9056,548,663,3934,514,30,13,8176,14,15,1209,121,29182,12],"class_list":{"0":"post-266132","1":"post","2":"type-post","3":"status-publish","4":"format-standard","5":"has-post-thumbnail","7":"category-aachen","8":"tag-722","9":"tag-3176","10":"tag-aachen","11":"tag-baumkollision","12":"tag-blaulicht","13":"tag-de","14":"tag-deutschland","15":"tag-dueren","16":"tag-eu","17":"tag-europa","18":"tag-europe","19":"tag-fahrzeug","20":"tag-germany","21":"tag-headlines","22":"tag-landstrasse","23":"tag-nachrichten","24":"tag-news","25":"tag-nordrhein-westfalen","26":"tag-polizei","27":"tag-polizeifahrzeug","28":"tag-schlagzeilen"},"share_on_mastodon":{"url":"https:\/\/pubeurope.com\/@de\/114848484890136284","error":""},"_links":{"self":[{"href":"https:\/\/www.europesays.com\/de\/wp-json\/wp\/v2\/posts\/266132","targetHints":{"allow":["GET"]}}],"collection":[{"href":"https:\/\/www.europesays.com\/de\/wp-json\/wp\/v2\/posts"}],"about":[{"href":"https:\/\/www.europesays.com\/de\/wp-json\/wp\/v2\/types\/post"}],"author":[{"embeddable":true,"href":"https:\/\/www.europesays.com\/de\/wp-json\/wp\/v2\/users\/2"}],"replies":[{"embeddable":true,"href":"https:\/\/www.europesays.com\/de\/wp-json\/wp\/v2\/comments?post=266132"}],"version-history":[{"count":0,"href":"https:\/\/www.europesays.com\/de\/wp-json\/wp\/v2\/posts\/266132\/revisions"}],"wp:featuredmedia":[{"embeddable":true,"href":"https:\/\/www.europesays.com\/de\/wp-json\/wp\/v2\/media\/266133"}],"wp:attachment":[{"href":"https:\/\/www.europesays.com\/de\/wp-json\/wp\/v2\/media?parent=266132"}],"wp:term":[{"taxonomy":"category","embeddable":true,"href":"https:\/\/www.europesays.com\/de\/wp-json\/wp\/v2\/categories?post=266132"},{"taxonomy":"post_tag","embeddable":true,"href":"https:\/\/www.europesays.com\/de\/wp-json\/wp\/v2\/tags?post=266132"}],"curies":[{"name":"wp","href":"https:\/\/api.w.org\/{rel}","templated":true}]}}