{"id":266214,"date":"2025-07-14T00:08:15","date_gmt":"2025-07-14T00:08:15","guid":{"rendered":"https:\/\/www.europesays.com\/de\/266214\/"},"modified":"2025-07-14T00:08:15","modified_gmt":"2025-07-14T00:08:15","slug":"annette-gratz-ist-neuer-bezirksvorsitz-der-frauen-union","status":"publish","type":"post","link":"https:\/\/www.europesays.com\/de\/266214\/","title":{"rendered":"Annette Gratz ist neuer Bezirksvorsitz der Frauen Union"},"content":{"rendered":"<p class=\"text_ohne_einzug richtext text-em-55 !leading-serif mx-6 desktop:mx-0\">Dazu trafen sich die Delegierten aus den Kreisverb\u00e4nden <a href=\"https:\/\/rp-online.de\/thema\/kleve\/\" target=\"_blank\" rel=\"noopener\">Kleve<\/a>, <a href=\"https:\/\/rp-online.de\/thema\/viersen\/\" target=\"_blank\" rel=\"noopener\">Viersen<\/a>, M\u00f6nchengladbach, Krefeld, <a href=\"https:\/\/rp-online.de\/thema\/wesel\/\" target=\"_blank\" rel=\"noopener\">Wesel<\/a> und dem Rhein-Kreis <a href=\"https:\/\/rp-online.de\/thema\/neuss\/\" target=\"_blank\" rel=\"noopener\">Neuss<\/a> im Haus Katz in J\u00fcchen, um sich \u00fcber die frauenpolitischen Leitlinien der kommenden Jahre zu beraten. Annette Gratz wurde einstimmig zur neuen Bezirksvorsitzenden gew\u00e4hlt. Sie folgt auf Sonja Fucken-Kurzawa, die nach zw\u00f6lf Jahren im Amt nicht erneut kandidierte.<\/p>\n<p class=\"richtext text-em-55 !leading-serif mx-6 desktop:mx-0\">Gratz engagiert sich seit 2007 in der <a href=\"https:\/\/rp-online.de\/thema\/cdu\/\" target=\"_blank\" rel=\"noopener\">CDU<\/a> und ist als K\u00e4mmerin und Dezernentin f\u00fcr Finanzen, Ordnungsamt sowie Soziales und Integration in der Stadt J\u00fcchen aktiv. Seit 2023 ist sie zudem stellvertretende Vorsitzende der CDU Neuss. \u201eDie Frauen Union ist das frauenpolitische Gewissen der CDU. Wir stehen daf\u00fcr, dass Gleichstellung nicht nur auf dem Papier stattfindet, sondern in der Lebenswirklichkeit sp\u00fcrbar wird\u201c, betonte Annette Gratz. Die Frauen Union steht als Interessenvertretung von Frauen in der CDU.<\/p>\n","protected":false},"excerpt":{"rendered":"Dazu trafen sich die Delegierten aus den Kreisverb\u00e4nden Kleve, Viersen, M\u00f6nchengladbach, Krefeld, Wesel und dem Rhein-Kreis Neuss im&hellip;\n","protected":false},"author":2,"featured_media":266215,"comment_status":"","ping_status":"","sticky":false,"template":"","format":"standard","meta":{"footnotes":""},"categories":[1831],"tags":[30045,80211,31,3364,29,3405,80209,30,80208,26920,80210,10430,3716,1209,5206,856,1031],"class_list":{"0":"post-266214","1":"post","2":"type-post","3":"status-publish","4":"format-standard","5":"has-post-thumbnail","7":"category-duesseldorf","8":"tag-annette","9":"tag-bezirksvorstand","10":"tag-cdu","11":"tag-de","12":"tag-deutschland","13":"tag-duesseldorf","14":"tag-fucken","15":"tag-germany","16":"tag-gratz","17":"tag-juechen","18":"tag-kurzawa","19":"tag-neuss","20":"tag-niederrhein","21":"tag-nordrhein-westfalen","22":"tag-rhein","23":"tag-union","24":"tag-vorstand"},"share_on_mastodon":{"url":"https:\/\/pubeurope.com\/@de\/114848681366824161","error":""},"_links":{"self":[{"href":"https:\/\/www.europesays.com\/de\/wp-json\/wp\/v2\/posts\/266214","targetHints":{"allow":["GET"]}}],"collection":[{"href":"https:\/\/www.europesays.com\/de\/wp-json\/wp\/v2\/posts"}],"about":[{"href":"https:\/\/www.europesays.com\/de\/wp-json\/wp\/v2\/types\/post"}],"author":[{"embeddable":true,"href":"https:\/\/www.europesays.com\/de\/wp-json\/wp\/v2\/users\/2"}],"replies":[{"embeddable":true,"href":"https:\/\/www.europesays.com\/de\/wp-json\/wp\/v2\/comments?post=266214"}],"version-history":[{"count":0,"href":"https:\/\/www.europesays.com\/de\/wp-json\/wp\/v2\/posts\/266214\/revisions"}],"wp:featuredmedia":[{"embeddable":true,"href":"https:\/\/www.europesays.com\/de\/wp-json\/wp\/v2\/media\/266215"}],"wp:attachment":[{"href":"https:\/\/www.europesays.com\/de\/wp-json\/wp\/v2\/media?parent=266214"}],"wp:term":[{"taxonomy":"category","embeddable":true,"href":"https:\/\/www.europesays.com\/de\/wp-json\/wp\/v2\/categories?post=266214"},{"taxonomy":"post_tag","embeddable":true,"href":"https:\/\/www.europesays.com\/de\/wp-json\/wp\/v2\/tags?post=266214"}],"curies":[{"name":"wp","href":"https:\/\/api.w.org\/{rel}","templated":true}]}}