{"id":266219,"date":"2025-07-14T00:11:15","date_gmt":"2025-07-14T00:11:15","guid":{"rendered":"https:\/\/www.europesays.com\/de\/266219\/"},"modified":"2025-07-14T00:11:15","modified_gmt":"2025-07-14T00:11:15","slug":"justin-diehl-zieht-sich-baenderverletzung-zu","status":"publish","type":"post","link":"https:\/\/www.europesays.com\/de\/266219\/","title":{"rendered":"Justin Diehl zieht sich B\u00e4nderverletzung zu"},"content":{"rendered":"<p>\n                                        Justin Diehl hat sich beim Testspiel des VfB Stuttgart gegen den SV Fellbach eine B\u00e4nderverletzung im Sprunggelenk zugezogen. Das gab der Verein am Sonntag bekannt. Der Offensivspieler hatte den Platz bereits nach knapp 20 Minuten verlassen.<\/p>\n<p>\n<br \/>Wenn der Heilungsprozess wie geplant verl\u00e4uft, soll Diehl mit der Mannschaft Ende Juli ins Trainingslager reisen und dort weitere Reha-Ma\u00dfnahmen durchf\u00fchren. Wann genau der 20-J\u00e4hrige wieder ins Mannschaftstraining einsteigen soll, teilte der VfB nicht mit.<\/p>\n<p><b>Zur Erstmeldung vom 13. Juli 2025:<\/b>                                <\/p>\n<p>                                                                Fr\u00fcher R\u00fcckschlag f\u00fcr Diehl \u2013 Fl\u00fcgelflitzer muss im Testspiel runter<\/p>\n<p class=\"pt-md\">Eigentlich h\u00e4tte es ein Auftakt nach Ma\u00df werden k\u00f6nnen: Im ersten Testspiel der Sommervorbereitung 2025\/26 gegen den SV Fellbach pr\u00e4sentierte sich Justin Diehl in bestechender Fr\u00fchform. Der 20-j\u00e4hrige Fl\u00fcgelspieler erzielte nicht nur das erste Tor der neuen Saison, sondern bereitete auch den zweiten Treffer stark vor. Mit viel Tempo, Dribbelst\u00e4rke und Zug zum Tor war Diehl einer der auff\u00e4lligsten Spieler in der Anfangsphase.<\/p>\n<p>Doch dann der R\u00fcckschlag: Bereits in der 18. Minute musste der Offensivmann angeschlagen ausgewechselt werden. Eine genaue Diagnose steht noch aus, doch die ersten Eindr\u00fccke deuten auf eine m\u00f6gliche Blessur im Sprunggelenk hin.<\/p>\n<p>F\u00fcr Diehl, der in diesem Sommer den n\u00e4chsten Schritt machen will, kommt die Szene zur Unzeit.<\/p>\n<p><\/p>\n<p>LIGAINSIDER-DURCHSCHNITTSNOTE in den letzten VIER Jahren<\/p>\n","protected":false},"excerpt":{"rendered":"Justin Diehl hat sich beim Testspiel des VfB Stuttgart gegen den SV Fellbach eine B\u00e4nderverletzung im Sprunggelenk zugezogen.&hellip;\n","protected":false},"author":2,"featured_media":266220,"comment_status":"","ping_status":"","sticky":false,"template":"","format":"standard","meta":{"footnotes":""},"categories":[1830],"tags":[4808,31078,1634,2217,3364,29,347,30,28892,5420,15,5422,265,924,1441,1288,2627,2915,5421],"class_list":{"0":"post-266219","1":"post","2":"type-post","3":"status-publish","4":"format-standard","5":"has-post-thumbnail","7":"category-stuttgart","8":"tag-1-bundesliga","9":"tag-2025-26","10":"tag-baden-wuerttemberg","11":"tag-bilanz","12":"tag-de","13":"tag-deutschland","14":"tag-fussball","15":"tag-germany","16":"tag-justin-diehl","17":"tag-linke-aussenbahn","18":"tag-news","19":"tag-quote","20":"tag-sport","21":"tag-statistik","22":"tag-stuttgart","23":"tag-transfers","24":"tag-verletzungen","25":"tag-vfb-stuttgart","26":"tag-wechsel"},"share_on_mastodon":{"url":"https:\/\/pubeurope.com\/@de\/114848693244137187","error":""},"_links":{"self":[{"href":"https:\/\/www.europesays.com\/de\/wp-json\/wp\/v2\/posts\/266219","targetHints":{"allow":["GET"]}}],"collection":[{"href":"https:\/\/www.europesays.com\/de\/wp-json\/wp\/v2\/posts"}],"about":[{"href":"https:\/\/www.europesays.com\/de\/wp-json\/wp\/v2\/types\/post"}],"author":[{"embeddable":true,"href":"https:\/\/www.europesays.com\/de\/wp-json\/wp\/v2\/users\/2"}],"replies":[{"embeddable":true,"href":"https:\/\/www.europesays.com\/de\/wp-json\/wp\/v2\/comments?post=266219"}],"version-history":[{"count":0,"href":"https:\/\/www.europesays.com\/de\/wp-json\/wp\/v2\/posts\/266219\/revisions"}],"wp:featuredmedia":[{"embeddable":true,"href":"https:\/\/www.europesays.com\/de\/wp-json\/wp\/v2\/media\/266220"}],"wp:attachment":[{"href":"https:\/\/www.europesays.com\/de\/wp-json\/wp\/v2\/media?parent=266219"}],"wp:term":[{"taxonomy":"category","embeddable":true,"href":"https:\/\/www.europesays.com\/de\/wp-json\/wp\/v2\/categories?post=266219"},{"taxonomy":"post_tag","embeddable":true,"href":"https:\/\/www.europesays.com\/de\/wp-json\/wp\/v2\/tags?post=266219"}],"curies":[{"name":"wp","href":"https:\/\/api.w.org\/{rel}","templated":true}]}}