{"id":266321,"date":"2025-07-14T01:15:49","date_gmt":"2025-07-14T01:15:49","guid":{"rendered":"https:\/\/www.europesays.com\/de\/266321\/"},"modified":"2025-07-14T01:15:49","modified_gmt":"2025-07-14T01:15:49","slug":"bonn-172-000-euro-fuer-kirmes-und-co","status":"publish","type":"post","link":"https:\/\/www.europesays.com\/de\/266321\/","title":{"rendered":"Bonn: 172.000 Euro f\u00fcr Kirmes und Co."},"content":{"rendered":"<p class=\"small date article__date\">Ver\u00f6ffentlicht:\u00a0Donnerstag, 10.07.2025 06:25<\/p>\n<p>Die Stadt Bonn kann nicht mehr alle Kosten f\u00fcr Veranstaltungen wie Kirmes, Weihnachtsmarkt und Co. auf die Schausteller umlegen. Das bedeutet, dass die Stadt knapp 172.000 Euro aus eigener Tasche bezahlen muss &#8211; und das pro Jahr. <\/p>\n<p><img decoding=\"async\" alt=\"\" src=\"https:\/\/www.europesays.com\/de\/wp-content\/uploads\/2025\/07\/img_2075.jpg&#038;crop=0x872x3024x1890&#038;resize=1280x800&#038;dt=202409061703290.jpeg\" data-size=\"1280x800\"\/>\u00a9 RBRS\/Sarah Lenz<\/p>\n<p>Hintergrund ist ein Urteil des Verwaltungsgerichts in Minden. Das Verwaltungsgericht hat entschieden, dass die Stadt f\u00fcr nicht notwendige Programmpunkte oder zus\u00e4tzliche Leistungen bei den Veranstaltungen zahlen muss, wenn sie sich die als Veranstalterin w\u00fcnscht. Die H\u00e4ndler und Schausteller k\u00f6nnen daf\u00fcr nicht mehr herangezogen werden. Das sind zum Beispiel das Feuerwerk bei P\u00fctzchens Markt, der traditionelle Festumzug, auch Dekorationen und Beleuchtung unter anderem auch beim Weihnachtsmarkt ebenso wie B\u00fchnen. Auch Kosten f\u00fcr die Werbung d\u00fcrfen nun nur noch teilweise weitergegeben werden, den Gro\u00dfteil davon muss die Stadt tragen.\u00a0<\/p>\n<p>\u00a0<\/p>\n","protected":false},"excerpt":{"rendered":"Ver\u00f6ffentlicht:\u00a0Donnerstag, 10.07.2025 06:25 Die Stadt Bonn kann nicht mehr alle Kosten f\u00fcr Veranstaltungen wie Kirmes, Weihnachtsmarkt und Co.&hellip;\n","protected":false},"author":2,"featured_media":266322,"comment_status":"","ping_status":"","sticky":false,"template":"","format":"standard","meta":{"footnotes":""},"categories":[1842],"tags":[60571,1741,3364,29,30,1209,4833,3866,8497],"class_list":{"0":"post-266321","1":"post","2":"type-post","3":"status-publish","4":"format-standard","5":"has-post-thumbnail","7":"category-bonn","8":"tag-ptzchens-markt","9":"tag-bonn","10":"tag-de","11":"tag-deutschland","12":"tag-germany","13":"tag-nordrhein-westfalen","14":"tag-schausteller","15":"tag-veranstaltungen","16":"tag-weihnachtsmarkt"},"share_on_mastodon":{"url":"https:\/\/pubeurope.com\/@de\/114848948773437917","error":""},"_links":{"self":[{"href":"https:\/\/www.europesays.com\/de\/wp-json\/wp\/v2\/posts\/266321","targetHints":{"allow":["GET"]}}],"collection":[{"href":"https:\/\/www.europesays.com\/de\/wp-json\/wp\/v2\/posts"}],"about":[{"href":"https:\/\/www.europesays.com\/de\/wp-json\/wp\/v2\/types\/post"}],"author":[{"embeddable":true,"href":"https:\/\/www.europesays.com\/de\/wp-json\/wp\/v2\/users\/2"}],"replies":[{"embeddable":true,"href":"https:\/\/www.europesays.com\/de\/wp-json\/wp\/v2\/comments?post=266321"}],"version-history":[{"count":0,"href":"https:\/\/www.europesays.com\/de\/wp-json\/wp\/v2\/posts\/266321\/revisions"}],"wp:featuredmedia":[{"embeddable":true,"href":"https:\/\/www.europesays.com\/de\/wp-json\/wp\/v2\/media\/266322"}],"wp:attachment":[{"href":"https:\/\/www.europesays.com\/de\/wp-json\/wp\/v2\/media?parent=266321"}],"wp:term":[{"taxonomy":"category","embeddable":true,"href":"https:\/\/www.europesays.com\/de\/wp-json\/wp\/v2\/categories?post=266321"},{"taxonomy":"post_tag","embeddable":true,"href":"https:\/\/www.europesays.com\/de\/wp-json\/wp\/v2\/tags?post=266321"}],"curies":[{"name":"wp","href":"https:\/\/api.w.org\/{rel}","templated":true}]}}