{"id":266419,"date":"2025-07-14T02:13:26","date_gmt":"2025-07-14T02:13:26","guid":{"rendered":"https:\/\/www.europesays.com\/de\/266419\/"},"modified":"2025-07-14T02:13:26","modified_gmt":"2025-07-14T02:13:26","slug":"hessen-was-wird-aus-fatih-kaya-vom-sv-wehen-wiesbaden-fester-bestandteil","status":"publish","type":"post","link":"https:\/\/www.europesays.com\/de\/266419\/","title":{"rendered":"Hessen: Was wird aus Fatih Kaya vom SV Wehen Wiesbaden? &#8222;Fester Bestandteil&#8220;"},"content":{"rendered":"<p class=\"metatextline\">Stand: 13.07.2025 11:36 Uhr<\/p>\n<p class=\"textabsatz columns twelve  m-ten  m-offset-one l-eight l-offset-two\">\n        <strong>Der SV Wehen Wiesbaden kann nicht nur wegen des Sieges gegen Schalke 04 zufrieden sein mit der bisherigen Vorbereitung. Eine entscheidende Frage aber begleitet den Drittligisten in diesen Tagen: Was wird aus Fatih Kaya?<\/strong>\n    <\/p>\n<p class=\"textabsatz m-ten m-offset-one l-eight l-offset-two columns twelve\">\nIn seiner Analyse des Gesehenen zeigte Nils D\u00f6ring knallhart die Fehlleistungen seiner Fu\u00dfballer auf. &#8222;Wir m\u00fcssen mit dem Ball bessere Entscheidungen treffen, wir hatten da zu viele Leichtsinnsfehler&#8220;, sagte der Trainer von Drittligist SV Wehen Wiesbaden am hr-sport-Mikro. Zudem: &#8222;Die beiden Gegentore sind mir auch zu einfach gefallen.&#8220; Was in diesen Worten nicht durchklang: Die Rot-Schwarzen hatten sich kurz zuvor in blauen Trikots gegen die in wei\u00dfen Jerseys auflaufenden K\u00f6nigsblauen aus Gelsenkirchen durchgesetzt. Was sich etwas kompliziert liest, bedeutete in Kurzform lediglich eines. <a href=\"https:\/\/www.hessenschau.de\/sport\/fussball\/wehen-wiesbaden\/kaya-fuehrt-sv-wehen-wiesbaden-zu-testspiel-sieg-gegen-schalke-04-v1,wehen-testspiel-schalke-100.html\" title=\"Der SVWW besiegte den klassenh\u00f6heren Zweitligisten Schalke 04 mit 3:2\" class=\"textlink--extern\" target=\"_blank\" rel=\"noopener nofollow\">Der SVWW besiegte den klassenh\u00f6heren Zweitligisten Schalke 04 mit 3:2<\/a>. Damit, so D\u00f6ring dann aber doch, &#8222;bin ich absolut zufrieden&#8220;.<\/p>\n<p class=\"textabsatz m-ten m-offset-one l-eight l-offset-two columns twelve\">\nDas Testspiel am Samstagmittag vor rund 1.000 Zuschauern im \u00f6sterreichischen Neustift im Stubaital bedeutete gleichzeitig den erfolgreichen Abschluss eines erfolgreichen Trainingslagers f\u00fcr die Hessen. &#8222;Die Jungs haben die ganze Woche gezeigt, was in ihnen steckt. Wir hatten die letzten Tage einen guten Mix aus Trainingsinhalten, Belastung, aber auch Spa\u00df&#8220;, berichtete D\u00f6ring.<\/p>\n<p>    D\u00f6ring will die &#8222;Kirche im Dorf lassen&#8220;<\/p>\n<p class=\"textabsatz m-ten m-offset-one l-eight l-offset-two columns twelve\">\n\u00dcberhaupt l\u00e4uft es f\u00fcr den Tabellenneunten der vergangenen Saison bisher recht dufte. Drei Spiele in aller Freundschaft absolvierten die Landeshauptst\u00e4dter, drei Siege fuhren sie ein. 10:0 gegen die TSG W\u00f6rsdorf, 3:0 gegen den Ligakonkurrenten TSG Hoffenheim II und nun eben 3:2 gegen den kleingeschrumpften Gro\u00dfklub aus Gelsenkirchen. SVWW-Coach D\u00f6ring aber &#8222;will lieber die Kirche im Dorf lassen&#8220;, schlie\u00dflich seien es noch drei Wochen bis zum Saisonstart. Recht hat er, der gute Mann.<\/p>\n<p class=\"textabsatz m-ten m-offset-one l-eight l-offset-two columns twelve\">\nZumal sich bei aller Zufriedenheit auch eines erneut zeigte in den wenigen Wochen der Vorbereitung. Fatih Kaya, der Torj\u00e4ger, ist elementar f\u00fcr das Spiel der Wiesbadener. Gegen Schalke erzielte er fr\u00fch im Spiel einen Doppelpack. Insofern ist es fast schon logisch, dass der Torsch\u00fctzenk\u00f6nig der vergangenen Drittligarunde weiterhin als Wechselkandidat gilt. Er soll bei einigen Zweitligisten auf dem Zettel stehen.<\/p>\n<p>    Das absolute Vertrauen<\/p>\n<p class=\"textabsatz m-ten m-offset-one l-eight l-offset-two columns twelve\">\nIm Gespr\u00e4ch mit dem hr-sport macht sein Trainer dennoch Hoffnung, dass der 25-J\u00e4hrige ein zweites Jahr f\u00fcr den SVWW auf Torejagd gehen wird. &#8222;Fatih ist ein fester Bestandteil der Mannschaft. Er hat Vertrag und will den n\u00e4chsten Schritt mit dem SV Wehen Wiesbaden gehen.&#8220; Zudem sp\u00fcre der Spieler das &#8222;absolute Vertrauen&#8220; des Vereins, der ihn gerne auf die n\u00e4chste Stufe heben will. &#8222;Er soll nochmal mehr Verantwortung in der Mannschaft \u00fcbernehmen&#8220;, so D\u00f6ring.<\/p>\n<p class=\"textabsatz m-ten m-offset-one l-eight l-offset-two columns twelve\">\nGegen\u00fcber den vereinseigenen Medien nahm Kaya selbst wenig \u00fcberraschend nur zur Aktualit\u00e4t Stellung und sagte: &#8222;F\u00fcr mich pers\u00f6nlich war es wichtig zu treffen. Sich in der Vorbereitung Selbstvertrauen zu holen, ist f\u00fcr jeden St\u00fcrmer wichtig.&#8220; Die Causa Fatih Kaya bleibt also spannend.<\/p>\n<p>                                        <a class=\"backlink__link\" href=\"https:\/\/www.hessenschau.de\/sport\/fussball\/wehen-wiesbaden\/was-wird-aus-fatih-kaya-vom-sv-wehen-wiesbaden-fester-bestandteil-v1,svww-schalke-kaya-100.html\" rel=\"nofollow noopener\" target=\"_blank\"><\/p>\n<p>                                                <img decoding=\"async\" src=\"https:\/\/images.tagesschau.de\/image\/d5dbef2b-a561-4a5d-8a3f-af75f4c80994\/AAABlap_bik\/AAABkZLrr6A\/original\/lra-hr-logo-100.svg\" alt=\"Hessischer Rundfunk\"\/><\/p>\n<p>                                        <\/a><\/p>\n","protected":false},"excerpt":{"rendered":"Stand: 13.07.2025 11:36 Uhr Der SV Wehen Wiesbaden kann nicht nur wegen des Sieges gegen Schalke 04 zufrieden&hellip;\n","protected":false},"author":2,"featured_media":266420,"comment_status":"","ping_status":"","sticky":false,"template":"","format":"standard","meta":{"footnotes":""},"categories":[1847],"tags":[3364,29,548,663,3934,30,13,2052,12591,14,15,12,4544],"class_list":{"0":"post-266419","1":"post","2":"type-post","3":"status-publish","4":"format-standard","5":"has-post-thumbnail","7":"category-wiesbaden","8":"tag-de","9":"tag-deutschland","10":"tag-eu","11":"tag-europa","12":"tag-europe","13":"tag-germany","14":"tag-headlines","15":"tag-hessen","16":"tag-hr","17":"tag-nachrichten","18":"tag-news","19":"tag-schlagzeilen","20":"tag-wiesbaden"},"share_on_mastodon":{"url":"https:\/\/pubeurope.com\/@de\/114849173183269367","error":""},"_links":{"self":[{"href":"https:\/\/www.europesays.com\/de\/wp-json\/wp\/v2\/posts\/266419","targetHints":{"allow":["GET"]}}],"collection":[{"href":"https:\/\/www.europesays.com\/de\/wp-json\/wp\/v2\/posts"}],"about":[{"href":"https:\/\/www.europesays.com\/de\/wp-json\/wp\/v2\/types\/post"}],"author":[{"embeddable":true,"href":"https:\/\/www.europesays.com\/de\/wp-json\/wp\/v2\/users\/2"}],"replies":[{"embeddable":true,"href":"https:\/\/www.europesays.com\/de\/wp-json\/wp\/v2\/comments?post=266419"}],"version-history":[{"count":0,"href":"https:\/\/www.europesays.com\/de\/wp-json\/wp\/v2\/posts\/266419\/revisions"}],"wp:featuredmedia":[{"embeddable":true,"href":"https:\/\/www.europesays.com\/de\/wp-json\/wp\/v2\/media\/266420"}],"wp:attachment":[{"href":"https:\/\/www.europesays.com\/de\/wp-json\/wp\/v2\/media?parent=266419"}],"wp:term":[{"taxonomy":"category","embeddable":true,"href":"https:\/\/www.europesays.com\/de\/wp-json\/wp\/v2\/categories?post=266419"},{"taxonomy":"post_tag","embeddable":true,"href":"https:\/\/www.europesays.com\/de\/wp-json\/wp\/v2\/tags?post=266419"}],"curies":[{"name":"wp","href":"https:\/\/api.w.org\/{rel}","templated":true}]}}