{"id":266421,"date":"2025-07-14T02:14:14","date_gmt":"2025-07-14T02:14:14","guid":{"rendered":"https:\/\/www.europesays.com\/de\/266421\/"},"modified":"2025-07-14T02:14:14","modified_gmt":"2025-07-14T02:14:14","slug":"der-neue-verein-von-ex-rapidler-beljo-steht-wohl-fest","status":"publish","type":"post","link":"https:\/\/www.europesays.com\/de\/266421\/","title":{"rendered":"Der neue Verein von Ex-Rapidler Beljo steht wohl fest"},"content":{"rendered":"\n<p>Die ehemalige Rapid-Leihgabe Dion Beljo wird seinen Stammklub <a class=\"tag\" data-count=\"1408\" target=\"_self\" href=\"https:\/\/www.laola1.at\/de\/daten\/news\/fussball\/fc-augsburg\/\" rel=\"nofollow noopener\">FC Augsburg<\/a> aller Voraussicht nach verlassen.<\/p>\n<p>Wie &#8222;<a href=\"https:\/\/www.kicker.at\/massengo-kommt-am-montag-beljo-nach-zagreb-1131490\/artikel\" rel=\"nofollow noopener\" target=\"_blank\">kicker.at<\/a>&#8220; und &#8222;<a href=\"https:\/\/www.skysportaustria.at\/sky-info-neuer-klub-fuer-ex-rapid-stuermer-beljo\/\" rel=\"nofollow noopener\" target=\"_blank\">Sky Sport Austria<\/a>&#8220; berichten, zieht es den St\u00fcrmer zur\u00fcck in seine Heimat Kroatien. Der 25-fache <a class=\"tag\" data-count=\"17\" target=\"_self\" href=\"https:\/\/www.laola1.at\/de\/daten\/news\/meister\/\" rel=\"nofollow noopener\">Meister<\/a> Dinamo <a class=\"tag\" data-count=\"111\" target=\"_self\" href=\"https:\/\/www.laola1.at\/de\/daten\/news\/zagreb\/\" rel=\"nofollow noopener\">Zagreb<\/a> stehe kurz vor der Verpflichtung des 23-J\u00e4hrigen.\u00a0<\/p>\n<p>Rund 7,5 Millionen Euro d\u00fcrfte Zagreb f\u00fcr Beljo, dessen Marktwert bei 4 Millionen Euro liegt, \u00fcberweisen.\u00a0<\/p>\n<p> Entscheidung gegen Augsburg <\/p>\n<p>Laut Medienberichten wollte Augsburgs Neo-Coach <a class=\"tag\" data-count=\"83\" target=\"_self\" href=\"https:\/\/www.laola1.at\/de\/daten\/news\/sandro-wagner\/\" rel=\"nofollow noopener\">Sandro Wagner<\/a> den Angreifer von einem Verbleib \u00fcberzeugen. Beljo habe das Kapitel FCA allerdings laut &#8222;<a class=\"tag\" data-count=\"40\" target=\"_self\" href=\"https:\/\/www.laola1.at\/de\/daten\/news\/kicker\/\" rel=\"nofollow noopener\">kicker<\/a>&#8220; schon geschlossen, nachdem ihm unter der vorherigen sportlichen F\u00fchrung zu wenig Vertrauen geschenkt worden war.\u00a0<\/p>\n<p>F\u00fcr den SK Rapid erzielte er in 49 Spielen 19 Tore und steuerte zudem f\u00fcnf Assists bei. F\u00fcr Augsburg gelangen ihm in 45 Partien f\u00fcnf Tore und drei Vorlagen.\u00a0<\/p>\n<p>Die teuersten deutschen Fu\u00dfballer jemals  <\/p>\n<p>Wie findest du diesen Artikel?<\/p>\n","protected":false},"excerpt":{"rendered":"Die ehemalige Rapid-Leihgabe Dion Beljo wird seinen Stammklub FC Augsburg aller Voraussicht nach verlassen. Wie &#8222;kicker.at&#8220; und &#8222;Sky&hellip;\n","protected":false},"author":2,"featured_media":266422,"comment_status":"","ping_status":"","sticky":false,"template":"","format":"standard","meta":{"footnotes":""},"categories":[1846],"tags":[680,772,3364,21272,29,21269,38515,68408,548,663,3934,483,347,21268,30,13,14,15,12],"class_list":{"0":"post-266421","1":"post","2":"type-post","3":"status-publish","4":"format-standard","5":"has-post-thumbnail","7":"category-augsburg","8":"tag-augsburg","9":"tag-bayern","10":"tag-de","11":"tag-deutsche-bundesliga","12":"tag-deutschland","13":"tag-deutschland-fussball","14":"tag-dinamo-zagreb","15":"tag-dion-beljo","16":"tag-eu","17":"tag-europa","18":"tag-europe","19":"tag-fc-augsburg","20":"tag-fussball","21":"tag-fussball-international","22":"tag-germany","23":"tag-headlines","24":"tag-nachrichten","25":"tag-news","26":"tag-schlagzeilen"},"share_on_mastodon":{"url":"https:\/\/pubeurope.com\/@de\/114849176817405985","error":""},"_links":{"self":[{"href":"https:\/\/www.europesays.com\/de\/wp-json\/wp\/v2\/posts\/266421","targetHints":{"allow":["GET"]}}],"collection":[{"href":"https:\/\/www.europesays.com\/de\/wp-json\/wp\/v2\/posts"}],"about":[{"href":"https:\/\/www.europesays.com\/de\/wp-json\/wp\/v2\/types\/post"}],"author":[{"embeddable":true,"href":"https:\/\/www.europesays.com\/de\/wp-json\/wp\/v2\/users\/2"}],"replies":[{"embeddable":true,"href":"https:\/\/www.europesays.com\/de\/wp-json\/wp\/v2\/comments?post=266421"}],"version-history":[{"count":0,"href":"https:\/\/www.europesays.com\/de\/wp-json\/wp\/v2\/posts\/266421\/revisions"}],"wp:featuredmedia":[{"embeddable":true,"href":"https:\/\/www.europesays.com\/de\/wp-json\/wp\/v2\/media\/266422"}],"wp:attachment":[{"href":"https:\/\/www.europesays.com\/de\/wp-json\/wp\/v2\/media?parent=266421"}],"wp:term":[{"taxonomy":"category","embeddable":true,"href":"https:\/\/www.europesays.com\/de\/wp-json\/wp\/v2\/categories?post=266421"},{"taxonomy":"post_tag","embeddable":true,"href":"https:\/\/www.europesays.com\/de\/wp-json\/wp\/v2\/tags?post=266421"}],"curies":[{"name":"wp","href":"https:\/\/api.w.org\/{rel}","templated":true}]}}