{"id":266521,"date":"2025-07-14T03:18:10","date_gmt":"2025-07-14T03:18:10","guid":{"rendered":"https:\/\/www.europesays.com\/de\/266521\/"},"modified":"2025-07-14T03:18:10","modified_gmt":"2025-07-14T03:18:10","slug":"geri-halliwell-ehe-drama-firmenpleite-und-spice-girls-comeback","status":"publish","type":"post","link":"https:\/\/www.europesays.com\/de\/266521\/","title":{"rendered":"Geri Halliwell: Ehe-Drama, Firmenpleite und Spice Girls-Comeback"},"content":{"rendered":"<p>Der Glanz fr\u00fcherer &#8222;Girl Power&#8220;-Tage scheint f\u00fcr Geri Halliwell zu verblassen \u2013 aktuell steht die Ex-Spice-Girl-S\u00e4ngerin vor einer ernsten Lebenskrise. Der Karriere-Sturz ihres Ehemanns Christian Horner ersch\u00fcttert nicht nur die Formel 1, sondern bringt auch Geri selbst zunehmend unter Druck.<\/p>\n<p>\n\tWie britische Medien \u00fcbereinstimmend berichten, soll die Beziehung zwischen Geri und Christian Horner stark belastet sein. Der Skandal um Horner und die damit verbundenen Vorw\u00fcrfe haben laut &#8222;Mirror&#8220; zu einer sp\u00fcrbaren Vertrauenskrise gef\u00fchrt. Nach au\u00dfen gibt sich das Paar zwar gefasst, doch hinter den Kulissen brodelt es \u2013 von Harmonie ist offenbar kaum noch etwas zu sp\u00fcren. Auch finanziell sieht es d\u00fcster aus. Ihr eigener Buchverlag &#8222;Falcon Queen Productions&#8220;, mit dem Geri unter anderem das Kinderbuch Rosie Frost and the Falcon Queen auf den Markt brachte, soll rund eine Million Pfund Schulden angeh\u00e4uft haben. Das berichtet unter anderem die Daily Mail. Der Traum von einer erfolgreichen Autorenkarriere scheint damit f\u00fcrs Erste geplatzt.<\/p>\n<p>\n\tGeri Halliwell und Christian Horner\u00a0<\/p>\n<p>\u00a9 Getty<\/p>\n<p>            \u00d7<br \/>\n            <img decoding=\"async\" class=\"overrideImageModalContent lazyload\" alt=\"Geri Halliwell und Christian Horner\" src=\"data:image\/png;base64,iVBORw0KGgoAAAANSUhEUgAAAAEAAAABAQAAAAA3bvkkAAAAAnRSTlMAAQGU\/a4AAAAKSURBVHgBY2gAAACCAIFMF9ffAAAAAElFTkSuQmCC\"\/><\/p>\n<p>\n\tEinziger Lichtblick bleibt ihre Firma &#8222;Wonderful Productions&#8220;, \u00fcber die sie Einnahmen aus alten Spice Girls-Lizenzen und Werbevertr\u00e4gen bezieht. Doch auch hier liegt der Fokus auf der Vergangenheit \u2013 neue Musik oder Live-Auftritte gab es seit Jahren nicht mehr. Inmitten des pers\u00f6nlichen und gesch\u00e4ftlichen Chaos setzt Geri jetzt offenbar alles auf ein Spice Girls-Comeback. Laut britischen Berichten laufen bereits intensive Gespr\u00e4che mit den anderen Bandmitgliedern \u2013 darunter auch Victoria Beckham, die bislang als schwierigste Verhandlungspartnerin galt. Tour-Termine sollen bereits im Raum stehen.<\/p>\n<p>\u00a9 APA\/AFP\/LEON NEAL<\/p>\n<p>            \u00d7<br \/>\n            <img decoding=\"async\" class=\"overrideImageModalContent lazyload\" alt=\"Spice Girls\" src=\"data:image\/png;base64,iVBORw0KGgoAAAANSUhEUgAAAAIAAAABAQAAAADcWUInAAAAAnRSTlMAAQGU\/a4AAAAKSURBVHgBYzgAAADCAMFphPI4AAAAAElFTkSuQmCC\"\/><\/p>\n<p>Insider vermuten: Geri dr\u00e4ngt besonders stark auf eine R\u00fcckkehr der legend\u00e4ren Girlgroup \u2013 nicht nur aus Nostalgie, sondern auch aus wirtschaftlicher Notwendigkeit. Die Spice Girls waren zuletzt 2019 gemeinsam auf Tour \u2013 ohne &#8222;Posh Spice&#8220; Victoria Beckham. Ob diesmal das komplette Quintett auf der B\u00fchne stehen wird, bleibt offen. Geri Halliwell k\u00e4mpft derzeit an mehreren Fronten: Ehekrise, gesch\u00e4ftliche Verluste und der Druck, beruflich nicht in der Bedeutungslosigkeit zu verschwinden. Das m\u00f6gliche Comeback der Spice Girls k\u00f6nnte f\u00fcr die einstige \u201eGinger Spice\u201c die Rettung sein \u2013 oder ein letzter Versuch, das Ruder noch einmal herumzurei\u00dfen.<\/p>\n","protected":false},"excerpt":{"rendered":"Der Glanz fr\u00fcherer &#8222;Girl Power&#8220;-Tage scheint f\u00fcr Geri Halliwell zu verblassen \u2013 aktuell steht die Ex-Spice-Girl-S\u00e4ngerin vor einer&hellip;\n","protected":false},"author":2,"featured_media":266522,"comment_status":"","ping_status":"","sticky":false,"template":"","format":"standard","meta":{"footnotes":""},"categories":[1776],"tags":[1801,29,214,30,1802,215],"class_list":{"0":"post-266521","1":"post","2":"type-post","3":"status-publish","4":"format-standard","5":"has-post-thumbnail","7":"category-prominente","8":"tag-celebrities","9":"tag-deutschland","10":"tag-entertainment","11":"tag-germany","12":"tag-prominente","13":"tag-unterhaltung"},"share_on_mastodon":{"url":"https:\/\/pubeurope.com\/@de\/114849428530669620","error":""},"_links":{"self":[{"href":"https:\/\/www.europesays.com\/de\/wp-json\/wp\/v2\/posts\/266521","targetHints":{"allow":["GET"]}}],"collection":[{"href":"https:\/\/www.europesays.com\/de\/wp-json\/wp\/v2\/posts"}],"about":[{"href":"https:\/\/www.europesays.com\/de\/wp-json\/wp\/v2\/types\/post"}],"author":[{"embeddable":true,"href":"https:\/\/www.europesays.com\/de\/wp-json\/wp\/v2\/users\/2"}],"replies":[{"embeddable":true,"href":"https:\/\/www.europesays.com\/de\/wp-json\/wp\/v2\/comments?post=266521"}],"version-history":[{"count":0,"href":"https:\/\/www.europesays.com\/de\/wp-json\/wp\/v2\/posts\/266521\/revisions"}],"wp:featuredmedia":[{"embeddable":true,"href":"https:\/\/www.europesays.com\/de\/wp-json\/wp\/v2\/media\/266522"}],"wp:attachment":[{"href":"https:\/\/www.europesays.com\/de\/wp-json\/wp\/v2\/media?parent=266521"}],"wp:term":[{"taxonomy":"category","embeddable":true,"href":"https:\/\/www.europesays.com\/de\/wp-json\/wp\/v2\/categories?post=266521"},{"taxonomy":"post_tag","embeddable":true,"href":"https:\/\/www.europesays.com\/de\/wp-json\/wp\/v2\/tags?post=266521"}],"curies":[{"name":"wp","href":"https:\/\/api.w.org\/{rel}","templated":true}]}}