{"id":266564,"date":"2025-07-14T03:46:10","date_gmt":"2025-07-14T03:46:10","guid":{"rendered":"https:\/\/www.europesays.com\/de\/266564\/"},"modified":"2025-07-14T03:46:10","modified_gmt":"2025-07-14T03:46:10","slug":"sommerbaustellen-in-muenster-starten-antenne-muenster","status":"publish","type":"post","link":"https:\/\/www.europesays.com\/de\/266564\/","title":{"rendered":"Sommerbaustellen in M\u00fcnster starten &#8211; Antenne M\u00fcnster"},"content":{"rendered":"<p>W\u00e4hrend der Sommerferien ist die Warendorfer Stra\u00dfe zwischen Mondstra\u00dfe und Anschluss Umgehungsstra\u00dfe voll gesperrt.  Auf der weitr\u00e4umigen Umleitung d\u00fcrfte es w\u00e4hrend der Bauzeit zwar deutlich mehr Verkehr und Staus geben. Dennoch soll die Vollsperrung eine sp\u00fcrbare Entlastung bringen, sowohl f\u00fcr Verkehrsteilnehmende und Anwohnende als auch f\u00fcr nachfolgende Bauarbeiten in dem Bereich. In sechs Wochen soll der Verkehr \u00fcber den &#8222;Bogen&#8220; der Umgehungsstra\u00dfe in beiden Richtungen flie\u00dfen k\u00f6nnen. Stra\u00dfen.NRW hatte zun\u00e4chst geplant, auf dem Abschnitt neun Monate lang eine Baustellenampel einzusetzen. Die Arbeiten im weiteren Verlauf der B481 gehen ebenfalls sichtbar voran. Im Herbst starten die Betonarbeiten f\u00fcr das Trogbauwerk in Richtung Mariendorf. Im kommenden Jahr beginnt in Richtung Norden der letzte gro\u00dfe Bauabschnitt mit dem Eim\u00fcndungsbereich der Sudm\u00fchlenstra\u00dfe. 2028 soll das komplette Gro\u00dfprojekt Umgebungsstra\u00dfe M\u00fcnster dann fertig sein.<\/p>\n<p>Umleitungen<\/p>\n<p>F\u00fcr den \u00fcber\u00f6rtlichen Verkehr ist eine Umleitungsstrecke \u00fcber die Wolbecker Stra\u00dfe (L793), L585 und K50 in Richtung Telgte zur B64 eingerichtet &#8211; jeweils in beide Fahrtrichtungen. Zus\u00e4tzlich ist erneut die bew\u00e4hrte Rotpunkt-Umleitung \u00fcber den Albersloher Weg (L586) und die Umgehungsstra\u00dfe Wolbeck (L585) ausgeschildert. F\u00fcr den Verkehr von der A43 und A1 wird eine gro\u00dfr\u00e4umige Umleitungsempfehlung \u00fcber die AS Greven ausgewiesen. Die B51 ist vom Knotenpunkt Handorf aus in Richtung M\u00fcnster nur f\u00fcr den direkten Anliegerverkehr bis zur Baustelle befahrbar. Die Durchfahrt f\u00fcr Radfahrende, Linienbusse und Rettungsdienste bleibt jederzeit gew\u00e4hrleistet.<\/p>\n<p><a href=\"https:\/\/www.antennemuenster.de\/externalimages\/?source=jpg772\/19-grafik_b51_grossraeumige-umleitung_v3.jpg&amp;dt=202507071549140&amp;resize=1170x661\" data-caption=\"Die weitr\u00e4umig eingerichteten Umleitungen\" itemprop=\"contentUrl\" data-size=\"1170x661\" target=\"_blank\" rel=\"noopener\"><img decoding=\"async\" alt=\"\" src=\"https:\/\/www.europesays.com\/de\/wp-content\/uploads\/2025\/07\/1752464770_70_19-grafik_b51_grossraeumige-umleitung_v3.jpg&#038;crop=56x0x1058x661&#038;resize=1058x661&#038;dt=202507071549140.jpeg\" data-size=\"1058x661\"\/><\/a>Die weitr\u00e4umig eingerichteten Umleitungen\u00a9 Stra\u00dfen.NRW<\/p>\n<p>Die weitr\u00e4umig eingerichteten Umleitungen<\/p>\n<p>\u00a9 Stra\u00dfen.NRWBaustelle an der Kanalbr\u00fccke Schifffahrter Damm<\/p>\n<p>An der Schifffahrter Damm-Br\u00fccke \u00fcber den Dortmund-Ems-Kanal werden zun\u00e4chst auf beiden Seiten die Fahrbahn\u00fcberg\u00e4nge und die angrenzenden Asphaltbereiche saniert. Der Schifffahrter Damm ist an der Br\u00fccke jetzt f\u00fcr drei Wochen f\u00fcr den Verkehr gesperrt, zu Fu\u00df oder mit dem Rad ist die Br\u00fccke passierbar. Eine Umleitung f\u00fcr Autos ist \u00fcber K\u00f6nigsberger Stra\u00dfe, Hoher Heckenweg, Niedersachen, bzw. Kaiser-Wilhelm-Ring und Warendorfer Stra\u00dfe eingerichtet. Zu einem sp\u00e4teren Zeitpunkt wird der Korrosionsschutz der gesamten Br\u00fccke erneuert. Dazu werden u.a. halbseitige Sperrungen der Br\u00fccke und der Kanalpromenade erforderlich. Der Zeitraum wird noch bekanntgegeben.<\/p>\n<p>Baustelle Gittruper Stra\u00dfe\/Hessenweg<\/p>\n<p>Bis Freitag (18.07.) wird auch auf Gittruper Stra\u00dfe und dem Hessenweg gebaut. Betroffen ist der Bereich des Hessenwegs zwischen Coerm\u00fchle und Kanalbr\u00fccke Hessenweg sowie ein Teilst\u00fcck der Gittruper Stra\u00dfe zwischen dem Abzweig Landhaus Oeding und der Stadtgrenze.\u00a0W\u00e4hrend der Bauphase werden die Streckenabschnitte vollst\u00e4ndig gesperrt. Eine Umleitung f\u00fchrt \u00fcber K\u00f6nigsberger Stra\u00dfe und Aldruper Stra\u00dfe.\u00a0<\/p>\n<p>Baustelle am Stadtgraben<\/p>\n<p>An der Kreuzung &#8222;Am Stadtgraben\/Georgskommende&#8220; baut die Stadt neue leistungsf\u00e4higere Kanalanschl\u00fcsse f\u00fcr das Gymnasium Paulinum. Die Tiefbauarbeiten dauern voraussichtlich vier Wochen. Die Stra\u00dfe Am Stadtgraben wird in drei Bauabschnitten gequert, dabei bleibt in jede Fahrtrichtung immer eine Fahrspur frei. Mit dem Fahrrad oder zu Fu\u00df ist auch diese Baustelle jederzeit passierbar. Ab der dritten Woche wird das Rechtsabbiegen in die Georgskommende nicht m\u00f6glich sein.<\/p>\n","protected":false},"excerpt":{"rendered":"W\u00e4hrend der Sommerferien ist die Warendorfer Stra\u00dfe zwischen Mondstra\u00dfe und Anschluss Umgehungsstra\u00dfe voll gesperrt. Auf der weitr\u00e4umigen Umleitung&hellip;\n","protected":false},"author":2,"featured_media":259023,"comment_status":"","ping_status":"","sticky":false,"template":"","format":"standard","meta":{"footnotes":""},"categories":[1843],"tags":[5677,68667,68666,77026,2461,3364,29,30,8970,1209,11290,3043],"class_list":{"0":"post-266564","1":"post","2":"type-post","3":"status-publish","4":"format-standard","5":"has-post-thumbnail","7":"category-muenster","8":"tag-munster","9":"tag-b51","10":"tag-umgehungsstrae","11":"tag-warendorfer-strae","12":"tag-baustelle","13":"tag-de","14":"tag-deutschland","15":"tag-germany","16":"tag-muenster","17":"tag-nordrhein-westfalen","18":"tag-sommerferien","19":"tag-vollsperrung"},"share_on_mastodon":{"url":"https:\/\/pubeurope.com\/@de\/114849539035277884","error":""},"_links":{"self":[{"href":"https:\/\/www.europesays.com\/de\/wp-json\/wp\/v2\/posts\/266564","targetHints":{"allow":["GET"]}}],"collection":[{"href":"https:\/\/www.europesays.com\/de\/wp-json\/wp\/v2\/posts"}],"about":[{"href":"https:\/\/www.europesays.com\/de\/wp-json\/wp\/v2\/types\/post"}],"author":[{"embeddable":true,"href":"https:\/\/www.europesays.com\/de\/wp-json\/wp\/v2\/users\/2"}],"replies":[{"embeddable":true,"href":"https:\/\/www.europesays.com\/de\/wp-json\/wp\/v2\/comments?post=266564"}],"version-history":[{"count":0,"href":"https:\/\/www.europesays.com\/de\/wp-json\/wp\/v2\/posts\/266564\/revisions"}],"wp:featuredmedia":[{"embeddable":true,"href":"https:\/\/www.europesays.com\/de\/wp-json\/wp\/v2\/media\/259023"}],"wp:attachment":[{"href":"https:\/\/www.europesays.com\/de\/wp-json\/wp\/v2\/media?parent=266564"}],"wp:term":[{"taxonomy":"category","embeddable":true,"href":"https:\/\/www.europesays.com\/de\/wp-json\/wp\/v2\/categories?post=266564"},{"taxonomy":"post_tag","embeddable":true,"href":"https:\/\/www.europesays.com\/de\/wp-json\/wp\/v2\/tags?post=266564"}],"curies":[{"name":"wp","href":"https:\/\/api.w.org\/{rel}","templated":true}]}}