{"id":266615,"date":"2025-07-14T04:19:13","date_gmt":"2025-07-14T04:19:13","guid":{"rendered":"https:\/\/www.europesays.com\/de\/266615\/"},"modified":"2025-07-14T04:19:13","modified_gmt":"2025-07-14T04:19:13","slug":"kupferdreher-strasse-in-essen-grossbaustelle-startet","status":"publish","type":"post","link":"https:\/\/www.europesays.com\/de\/266615\/","title":{"rendered":"Kupferdreher Stra\u00dfe in Essen: Gro\u00dfbaustelle startet"},"content":{"rendered":"<p class=\"small date article__date\">Ver\u00f6ffentlicht:\u00a0Montag, 14.07.2025 05:23<\/p>\n<p>In Essen startet am Montag (14. Juli) die Sanierung der Kupferdreher Stra\u00dfe\/Langenberger Stra\u00dfe. Die Komplett-Sanierung dauert anderthalb Jahre und wird in mehreren Abschnitten gemacht. <\/p>\n<p><img decoding=\"async\" alt=\"\" src=\"https:\/\/www.europesays.com\/de\/wp-content\/uploads\/2025\/07\/a3fc4819-ce75-4da2-aeff-1e1a76737007.jpg&#038;crop=0x100x1600x1000&#038;resize=1280x800&#038;dt=202505160549580.jpeg\" data-size=\"1280x800\"\/>\u00a9 Radio EssenGro\u00dfe Baustelle in Essen erfolgt in Abschnitten<\/p>\n<p>Die Stadt Essen will die Kupferdreher Stra\u00dfe und die Langenberger Stra\u00dfe komplett sanieren. Fahrbahn, Gehwege, Entw\u00e4sserung, Beleuchtung und Ampeln werden neu gemacht. Daf\u00fcr teilt die Stadt die Bauma\u00dfnahmen in vier Abschnitte auf. Die Stra\u00dfe wird in Richtung \u00dcberruhr-Holthausen dann jeweils zur Einbahnstra\u00dfe. Gestartet wird am Montag (14. Juli) mit dem Abschnitt zwischen der Poststra\u00dfe und Hinsbecker L\u00f6h. <\/p>\n<p>Autos und Busse werden in der Zeit \u00fcber die Langenberger Stra\u00dfe, die Marie-Juchacz-Stra\u00dfe, die Konrad-Adenauer-Br\u00fccke, die Wuppertaler Stra\u00dfe, sowie die Kampmann-Br\u00fccke und die Poststra\u00dfe umgeleitet. Zus\u00e4tzlich k\u00f6nnt Ihr auch \u00fcber die A44 ausweichen. Die Buslinien 141, 177, NE6 und die E57 und E74 werden in Richtung Kupferdreh \u00fcber die A44-Br\u00fccke umgeleitet. Dabei fallen die Haltestellen Fahrenberg, Hinsbecker L\u00f6h und Poststra\u00dfe ersatzlos aus. Insgesamt soll die Sanierung rund anderthalb Jahre dauern. Die Baustelle wandert in der Zeit die gesamte Kupferdreher Stra\u00dfe und Langenberger Stra\u00dfe entlang.<\/p>\n<p>Umbau in Essen am Kupferdreher Markt startet<\/p>\n<p>Eine Woche sp\u00e4ter, am Montag (21. Juli), starten dann auch die abschlie\u00dfenden Bauarbeiten rund um den <a href=\"https:\/\/www.radioessen.de\/artikel\/umbau-am-kupferdreher-markt-in-essen-startet-bald-2280597.html\" rel=\"noopener noreferrer nofollow\" target=\"_blank\">Kupferdreher Markt<\/a>. Auch hier wird die Baustelle in vier Abschnitte aufgeteilt. Dabei starten aber der erste und zweite Abschnitt zur gleichen Zeit. Zuerst baut die Stadt den neuen Park&amp;Ride-S\u00fcd-Parkplatz in zwei H\u00e4lften aus. Als erstes wird der \u00f6stliche Teil fertig gemacht und an die Bahnstra\u00dfe angebunden. Danach kommt der westliche Teil dran, wo auch die neue Zufahrt hinkommt. Die Bushaltestellen und der Marktplatz k\u00f6nnt Ihr aber auch w\u00e4hrend der Bauarbeiten ganz normal erreichen.<\/p>\n<p>Mehr Nachrichten aus Essen<\/p>\n","protected":false},"excerpt":{"rendered":"Ver\u00f6ffentlicht:\u00a0Montag, 14.07.2025 05:23 In Essen startet am Montag (14. Juli) die Sanierung der Kupferdreher Stra\u00dfe\/Langenberger Stra\u00dfe. Die Komplett-Sanierung&hellip;\n","protected":false},"author":2,"featured_media":116440,"comment_status":"","ping_status":"","sticky":false,"template":"","format":"standard","meta":{"footnotes":""},"categories":[1834],"tags":[44954,3275,2461,3364,29,3688,30,48537,1209,2224],"class_list":{"0":"post-266615","1":"post","2":"type-post","3":"status-publish","4":"format-standard","5":"has-post-thumbnail","7":"category-essen","8":"tag-kupferdreher-strae","9":"tag-lokalnachrichten","10":"tag-baustelle","11":"tag-de","12":"tag-deutschland","13":"tag-essen","14":"tag-germany","15":"tag-kupferdreh","16":"tag-nordrhein-westfalen","17":"tag-sperrung"},"share_on_mastodon":{"url":"https:\/\/pubeurope.com\/@de\/114849668438930927","error":""},"_links":{"self":[{"href":"https:\/\/www.europesays.com\/de\/wp-json\/wp\/v2\/posts\/266615","targetHints":{"allow":["GET"]}}],"collection":[{"href":"https:\/\/www.europesays.com\/de\/wp-json\/wp\/v2\/posts"}],"about":[{"href":"https:\/\/www.europesays.com\/de\/wp-json\/wp\/v2\/types\/post"}],"author":[{"embeddable":true,"href":"https:\/\/www.europesays.com\/de\/wp-json\/wp\/v2\/users\/2"}],"replies":[{"embeddable":true,"href":"https:\/\/www.europesays.com\/de\/wp-json\/wp\/v2\/comments?post=266615"}],"version-history":[{"count":0,"href":"https:\/\/www.europesays.com\/de\/wp-json\/wp\/v2\/posts\/266615\/revisions"}],"wp:featuredmedia":[{"embeddable":true,"href":"https:\/\/www.europesays.com\/de\/wp-json\/wp\/v2\/media\/116440"}],"wp:attachment":[{"href":"https:\/\/www.europesays.com\/de\/wp-json\/wp\/v2\/media?parent=266615"}],"wp:term":[{"taxonomy":"category","embeddable":true,"href":"https:\/\/www.europesays.com\/de\/wp-json\/wp\/v2\/categories?post=266615"},{"taxonomy":"post_tag","embeddable":true,"href":"https:\/\/www.europesays.com\/de\/wp-json\/wp\/v2\/tags?post=266615"}],"curies":[{"name":"wp","href":"https:\/\/api.w.org\/{rel}","templated":true}]}}