{"id":266620,"date":"2025-07-14T04:22:14","date_gmt":"2025-07-14T04:22:14","guid":{"rendered":"https:\/\/www.europesays.com\/de\/266620\/"},"modified":"2025-07-14T04:22:14","modified_gmt":"2025-07-14T04:22:14","slug":"das-sagt-carsten-cramer-zum-bvb-machtkampf","status":"publish","type":"post","link":"https:\/\/www.europesays.com\/de\/266620\/","title":{"rendered":"Das sagt Carsten Cramer zum BVB-Machtkampf"},"content":{"rendered":"<p>\t\tBVB-Boss Cramer zum internen Machtkampf<br \/>\n\t\t\t\t\t\u201eDiese Diskussionen passen nicht zu Borussia Dortmund\u201c<\/p>\n<p>\t\tvon <a href=\"https:\/\/www.ruhrnachrichten.de\/author\/juergen-koers\/\" rel=\"author nofollow noopener\" target=\"_blank\">J\u00fcrgen Koers<\/a>, <a href=\"https:\/\/www.ruhrnachrichten.de\/author\/dirk-krampe\/\" rel=\"author nofollow noopener\" target=\"_blank\">Dirk Krampe<\/a>\t<\/p>\n<p>    <a href=\"https:\/\/www.ruhrnachrichten.de\/wp-content\/uploads\/2025\/07\/13\/15\/630_0900_4872286_imago1061694597-1648x824.jpg\" rel=\"nofollow noopener\" target=\"_blank\"><\/p>\n<p>            <img loading=\"lazy\" decoding=\"async\" src=\"https:\/\/www.europesays.com\/de\/wp-content\/uploads\/2025\/07\/630_0900_4872285_imago1061694597-640x428.jpg\" width=\"640\" height=\"428\"  alt=\"Carsten Cramer grinst.\"\/><\/p>\n<p>    <\/a><br \/>\n    Sieht f\u00fcr Borussia Dortmund noch viele M\u00f6glichkeiten: BVB-Gesch\u00e4ftsf\u00fchrer Carsten Cramer. \u00a9 IMAGO\/Moritz M\u00fcller<\/p>\n<p class=\"article__teaser-text\">Carsten Cramer ist beim BVB der Mann f\u00fcr die gro\u00dfen Sponsoren-Deals. Im Exklusiv-Interview spricht er \u00fcber seine Arbeit, Ambitionen und den internen F\u00fchrungsstreit.<\/p>\n<p>10 Min Lesezeit<\/p>\n<p>Herr Cramer, wie schlagen wir denn den Bogen von der Wei\u00dfen Wiese bis zur Klub-WM?Wie wichtig ist Ihnen diese Erinnerungskultur?Wie ist Ihnen das in Ihren Augen gelungen?Was sind die wichtigsten Erkenntnisse aus diesem Turnier?Bei der Klub-WM lief l\u00e4ngst nicht alles nach Plan. Stichwort: leere R\u00e4nge.Sportdirektor Sebastian Kehl hat wegen der Zeitverschiebung schon morgens ab sechs Uhr gearbeitet. Wie sahen Ihre Arbeitstage vor Ort aus?Als Sie beim BVB 2010 angefangen haben, gab es komplett andere Voraussetzungen\u2026Betrachten Sie das auch als Belohnung f\u00fcr die Arbeit der vergangenen Jahre?Welchen Benefit bringt diese Teilnahme an der Klub-WM au\u00dferhalb der Pr\u00e4mien noch?Der BVB hat sich bei seinen Auslandsaktivit\u00e4ten bewusst f\u00fcr Nordamerika und Asien entschieden. Bayer Leverkusen geht jetzt nach Brasilien. Ist eine weitere Expansion auch in Dortmund ein Thema?Die Belastung f\u00fcr die Spieler ist sowieso schon hoch. Wann steigt Ihnen Ihr Trainer aufs Dach?Wo liegen die Grenzen, was Borussia Dortmund erl\u00f6sen kann, wo gibt es Grenzen bei den Reichweiten?K\u00f6nnen Sie eine Zahl nennen oder eine Gr\u00f6\u00dfenordnung, um das einsch\u00e4tzen zu k\u00f6nnen?Ist Ihre Arbeit in den vergangenen Jahren komplizierter geworden?Sie haben trotz dieser schwierigen Bedingungen mit vielen Partnern langfristige Zusammenarbeit vereinbaren k\u00f6nnen \u2026Welche Herausforderungen haben Sie dabei zu bew\u00e4ltigen?Vor f\u00fcnf Jahren lagen die Einnahmen im Sponsoring noch unter 100 Millionen Euro, inzwischen d\u00fcrften es weit mehr als 150 Millionen Euro sein\u2026Welche Wertigkeit oder welche Bedeutung haben die aktuellen Vertr\u00e4ge mit Vodafone?Gilt das auch f\u00fcr die Dauer-Partnerschaft mit Puma? Gab es da \u00fcberhaupt Alternativen?Ben\u00f6tigt der BVB wieder Stars, um auch seine Sponsoren in Szene zu setzen?Wie gelingt der Sprung vom weltweiten Fu\u00dfballbusiness zur\u00fcck zum Hoeschpark?Wie steht es um die anderen Abteilungen?Wie wird denn Ihre Rolle ab Herbst aussehen, wenn Hans-Joachim Watzke als Vorsitzender der Gesch\u00e4ftsf\u00fchrung ausscheidet?Den ersten Satz glauben wir Ihnen nicht\u2026Sprecher der Gesch\u00e4ftsf\u00fchrung klingt aber doch ganz gut, oder?Da bleibt als Wermutstropfen nur die unsch\u00f6ne Episode mit dem Kampf um das Pr\u00e4sidentenamt beim BVB\u2026.<\/p>\n","protected":false},"excerpt":{"rendered":"BVB-Boss Cramer zum internen Machtkampf \u201eDiese Diskussionen passen nicht zu Borussia Dortmund\u201c von J\u00fcrgen Koers, Dirk Krampe Sieht&hellip;\n","protected":false},"author":2,"featured_media":266621,"comment_status":"","ping_status":"","sticky":false,"template":"","format":"standard","meta":{"footnotes":""},"categories":[1833],"tags":[403,3364,29,217,30,2134,1209],"class_list":{"0":"post-266620","1":"post","2":"type-post","3":"status-publish","4":"format-standard","5":"has-post-thumbnail","7":"category-dortmund","8":"tag-bvb","9":"tag-de","10":"tag-deutschland","11":"tag-dortmund","12":"tag-germany","13":"tag-interview","14":"tag-nordrhein-westfalen"},"share_on_mastodon":{"url":"https:\/\/pubeurope.com\/@de\/114849680356827309","error":""},"_links":{"self":[{"href":"https:\/\/www.europesays.com\/de\/wp-json\/wp\/v2\/posts\/266620","targetHints":{"allow":["GET"]}}],"collection":[{"href":"https:\/\/www.europesays.com\/de\/wp-json\/wp\/v2\/posts"}],"about":[{"href":"https:\/\/www.europesays.com\/de\/wp-json\/wp\/v2\/types\/post"}],"author":[{"embeddable":true,"href":"https:\/\/www.europesays.com\/de\/wp-json\/wp\/v2\/users\/2"}],"replies":[{"embeddable":true,"href":"https:\/\/www.europesays.com\/de\/wp-json\/wp\/v2\/comments?post=266620"}],"version-history":[{"count":0,"href":"https:\/\/www.europesays.com\/de\/wp-json\/wp\/v2\/posts\/266620\/revisions"}],"wp:featuredmedia":[{"embeddable":true,"href":"https:\/\/www.europesays.com\/de\/wp-json\/wp\/v2\/media\/266621"}],"wp:attachment":[{"href":"https:\/\/www.europesays.com\/de\/wp-json\/wp\/v2\/media?parent=266620"}],"wp:term":[{"taxonomy":"category","embeddable":true,"href":"https:\/\/www.europesays.com\/de\/wp-json\/wp\/v2\/categories?post=266620"},{"taxonomy":"post_tag","embeddable":true,"href":"https:\/\/www.europesays.com\/de\/wp-json\/wp\/v2\/tags?post=266620"}],"curies":[{"name":"wp","href":"https:\/\/api.w.org\/{rel}","templated":true}]}}