{"id":266645,"date":"2025-07-14T04:35:12","date_gmt":"2025-07-14T04:35:12","guid":{"rendered":"https:\/\/www.europesays.com\/de\/266645\/"},"modified":"2025-07-14T04:35:12","modified_gmt":"2025-07-14T04:35:12","slug":"elbvertiefung-der-taegliche-newsletter-aus-hamburg-e-scooter-stillleben-am-strassenrand","status":"publish","type":"post","link":"https:\/\/www.europesays.com\/de\/266645\/","title":{"rendered":"Elbvertiefung: Der t\u00e4gliche Newsletter aus Hamburg: E-Scooter: Stillleben am Stra\u00dfenrand"},"content":{"rendered":"<p>        Liebe Leserin, lieber Leser,        <\/p>\n<p class=\"paragraph article__item\">pl\u00f6tzlich<br \/>\nstand er da. Gleich hinter der Kurve, mitten auf dem Radweg. Ich zog<br \/>\nscharf nach rechts, konnte gerade so ausweichen und war m\u00e4chtig<br \/>\nsauer. Aber wen sollte ich anmotzen? Den E-Roller, der da seelenlos<br \/>\nim Weg stand? Der Mensch, der ihn abgestellt hatte, war l\u00e4ngst<br \/>\nverschwunden \u2013 und auch sonst war niemand in Sicht, der sich<br \/>\nverantwortlich f\u00fchlte.\n<\/p>\n<p class=\"paragraph article__item\">Der<br \/>\nBeinahe-Unfall ist eine Woche her, mein Puls hat sich beruhigt.<br \/>\nVielleicht kennen Sie solche Situationen. Anfangs musste ich \u00fcber<br \/>\nachtlos abgestellte Roller noch schmunzeln, sie wirkten wie moderne<br \/>\nStillleben. Freunden ging es \u00e4hnlich. Wir schickten uns Fotos: Tss,<br \/>\nguck mal \u2013 ein Roller auf dem Zebrastreifen, im Vorgarten, im<br \/>\nFahrstuhl. Wer macht denn so was? Haha.\n<\/p>\n<p class=\"paragraph article__item\">Inzwischen<br \/>\nhat sich der Witz ersch\u00f6pft. Man ist schlicht abgestumpft, weil der<br \/>\nAnblick so normal geworden ist. <a class=\"rtr-entity\" href=\"https:\/\/www.zeit.de\/thema\/e-scooter\" target=\"_blank\" rel=\"noopener\">E-Scooter<\/a> sind seit Juni 2019 in<br \/>\nDeutschland zugelassen, also seit genau sechs Jahren. Sie sollen Teil<br \/>\nder Verkehrswende sein, doch im Stadtbild sind sie eher Stolperfallen<br \/>\n\u2013 und laut ADAC mittlerweile das gr\u00f6\u00dfte \u00c4rgernis von Fu\u00dfg\u00e4ngern.\n<\/p>\n<p class=\"paragraph article__item\">Aber<br \/>\nhey, jetzt ist das Bundesverkehrsministerium aufgewacht: Die<br \/>\nAbstellregeln sollen bundesweit versch\u00e4rft werden. Verleih-Scooter<br \/>\nd\u00fcrfen bald nicht mehr einfach auf Gehwegen oder in Fu\u00dfg\u00e4ngerzonen<br \/>\nabgestellt werden. Sie gelten dann als &#8222;Sondernutzung&#8220; des<br \/>\n\u00f6ffentlichen Raums. Anbieter m\u00fcssen mit den Kommunen vor Ort<br \/>\nfestlegen, wo das Abstellen erlaubt ist.\n<\/p>\n<p class=\"paragraph article__item\">Der<br \/>\nBund ist sp\u00e4t dran, <a class=\"rtr-entity\" href=\"https:\/\/www.zeit.de\/thema\/hamburg\" target=\"_blank\" rel=\"noopener\">Hamburg<\/a> ist da schon weiter. Die Stadt hat<br \/>\nl\u00e4ngst feste Abstellfl\u00e4chen und Verbotszonen eingerichtet \u2013 etwa<br \/>\nrund um die Binnenalster \u2013, in denen die<br \/>\nApps das Abstellen technisch blockieren. Wer trotzdem quer parkt,<br \/>\nzahlt: 30 Euro f\u00fcrs Umstellen, 100 f\u00fcrs Abschleppen. Die Rechnung<br \/>\ngeht an die Anbieter und kann an die Nutzer weitergegeben werden. <\/p>\n<p class=\"paragraph article__item\">Mein Eindruck: In der Innenstadt funktioniert das m\u00e4\u00dfig, dort fahre ich<br \/>\nseltener, aber immer noch ab und an Slalom. In den meisten Wohnvierteln<br \/>\nsieht es schlimmer aus. Gerade dort, wo auch Kinderw\u00e4gen oder<br \/>\nEinkaufstrolleys \u00fcbers Pflaster geschoben werden, stehen die Roller noch<br \/>\n kreuz und quer herum.\n<\/p>\n<p>                            \u00a9\u00a0ZON<\/p>\n<p>\n                                        Newsletter<br \/>\n                                        Elbvertiefung \u2013 Der t\u00e4gliche Newsletter f\u00fcr Hamburg<\/p>\n<p class=\"newsletter-signup__text\">Erfahren Sie aus der Redaktion der ZEIT, was in Hamburg wichtig ist \u2013 pr\u00e4gnant, pers\u00f6nlich und pointiert, jeden Werktag um 6 Uhr<\/p>\n<p class=\"newsletter-signup__datapolicy\" hidden=\"\">\n            Mit Ihrer Registrierung nehmen Sie die <a href=\"https:\/\/datenschutz.zeit.de\/zon#Newsletter\" target=\"_blank\" rel=\"noopener\">Datenschutzerkl\u00e4rung<\/a><br \/>\n     zur Kenntnis.\n        <\/p>\n<p>    Vielen Dank! Wir haben Ihnen eine E-Mail geschickt.<\/p>\n<p>Pr\u00fcfen Sie Ihr Postfach und best\u00e4tigen Sie das Newsletter-Abonnement.<\/p>\n<p class=\"paragraph article__item\">\nManche<br \/>\nfordern nun ein generelles Verbot wie in Gelsenkirchen, wo<br \/>\nLeih-Scooter aus dem Stadtbild verschwunden sind. Ich bin da nicht so<br \/>\nsicher, m\u00f6chte lieber an klare Regeln als an pauschale Verbote<br \/>\nglauben \u2013 und finde, die Stadt sch\u00f6pft ihre M\u00f6glichkeiten noch<br \/>\nlange nicht aus. Warum nicht fl\u00e4chendeckend feste Abstellzonen<br \/>\neinrichten \u2013 statt St\u00fcckwerk?\n<\/p>\n<p class=\"paragraph article__item\">Die<br \/>\nVerleiher f\u00fcrchten, ihr Gesch\u00e4ftsmodell k\u00f6nnte leiden, angeblich<br \/>\nh\u00e4tten Nutzer keine Lust, erst zur n\u00e4chsten R\u00fcckgabestelle zu<br \/>\nlaufen. Aber das Argument finde ich schr\u00e4g: Bei Leihfahrr\u00e4dern<br \/>\nfunktioniert das Konzept doch auch.\n<\/p>\n<p class=\"paragraph article__item\">\nWas<br \/>\ndie <a class=\"rtr-entity\" href=\"https:\/\/www.zeit.de\/thema\/verkehrswende\" target=\"_blank\" rel=\"noopener\">Verkehrswende<\/a> sicher nicht braucht, sind neue Hindernisse auf<br \/>\nalten Wegen. Stattdessen<br \/>\nbraucht es klare Regeln und eine Platzverteilung, die nicht neue<br \/>\nKonflikte schafft.\n<\/p>\n<p class=\"paragraph article__item\">Kommen<br \/>\nSie gut durch die Woche!\n<\/p>\n<p class=\"paragraph article__item\"><strong>Ihre<br \/>\nAnnika Lasarzik<\/strong>\n<\/p>\n<p>        WAS HEUTE WICHTIG IST            <\/p>\n<p>                                        \u00a9\u00a0Marcus Brandt\/\u200bdpa<\/p>\n<p class=\"paragraph article__item\"><strong>Selina<br \/>\nStorm <\/strong>bildet<br \/>\nab jetzt zusammen mit Leon Alam<br \/>\ndie Doppelspitze im Landesvorstand der Hamburger Gr\u00fcnen. Die<br \/>\nPhysikerin und wissenschaftspolitische Sprecherin der Fraktion wurde<br \/>\nam Samstag beim Landesparteitag der Gr\u00fcnen ins Amt gew\u00e4hlt. Sie<br \/>\nfolgt auf Maryam Blumenthal, die als Schulsenatorin in den Senat<br \/>\ngewechselt ist und das Amt daher abgegeben hat. <\/p>\n<p class=\"paragraph article__item\">Vertrauliche<br \/>\nGespr\u00e4che des rot-gr\u00fcnen Senats mit den Initiatoren des<br \/>\n<strong>Zukunftsentscheids<br \/>\nf\u00fcr mehr Klimaschutz <\/strong>sind<br \/>\ngescheitert. Ziel sei es gewesen, mit Blick auf den f\u00fcr Oktober<br \/>\ngeplanten Volksentscheid noch einen Kompromiss zwischen Regierung und<br \/>\nInitiative auszuloten, sagte die Zweite B\u00fcrgermeisterin und<br \/>\nUmweltsenatorin Katharina Fegebank. Ein dazu von der Stadt<br \/>\nvorgelegtes Angebot sei jedoch abgelehnt worden. Der &#8222;Hamburger<br \/>\nZukunftsentscheid&#8220; will erreichen, dass die Stadt bereits bis 2040<br \/>\nklimaneutral wird \u2013 f\u00fcnf Jahre fr\u00fcher als vom rot-gr\u00fcnen Senat<br \/>\ngeplant.\n<\/p>\n<p class=\"paragraph article__item\">\nDer Hamburger <a class=\"rtr-entity\" href=\"https:\/\/www.zeit.de\/thema\/carlsen-verlag\" target=\"_blank\" rel=\"noopener\">Carlsen Verlag<\/a> wehrt sich gegen<br \/>\n<strong>fragw\u00fcrdige &#8222;Conni&#8220;-Memes<\/strong><br \/>\nim Internet. &#8222;Wir<br \/>\ndrohen nicht mit Klagen, sondern fordern in bestimmten F\u00e4llen dazu<br \/>\nauf, das jeweilige Meme aus dem Netz zu l\u00f6schen&#8220;, erkl\u00e4rte der<br \/>\nVerlag im LinkedIn-Netzwerk.<br \/>\nKonkret gehe es dabei um menschenverachtende, rassistische,<br \/>\ngewaltverherrlichende und pornografische Verwendungen der<br \/>\nConni-Figur. Die gro\u00dfe Beliebtheit der Kinderbuchfigur findet<br \/>\nAusdruck in zahllosen, meist KI-generierten Memes<br \/>\nin den sozialen Netzwerken. Aus Sicht des Carlsen Verlags handelt es<br \/>\nsich dabei &#8222;in vielen F\u00e4llen um unwissentliche Verletzungen von<br \/>\nUrheber-, Marken- und\/oder Titelrechten&#8220;.\n<\/p>\n<p>        In aller K\u00fcrze        <\/p>\n<p class=\"paragraph article__item\">\n\u2022 Im<br \/>\nProzess um die mutma\u00dfliche Entf\u00fchrung zweier Kinder der<strong><br \/>\nHamburger Unternehmerin Christina Block <\/strong>hat<br \/>\nderen Verteidiger die Vorw\u00fcrfe gegen seine Mandantin am Freitag<br \/>\nzur\u00fcckgewiesen \u2013 ZEIT-Kriminalreporterin Anne Kunze war am ersten<br \/>\nProzesstag im Gericht, ihre Beobachtungen <a href=\"https:\/\/www.zeit.de\/gesellschaft\/2025-07\/prozess-christina-block-entfuehrung-kinder-hamburg?=&amp;icode=01w0040k0059Inhemanew2104&amp;utm_medium=email&amp;utm_source=elbvertiefung&amp;utm_campaign=zplus&amp;utm_content=&amp;wt_zmc=emanew.int.zabo.elbvertiefung.zplus....x\" class=\"\" target=\"_blank\" rel=\"noopener\">finden<br \/>\nSie hier<\/a><br \/>\n(Z+)\u00a0 \u2022<br \/>\nDer\u00a0<strong>Aufsichtsratsvorsitzende<br \/>\ndes Hamburger Hafenlogistikers HHLA, R\u00fcdiger Grube,\u00a0<\/strong>hat<br \/>\nseinen R\u00fccktritt angek\u00fcndigt \u2013 sobald voraussichtlich Ende Juli<br \/>\ndie Nachfolge der scheidenden Vorstandsvorsitzenden Angela Titzrath<br \/>\ngekl\u00e4rt ist, will er seinen Posten abgeben. \u2022<br \/>\nDer Bundesliga-Aufsteiger\u00a0<strong>HSV\u00a0<\/strong>hat<br \/>\nam Samstag ein Testspiel beim FC Kopenhagen mit 0:1 verloren\n<\/p>\n<p>                        THEMA DES TAGES            <\/p>\n<p>                                        \u00a9\u00a0Georg Wendt\/\u200bdpa<\/p>\n<p>        &#8222;Es macht keinen Sinn mehr, deutsche Eichen in die Stadt zu pflanzen&#8220;        <\/p>\n<p class=\"paragraph article__item\">Sind<br \/>\nHamburgs Alleen zu retten? Der Baumschul-Gesch\u00e4ftsf\u00fchrer Bernhard<br \/>\nvon Ehren fordert mehr Artenvielfalt \u2013 auch mit B\u00e4umen aus anderen<br \/>\nKlimazonen. Lesen Sie hier einen Auszug aus dem Interview mit<br \/>\nBernhard von Ehren, der in f\u00fcnfter Generation eine Baumschule<br \/>\nleitet. Die Fragen stellte ZEIT:Hamburg-Autorin Kristina L\u00e4sker.\n<\/p>\n<p class=\"paragraph article__item\"><strong>DIE<br \/>\nZEIT: <\/strong>Herr<br \/>\nvon Ehren, in Hamburg<br \/>\nist es gerade oft hei\u00df und trocken. Wie geht es da den B\u00e4umen in<br \/>\nder Stadt?\n<\/p>\n<p class=\"paragraph article__item\"><strong>Bernhard<br \/>\nvon Ehren: <\/strong>Das<br \/>\nist dramatisch, viele B\u00e4ume sind gestresst. Im Februar, M\u00e4rz und<br \/>\nApril hatten wir fast keinen Niederschlag. B\u00e4ume mit flachen Wurzeln<br \/>\nhatten viel zu wenig zu trinken. Man kann das sehen: Die Bl\u00e4tter<br \/>\nsind kleiner als sonst, sie werfen weniger Schatten. Die B\u00e4ume<br \/>\nstagnieren, sie \u00fcberleben blo\u00df. <\/p>\n<p class=\"paragraph article__item\"><strong>ZEIT:<br \/>\n<\/strong>Gilt<br \/>\ndas f\u00fcr alle B\u00e4ume? <\/p>\n<p class=\"paragraph article__item\"><strong>Von<br \/>\nEhren: <\/strong>Nein.<br \/>\nDie \u00e4lteren B\u00e4ume Hamburgs sind oft vitaler, die j\u00fcngeren<br \/>\nversterben \u00f6fter.  <\/p>\n<p class=\"paragraph article__item\"><strong>ZEIT:<br \/>\n<\/strong>Warum<br \/>\nist das so?\n<\/p>\n<p class=\"paragraph article__item\"><strong>Von<br \/>\nEhren:\u00a0<\/strong>In<br \/>\nHamburg wurde vor und nach dem Zweiten Weltkrieg richtig viel<br \/>\ngepflanzt, deshalb ist Hamburg heute so gr\u00fcn. Die Stadtplaner haben<br \/>\nden B\u00e4umen damals noch gro\u00dfe Wurzelr\u00e4ume geg\u00f6nnt, daher k\u00f6nnen<br \/>\nsie bei D\u00fcrre und Hitze besser Wasser aus der Tiefe aufnehmen. Man<br \/>\nsieht das auch an den gr\u00fcnen Lungen der Stadt: im Stadtpark, rund um<br \/>\ndie Alster, auf dem Ohlsdorfer Friedhof. Vergleichen Sie das mal mit<br \/>\nden jungen B\u00e4umen an mehrspurigen Stra\u00dfen: Die m\u00fcssen mit winzigen<br \/>\nBaumgruben klarkommen, ringsherum sind schwarzer Asphalt und hohe<br \/>\nFassaden. Da steht die Hitze. In der HafenCity etwa stehen B\u00e4ume in<br \/>\nsandigen B\u00f6den. Die Baumgruben werden mit Substrat aufgef\u00fcllt, aber<br \/>\ndie B\u00e4ume k\u00f6nnen das Wasser dort trotzdem nicht halten. Sie m\u00fcssen<br \/>\nauch nach 20 Jahren noch gew\u00e4ssert werden. F\u00fcr die B\u00e4ume ist das<br \/>\nso, als h\u00e4tte man sie in die W\u00fcste gepflanzt.\n<\/p>\n<p class=\"paragraph article__item\"><strong>ZEIT:<br \/>\n<\/strong>Das<br \/>\nklingt nicht gut.  <\/p>\n<p class=\"paragraph article__item\"><strong>Von<br \/>\nEhren:\u00a0<\/strong>Hamburg<br \/>\nist oft purer Stress f\u00fcr B\u00e4ume, an vielen Standorten. Es wird viel<br \/>\ngebaut und gebuddelt. Beim Verlegen von Kabeln, Leitungen und Rohren<br \/>\nwerden h\u00e4ufig Wurzeln besch\u00e4digt. Auch wenn Autos oder R\u00e4der auf<br \/>\nBaumscheiben parken oder im Winter zu viel Salz verstreut wird, m\u00f6gen<br \/>\ndie Pflanzen das nicht.\n<\/p>\n<p class=\"paragraph article__item\"><strong>ZEIT:<br \/>\n<\/strong>Wie<br \/>\ngro\u00df ist der Schaden durch den Klimawandel? <\/p>\n<p class=\"paragraph article__item\"><strong>Von<br \/>\nEhren: <\/strong>Seit<br \/>\ngut zehn Jahren sp\u00fcren wir in Hamburg die D\u00fcrre- und Hitzeperioden.<br \/>\nWir hatten hier schon \u00fcber 40 Grad, das gab es in meiner Kindheit<br \/>\nnie! Manche heimischen Arten wie Eiche, Linde oder Ahorn kommen damit<br \/>\nnicht gut zurecht. Geschw\u00e4chte B\u00e4ume bekommen leichter Krankheiten.<br \/>\nDurch den Klimawandel wandern auch neue Sch\u00e4dlinge ein: Pilze,<br \/>\nBakterien, Viren, Insekten. Die Erreger befallen unsere heimischen<br \/>\nPflanzen. Eichen, eine der Hauptarten in Hamburg, leiden stark unter<br \/>\ndem Eichenprozessionsspinner. Ein Pilz bei Eschen f\u00fchrt zum<br \/>\nsogenannten Eschentriebsterben. Kastanien bekommen ein Stammbluten,<br \/>\nes droht der Verlust der Art.\n<\/p>\n<p class=\"paragraph article__item\">Was<br \/>\nman dagegen tun kann, welche B\u00e4ume besonders gut mit Hitze und<br \/>\nTrockenheit klarkommen und ob Hamburg genug f\u00fcr den Schutz der B\u00e4ume<br \/>\ntut, <a href=\"https:\/\/www.zeit.de\/hamburg\/2025-07\/strassenbaeume-hamburg-zustand-baumschule-bernhard-von-ehren?=&amp;icode=01w0040k0059Inhemanew2104&amp;utm_medium=email&amp;utm_source=elbvertiefung&amp;utm_campaign=zplus&amp;utm_content=&amp;wt_zmc=emanew.int.zabo.elbvertiefung.zplus....x\" class=\"\" target=\"_blank\" rel=\"noopener\">lesen<br \/>\nSie weiter in der ungek\u00fcrzten Fassung auf zeit.de<\/a>.<\/p>\n<p>        DER SATZ            <\/p>\n<p>                                        \u00a9\u00a0Jelka Lerche\/\u200b ZEIT-GRAFIK<\/p>\n<p class=\"paragraph article__item\">&#8222;Manche<br \/>\nvon uns campen mit dem Auto an der Nordsee, andere fahren zu ihren<br \/>\nGro\u00dfeltern oder bringen einen neuen Esstisch nach Hause, den sie bei<br \/>\nKleinanzeigen ergattert haben.&#8220;\n<\/p>\n<p class=\"paragraph article__item\">ZEIT-Autorin<br \/>\nStella Lueneberg teilt sich in Hamburg ein Auto \u2013 mit 30 anderen<br \/>\nMenschen. Wie Carsharing im Freundeskreis funktioniert, welche Vor-<br \/>\nund Nachteile das hat und mit welchen Tipps das Modell im Alltag<br \/>\nfunktioniert, hat Lueneberg in einem Online-Artikel zusammengefasst \u2013<br \/>\n<a href=\"https:\/\/www.zeit.de\/campus\/2025-06\/carsharing-freunde-auto-teilen-gemeinschaft?=&amp;icode=01w0040k0059Inhemanew2104&amp;utm_medium=email&amp;utm_source=elbvertiefung&amp;utm_campaign=zplus&amp;utm_content=&amp;wt_zmc=emanew.int.zabo.elbvertiefung.zplus....x\" class=\"\" target=\"_blank\" rel=\"noopener\">den ganzen<br \/>\nText lesen Sie hier<\/a>.\u00a0\n<\/p>\n<p>        DARAUF K\u00d6NNEN SIE SICH FREUEN        <\/p>\n<p class=\"paragraph article__item\">Das<br \/>\nMARKK widmet sich im zweiten Teil seiner Reihe &#8222;Essen&#8220; folgenden<br \/>\nFragen: Was n\u00e4hrt die Seele? Was stillt den Durst des Geistes in<br \/>\neiner Welt voller L\u00e4rm, Verlust und Fragmentierung? Es geht an<br \/>\ndiesem Abend also nicht allein um Nahrungsaufnahme, sondern um<br \/>\nNahrung f\u00fcr die Seele. Die multidisziplin\u00e4re K\u00fcnstlerin Chouf<br \/>\ngestaltet den Abend als literarische Performance.\n<\/p>\n<p class=\"paragraph article__item\"><a href=\"https:\/\/markk-hamburg.de\/veranstaltungen\/abendbrot\/\" class=\"\" target=\"_blank\" rel=\"noopener\">&#8222;Essen&#8220;<\/a>, 17. Juli, 19 Uhr; Museum am Rothenbaum, Rothenbaumchaussee\n<\/p>\n<p>                        MEINE STADT            <\/p>\n<p>                            POST vom Ufo (gesehen bei der Alten Oberpostdirektion)            \u00a9\u00a0Uschi Wolf<\/p>\n<p>        HAMBURGER SCHNACK        <\/p>\n<p class=\"paragraph article__item\">Mit<br \/>\ndem neuen Gebrauchtwagen \u2013 20 cm l\u00e4nger als sein Vorg\u00e4nger \u2013<br \/>\nkonnte ich (\u00dc70) endlich die dringend ben\u00f6tigte siebenstufige<br \/>\nLeiter kaufen. Doch dann die b\u00f6se \u00dcberraschung: Der Sitz lie\u00df sich<br \/>\nnicht so weit nach vorne klappen wie gedacht, das Monstrum stie\u00df ans<br \/>\nArmaturenbrett und hing hinten raus. Ich war ratlos. Da kam ein Punk<br \/>\n\u00fcber den Parkplatz des Baumarkts, mindestens so alt wie ich,<br \/>\nt\u00e4towiert und gepierct an allen sichtbaren Stellen, zog wortlos die<br \/>\nLeiter wieder raus, \u00f6ffnete die Beifahrert\u00fcr, kurbelte den Sitz in<br \/>\ndie andere Richtung nach hinten und schob sie jetzt v\u00f6llig<br \/>\nwaagerecht ins Auto. Passte genau! Ich bedankte mich gl\u00fccklich und<br \/>\nsagte: &#8222;Ich wusste gar nicht, dass der Wagen Liegesitze hat.&#8220;<br \/>\nDarauf er: &#8222;Jou, jetz kannst in Urlaub fahren.&#8220;\n<\/p>\n<p class=\"paragraph article__item\">Geh\u00f6rt<br \/>\nvon Margit Tabel-Gerster\n<\/p>\n<p class=\"paragraph article__item\">Das war<br \/>\ndie Elbvertiefung, der t\u00e4gliche Hamburg-Newsletter der ZEIT. Wenn Sie<br \/>\nm\u00f6chten, dass er t\u00e4glich um 6 Uhr in Ihrem Postfach landet, k\u00f6nnen Sie<br \/>\nihn <a href=\"https:\/\/www.zeit.de\/serie\/elbvertiefung\" class=\"\" target=\"_blank\" rel=\"noopener\">hier kostenlos abonnieren<\/a>.<\/p>\n","protected":false},"excerpt":{"rendered":"Liebe Leserin, lieber Leser, pl\u00f6tzlich stand er da. Gleich hinter der Kurve, mitten auf dem Radweg. Ich zog&hellip;\n","protected":false},"author":2,"featured_media":266646,"comment_status":"","ping_status":"","sticky":false,"template":"","format":"standard","meta":{"footnotes":""},"categories":[1826],"tags":[4074,25836,36389,74793,29,4677,2016,3658,30,692,80364,23314,2021],"class_list":{"0":"post-266645","1":"post","2":"type-post","3":"status-publish","4":"format-standard","5":"has-post-thumbnail","7":"category-hamburg","8":"tag-adac","9":"tag-blumenthal","10":"tag-bundesverkehrsministerium","11":"tag-carlsen-verlag","12":"tag-deutschland","13":"tag-elbvertiefung","14":"tag-elbvertiefung-der-taegliche-newsletter-aus-hamburg","15":"tag-gelsenkirchen","16":"tag-germany","17":"tag-hamburg","18":"tag-leon-alam","19":"tag-stillleben","20":"tag-zeit"},"share_on_mastodon":{"url":"https:\/\/pubeurope.com\/@de\/114849731319030297","error":""},"_links":{"self":[{"href":"https:\/\/www.europesays.com\/de\/wp-json\/wp\/v2\/posts\/266645","targetHints":{"allow":["GET"]}}],"collection":[{"href":"https:\/\/www.europesays.com\/de\/wp-json\/wp\/v2\/posts"}],"about":[{"href":"https:\/\/www.europesays.com\/de\/wp-json\/wp\/v2\/types\/post"}],"author":[{"embeddable":true,"href":"https:\/\/www.europesays.com\/de\/wp-json\/wp\/v2\/users\/2"}],"replies":[{"embeddable":true,"href":"https:\/\/www.europesays.com\/de\/wp-json\/wp\/v2\/comments?post=266645"}],"version-history":[{"count":0,"href":"https:\/\/www.europesays.com\/de\/wp-json\/wp\/v2\/posts\/266645\/revisions"}],"wp:featuredmedia":[{"embeddable":true,"href":"https:\/\/www.europesays.com\/de\/wp-json\/wp\/v2\/media\/266646"}],"wp:attachment":[{"href":"https:\/\/www.europesays.com\/de\/wp-json\/wp\/v2\/media?parent=266645"}],"wp:term":[{"taxonomy":"category","embeddable":true,"href":"https:\/\/www.europesays.com\/de\/wp-json\/wp\/v2\/categories?post=266645"},{"taxonomy":"post_tag","embeddable":true,"href":"https:\/\/www.europesays.com\/de\/wp-json\/wp\/v2\/tags?post=266645"}],"curies":[{"name":"wp","href":"https:\/\/api.w.org\/{rel}","templated":true}]}}