{"id":266656,"date":"2025-07-14T04:41:14","date_gmt":"2025-07-14T04:41:14","guid":{"rendered":"https:\/\/www.europesays.com\/de\/266656\/"},"modified":"2025-07-14T04:41:14","modified_gmt":"2025-07-14T04:41:14","slug":"berlin-streaming-tipps-der-woche-5","status":"publish","type":"post","link":"https:\/\/www.europesays.com\/de\/266656\/","title":{"rendered":"Berlin | Streaming-Tipps der Woche"},"content":{"rendered":"<p class=\"bodytext\">Berlin (dpa) &#8211; Eine Studentin macht sich sehr viele Gedanken, eine Tochter bekommt den Tod ihres Vaters nicht aus dem Kopf und ein Tyrann will eine ganze Galaxie mit der Kraft seines Denkens unterwerfen.\u00a0<\/p>\n<p>\u00abIda rettet die Welt\u00bb (ARD)<\/p>\n<p>Einsersch\u00fclerin Ida (Elli M\u00fcller Osborne) zieht f\u00fcr ihr Psychologiestudium aus ihrer sicheren Heimatstadt ins gesch\u00e4ftige Oslo. Sie freut sich auf das Studentenleben, leidet aber zunehmend unter Angstst\u00f6rungen. An der Uni lernt Ida den unbeholfenen Axel (Arthur Hakalahti) kennen. W\u00e4hrend er sich mit wenig Erfolgsaussichten um Ida bem\u00fcht, verst\u00e4rken sich ihre \u00c4ngste und sie wird zunehmend paranoid. Sie ist \u00fcberzeugt, in ihm einen \u00abIncel\u00bb zu erkennen, der aus Frust \u00fcber Frauen einen Amoklauf plant. Eigentlich m\u00f6chte Ida ihn auf Distanz halten. Aber: M\u00fcsste sie nicht helfen? Tr\u00e4gt sie als Wissende nicht die Verantwortung, etwas Schlimmes zu verhindern?\u00a0<\/p>\n<p>W\u00e4hrend sich andere Studierende in Partys und Beziehungen st\u00fcrzen, wird Ida immer \u00f6fter von ihrer Paranoia heimgesucht und findet sich in einem verworrenen Netz aus Angst, Verantwortung und ethischen Dilemmata wieder. Die achtteilige norwegische Dramedy-Serie \u00abIda rettet die Welt\u00bb steht seit 11. Juli in der ARD-Mediathek.<\/p>\n<p>\u00abCat`s Eyes\u00bb (ZDF)<\/p>\n<p>In der humorvollen Action-Krimiserie \u00abCat`s Eyes\u00bb kehrt Tamara Chamade nach f\u00fcnf Jahren Abwesenheit zu ihren Schwestern Sylia und Alexia nach Paris zur\u00fcck. Sie will endlich die Wahrheit \u00fcber den Tod ihres Vaters herausfinden. Sylia hat mit dem Thema eigentlich abgeschlossen. Doch Tamara ist fest davon \u00fcberzeugt, dass das katastrophale Feuer in der Galerie ihres Vaters, des Kunstsammlers Micha\u00ebl Heinz, kein Unfall war. Ihre j\u00fcngere Schwester Alexia, genannt &#8222;Alex&#8220;, ist unterdessen mit dem Gesetz in Konflikt geraten.\u00a0<\/p>\n<p>Tamara trifft so ihren Ex-Freund Quentin Chapuis, der mittlerweile als Polizist arbeitet. Als er ihr erz\u00e4hlt, dass er haupts\u00e4chlich f\u00fcr Kunstdiebstahl zust\u00e4ndig ist, wird sie hellh\u00f6rig. Denn Tamara hat noch einiges geplant. \u00abCat`s Eyes\u00bb ist eine achtteilige franz\u00f6sische Serie, die auf einem japanischen Comic von Tsukasa H?j? basiert, und startet am 18. Juli.<\/p>\n<p>\u00abFoundation\u00bb (Apple TV+)<\/p>\n<p>Neue Folgen von \u00abFoundation\u00bb, der Science-Fiction-Saga von David S. Goyer, sind jetzt verf\u00fcgbar. Mehr als 150 Jahre nach den Ereignissen der zweiten Staffel hat sich die Foundation weit \u00fcber ihre bescheidenen Anf\u00e4nge hinaus etabliert, w\u00e4hrend das Reich der Cleonic-Dynastie geschrumpft ist. Die beiden M\u00e4chte schmieden eine br\u00fcchige Allianz. Unterdessen taucht eine Bedrohung f\u00fcr die gesamte Galaxie auf: ein furchterregender Kriegsherr, der als \u00abThe Mule\u00bb bekannt ist und das Universum durch Gewalt und Gedankenkontrolle beherrschen will. Die Serie fu\u00dft auf B\u00fcchern von Isaac Asimov. Mit dabei sind Jared Harris und Lee Pace sowie Lou Llobell in den Hauptrollen, der erste der zehn Teile der dritten Staffel ging am 11. Juli online.<\/p>\n","protected":false},"excerpt":{"rendered":"Berlin (dpa) &#8211; Eine Studentin macht sich sehr viele Gedanken, eine Tochter bekommt den Tod ihres Vaters nicht&hellip;\n","protected":false},"author":2,"featured_media":266657,"comment_status":"","ping_status":"","sticky":false,"template":"","format":"standard","meta":{"footnotes":""},"categories":[1825],"tags":[296,29,441,92,30,62,1897],"class_list":{"0":"post-266656","1":"post","2":"type-post","3":"status-publish","4":"format-standard","5":"has-post-thumbnail","7":"category-berlin","8":"tag-berlin","9":"tag-deutschland","10":"tag-fernsehen","11":"tag-film","12":"tag-germany","13":"tag-medien","14":"tag-streaming"},"share_on_mastodon":{"url":"https:\/\/pubeurope.com\/@de\/114849754949925154","error":""},"_links":{"self":[{"href":"https:\/\/www.europesays.com\/de\/wp-json\/wp\/v2\/posts\/266656","targetHints":{"allow":["GET"]}}],"collection":[{"href":"https:\/\/www.europesays.com\/de\/wp-json\/wp\/v2\/posts"}],"about":[{"href":"https:\/\/www.europesays.com\/de\/wp-json\/wp\/v2\/types\/post"}],"author":[{"embeddable":true,"href":"https:\/\/www.europesays.com\/de\/wp-json\/wp\/v2\/users\/2"}],"replies":[{"embeddable":true,"href":"https:\/\/www.europesays.com\/de\/wp-json\/wp\/v2\/comments?post=266656"}],"version-history":[{"count":0,"href":"https:\/\/www.europesays.com\/de\/wp-json\/wp\/v2\/posts\/266656\/revisions"}],"wp:featuredmedia":[{"embeddable":true,"href":"https:\/\/www.europesays.com\/de\/wp-json\/wp\/v2\/media\/266657"}],"wp:attachment":[{"href":"https:\/\/www.europesays.com\/de\/wp-json\/wp\/v2\/media?parent=266656"}],"wp:term":[{"taxonomy":"category","embeddable":true,"href":"https:\/\/www.europesays.com\/de\/wp-json\/wp\/v2\/categories?post=266656"},{"taxonomy":"post_tag","embeddable":true,"href":"https:\/\/www.europesays.com\/de\/wp-json\/wp\/v2\/tags?post=266656"}],"curies":[{"name":"wp","href":"https:\/\/api.w.org\/{rel}","templated":true}]}}