{"id":266694,"date":"2025-07-14T05:04:22","date_gmt":"2025-07-14T05:04:22","guid":{"rendered":"https:\/\/www.europesays.com\/de\/266694\/"},"modified":"2025-07-14T05:04:22","modified_gmt":"2025-07-14T05:04:22","slug":"pol-wi-kvd-einbruch-in-cafe-gemeinsame-kontrollen-sicheres","status":"publish","type":"post","link":"https:\/\/www.europesays.com\/de\/266694\/","title":{"rendered":"POL-WI-KvD: +++Einbruch in Caf\u00e9+++ Gemeinsame Kontrollen &#8222;Sicheres &#8230;"},"content":{"rendered":"<p class=\"date\">13.07.2025 \u2013 11:11<\/p>\n<p class=\"customer\">\n                        <a class=\"story-customer\" title=\"weiter zum newsroom von Wiesbaden (KvD) - Polizeipr\u00e4sidium Westhessen\" href=\"https:\/\/www.presseportal.de\/blaulicht\/nr\/11815\" rel=\"nofollow noopener\" target=\"_blank\">Wiesbaden (KvD) &#8211; Polizeipr\u00e4sidium Westhessen<\/a>\n                    <\/p>\n<p><a data-category=\"citylink-story-view\" data-action=\"click\" data-label=\"Citylink in Meldungsansicht\" class=\"story-city event-trigger\" href=\"https:\/\/www.presseportal.de\/regional\/Wiesbaden\" title=\"News aus Wiesbaden \" rel=\"nofollow noopener\" target=\"_blank\">Wiesbaden<\/a> (ots)<\/p>\n<p>1.\tEinbruch in Caf\u00e9, Wiesbaden, Mauergasse, Donnerstag, 10.07.2025 19:15 Uhr bis Freitag 11.07.2025, 07:05 Uhr<\/p>\n<p>(nm) Unbekannte T\u00e4ter stiegen Donnerstagnacht in ein Caf\u00e9 in der Mauergasse ein und entwendeten Bargeld.<br \/>\nZwischen 19:15 Uhr und 07:05 Uhr gelangten unbekannte T\u00e4ter durch Aufbrechen der Hauseingangst\u00fcr und der seitlichen Eingangst\u00fcr des Caf\u00e9s in den dortigen Kassenbereich. Hier hatte man es auf die Registrierkasse abgesehen. Diese konnte ge\u00f6ffnet und Bargeld entwenden werden. Nach der Tatausf\u00fchrung traten die T\u00e4ter unerkannt die Flucht an.<br \/>\nDie Kriminalpolizei hat die Ermittlungen aufgenommen und nimmt Hinweise unter der Rufnummer 0611\/345-0 entgegen.<\/p>\n<p>2.\tGemeinsame Kontrollen &#8222;Sicheres Wiesbaden&#8220;, Wiesbaden, Freitag, 11.07.2025, 17:00 Uhr bis Samstag, 12.07.2025, 03:00 Uhr<br \/>\nUnd Samstag, 12.07.2025, 17:00 Uhr bis Sonntag, 13.07.2025, 03:00 Uhr<\/p>\n<p>(nm) Von Freitag auf Samstag und von Samstag auf Sonntag f\u00fchrte die Polizeidirektion Wiesbaden wieder gemeinsame Kontrollen im Rahmen der Einsatzkonzeption &#8222;Sicheres Wiesbaden&#8220; durch.<br \/>\nSchwerpunkte der \u00dcberwachung lagen im Bereich der Waffenverbotszone, des Warmen Damms, des Schulbergs, der Reisinger Anlagen sowie im Umfeld des nahegelegenen Bahnhofs und dem Schelmengraben. An den \u00d6rtlichkeiten waren die Einsatzkr\u00e4fte pr\u00e4sent, um m\u00f6glichen Auseinandersetzungen vorzubeugen und f\u00fcr die B\u00fcrgerinnen und B\u00fcrger ansprechbar zu sein.<br \/>\nDurch die Einsatzkr\u00e4fte wurden insgesamt 72 Personen kontrolliert.<br \/>\nWeiterhin wurde der Regeldienst der Polizeireviere unterst\u00fctzt. Die Stadt Wiesbaden und die Landespolizei Hessen werden weiterhin eng kooperieren und regelm\u00e4\u00dfig in der Wiesbadener Innenstadt pr\u00e4sent und ansprechbar sein.<\/p>\n<p>3.\tDiebstahl aus Wohnung, Wiesbaden, Adolfsallee, Samstag, 12.07.2025, 06:30 Uhr<\/p>\n<p>(nm) Ein Einbrecher nutze den Schlaf der Bewohner und eine offene Balkont\u00fcr einer Erdgeschosswohnung am fr\u00fchen Samstagmorgen aus und entwendete einige Gegenst\u00e4nde.<br \/>\nEin Bewohner staunte um 06:30 Uhr in der Adolfsallee nicht schlecht, als er aus seinem Schlaf gerissen wurde und ein Einbrecher sich aus dem Fenster schleichen wollte. Als er dann merkte, dass seine Handys und Autoschl\u00fcssel, sowie die Handys seine \u00dcbernachtungsg\u00e4ste nicht mehr da waren, nahm er die Verfolgung des dreisten Diebes auf. Zusammen mit seinen Bekannten konnte er den T\u00e4ter stellen, als er versuchte das Auto ausfindig zu machen. Der Dieb muss sich jetzt wegen Diebstahls verantworten.<\/p>\n<p>4.\tDiebe auf frischer Tat ertappt, Wiesbaden, Dotzheimer Stra\u00dfe<br \/>\nSonntag, 13.07.2025, 06:45 Uhr<\/p>\n<p>(cho) Ein Zeugin beobachtete mehrere Personen dabei, wie diese Diebesgut aus einem Gesch\u00e4ft trugen. Die unmittelbar verst\u00e4ndigten Polizeibeamten konnten die Diebe schnell im Nahbereich festnehmen.<br \/>\nEine aufmerksame Zeugin konnte zwei Frauen und einen Mann dabei beobachten, wie diese sich unberechtigter Weise Zutritt zu einem zurzeit nicht betriebenen Gesch\u00e4ft in der Dotzheimer Stra\u00dfe verschafften. Anschlie\u00dfend trugen sie in aller Seelenruhe diverse Getr\u00e4nkekisten aus dem Laden und deponierten diese zun\u00e4chst vor dem Gesch\u00e4ft. Anschlie\u00dfend fl\u00fcchteten die T\u00e4ter zu Fu\u00df in die Karlstra\u00dfe und in die W\u00f6rthstra\u00dfe. Zum Gl\u00fcck alarmierte die Frau sofort die Polizei und die schnell eintreffenden Streifen konnten die Personen im Nahbereich antreffen und vorl\u00e4ufig festnehmen. Auf Grund der guten Beschreibung der Zeugin blieb den Dieben letzten Endes nichts anderes \u00fcbrig als die Tat einzur\u00e4umen. Alle drei erwartet nun ein entsprechendes Ermittlungsverfahren.<\/p>\n<p class=\"contact-headline\">R\u00fcckfragen bitte an:<\/p>\n<p class=\"contact-text\">Polizeipr\u00e4sidium Westhessen<br \/>Polizeidirektion Wiesbaden<br \/>Kommissar vom Dienst<\/p>\n<p>Telefon: (0611) 345-2042<br \/>E-Mail: <a href=\"https:\/\/www.presseportal.de\/blaulicht\/pm\/11815\/mailto: KvD.Wiesbaden.ppwh@polizei.hessen.de\" class=\"uri-mailto\" rel=\"nofollow noopener\" target=\"_blank\"> KvD.Wiesbaden.ppwh@polizei.hessen.de<\/a><\/p>\n<p class=\"originator\">Original-Content von: Wiesbaden (KvD) &#8211; Polizeipr\u00e4sidium Westhessen, \u00fcbermittelt durch news aktuell<\/p>\n","protected":false},"excerpt":{"rendered":"13.07.2025 \u2013 11:11 Wiesbaden (KvD) &#8211; Polizeipr\u00e4sidium Westhessen Wiesbaden (ots) 1. Einbruch in Caf\u00e9, Wiesbaden, Mauergasse, Donnerstag, 10.07.2025&hellip;\n","protected":false},"author":2,"featured_media":108,"comment_status":"","ping_status":"","sticky":false,"template":"","format":"standard","meta":{"footnotes":""},"categories":[1847],"tags":[3364,29,548,663,3934,30,1087,13,2052,177,14,15,121,178,180,179,181,12,4544],"class_list":{"0":"post-266694","1":"post","2":"type-post","3":"status-publish","4":"format-standard","5":"has-post-thumbnail","7":"category-wiesbaden","8":"tag-de","9":"tag-deutschland","10":"tag-eu","11":"tag-europa","12":"tag-europe","13":"tag-germany","14":"tag-he","15":"tag-headlines","16":"tag-hessen","17":"tag-kriminalitt","18":"tag-nachrichten","19":"tag-news","20":"tag-polizei","21":"tag-presse","22":"tag-pressemeldung","23":"tag-pressemitteilung","24":"tag-pressemitteilungen","25":"tag-schlagzeilen","26":"tag-wiesbaden"},"share_on_mastodon":{"url":"https:\/\/pubeurope.com\/@de\/114849845336176539","error":""},"_links":{"self":[{"href":"https:\/\/www.europesays.com\/de\/wp-json\/wp\/v2\/posts\/266694","targetHints":{"allow":["GET"]}}],"collection":[{"href":"https:\/\/www.europesays.com\/de\/wp-json\/wp\/v2\/posts"}],"about":[{"href":"https:\/\/www.europesays.com\/de\/wp-json\/wp\/v2\/types\/post"}],"author":[{"embeddable":true,"href":"https:\/\/www.europesays.com\/de\/wp-json\/wp\/v2\/users\/2"}],"replies":[{"embeddable":true,"href":"https:\/\/www.europesays.com\/de\/wp-json\/wp\/v2\/comments?post=266694"}],"version-history":[{"count":0,"href":"https:\/\/www.europesays.com\/de\/wp-json\/wp\/v2\/posts\/266694\/revisions"}],"wp:featuredmedia":[{"embeddable":true,"href":"https:\/\/www.europesays.com\/de\/wp-json\/wp\/v2\/media\/108"}],"wp:attachment":[{"href":"https:\/\/www.europesays.com\/de\/wp-json\/wp\/v2\/media?parent=266694"}],"wp:term":[{"taxonomy":"category","embeddable":true,"href":"https:\/\/www.europesays.com\/de\/wp-json\/wp\/v2\/categories?post=266694"},{"taxonomy":"post_tag","embeddable":true,"href":"https:\/\/www.europesays.com\/de\/wp-json\/wp\/v2\/tags?post=266694"}],"curies":[{"name":"wp","href":"https:\/\/api.w.org\/{rel}","templated":true}]}}