{"id":266721,"date":"2025-07-14T05:21:11","date_gmt":"2025-07-14T05:21:11","guid":{"rendered":"https:\/\/www.europesays.com\/de\/266721\/"},"modified":"2025-07-14T05:21:11","modified_gmt":"2025-07-14T05:21:11","slug":"info-date-am-morgen-14-7-25-neue-patriots-fuer-ukraine","status":"publish","type":"post","link":"https:\/\/www.europesays.com\/de\/266721\/","title":{"rendered":"++ Info-Date am Morgen, 14.7.25: Neue &#8222;Patriots&#8220; f\u00fcr Ukraine ++"},"content":{"rendered":"<p>US-Pr\u00e4sident Donald Trump will nun doch Patriot-Luftabwehr-Systeme an die Ukraine abgeben. Die EU soll zahlen. Dies und weitere Themen des Morgens mit Andreas Fischer.<\/p>\n<p>Die Vereinigten Staaten wollen der Ukraine laut US-Pr\u00e4sident Donald Trump nun doch wieder Luftabwehr-Systeme vom Typ &#8222;Patriot&#8220; liefern. <a href=\"https:\/\/www.tagesschau.de\/ausland\/usa-patriots-ukraine-100.html\" class=\"link link-inline inline-link\" title=\"Trump k\u00fcndigt &quot;Patriot&quot;-Lieferung an Ukraine an\" target=\"_blank\" rel=\"noopener nofollow\" data-pjax=\"0\">Die US-Seite will die Waffenlieferung \u00fcber die Europ\u00e4ische Union abwickeln.<\/a> Diese soll die Waffensysteme zun\u00e4chst der US-Seite abkaufen, um sie dann an die Ukraine weiterzugeben, so Trump. F\u00fcr die Vereinigten Staaten werde das ein Gesch\u00e4ft sein und die Ukraine werde <a href=\"https:\/\/www.tagesschau.de\/ausland\/amerika\/patriot-system-faehigkeiten-101.html\" class=\"link link-inline inline-link\" title=\"Was kann das Patriot-System?\" target=\"_blank\" rel=\"noopener nofollow\" data-pjax=\"0\">Luftabwehr bekommen, die sie dringend brauche<\/a>. Wie viele der Systeme genau Kiew erhalten soll, sagte der US-Pr\u00e4sident nicht. Zuletzt hatte Trump noch argumentiert, das US-Milit\u00e4r brauche selbst genug Abwehr-Kapazit\u00e4ten und Patriot-Luftabwehr-Systeme seien schwierig zu bekommen. <\/p>\n<p><a href=\"https:\/\/www.tagesschau.de\/newsticker\/liveblog-ukraine-donnerstag-486.html\" target=\"_blank\" rel=\"noopener nofollow\" title=\"Krieg gegen die Ukraine - ++ Deutschland will zwei &quot;Patriot&quot;-Systeme finanzieren ++\" class=\"teasertracking clickzone link\" data-pjax=\"0\" role=\"presentation\" tabindex=\"-1\"><\/p>\n<p><img src=\"https:\/\/www.europesays.com\/de\/wp-content\/uploads\/2025\/07\/1752182100954,tagesschau-image-243196~_v-16x9@2dXS_-b9bac15fe0af001f663131e7814653aed0ad7167.jpg\"   class=\"\" data-copyright=\"Foto: AP\" alt=\"Ein mobiler Patriot-Raketenwerfer\" title=\"Ein mobiler Patriot-Raketenwerfer (Foto: AP)\" width=\"320\" height=\"180\" decoding=\"async\" loading=\"lazy\"\/><\/p>\n<p><\/a><\/p>\n<p><a href=\"https:\/\/www.tagesschau.de\/newsticker\/liveblog-ukraine-donnerstag-486.html\" target=\"_blank\" rel=\"noopener nofollow\" title=\"Krieg gegen die Ukraine - ++ Deutschland will zwei &quot;Patriot&quot;-Systeme finanzieren ++\" class=\"teasertracking clickzone link\" data-pjax=\"0\"><\/p>\n<p>Nach Angaben des ukrainischen Pr\u00e4sidenten Selenskyj will Deutschland f\u00fcr zwei &#8222;Patriot&#8220;-Luftabwehrsysteme zahlen, Norwegen f\u00fcr eines. Von Paris aus soll die &#8222;Koalition der Willige\u2026\n<\/p>\n<p><\/a><\/p>\n<p>Bundesverteidigungsminister in Washington<\/p>\n<p>Bundesverteidigungsminister Boris Pistorius (SPD) reist heute nach Washington. Er trifft sich mit seinem Amtskollegen Pete Hegseth, um \u00fcber die weitere Unterst\u00fctzung der Ukraine, aber auch die <a href=\"https:\/\/www.swr.de\/swrkultur\/wissen\/neue-aufruestung-wie-die-nato-europa-schuetzen-will-swr2-wissen-2024-04-03-102.html\" class=\"link link-inline inline-link\" title=\"75 Jahre Nordatlantikvertrag - Neue Aufr\u00fcstung (1\/3) \u2013 Wie die NATO Europa sch\u00fctzen will\" rel=\"nofollow noopener\" target=\"_blank\">milit\u00e4rische Zusammenarbeit in der NATO<\/a> zu beraten. Es ist Pistorius&#8216; erster Besuch in den Vereinigten Staaten seit dem Amtsantritt der neuen US-Regierung im Januar. <a href=\"https:\/\/www.tagesschau.de\/ausland\/amerika\/trump-rutte-102.html\" class=\"link link-inline inline-link\" title=\"NATO-Generalsekret\u00e4r dankt US-Pr\u00e4sident Trump\" target=\"_blank\" rel=\"noopener nofollow\" data-pjax=\"0\">Auch NATO-Generalsekret\u00e4r Mark Rutte wird in Washington zu Gespr\u00e4chen erwartet<\/a>.<\/p>\n<p>Mainz<\/p>\n<p><a href=\"https:\/\/www.swr.de\/swraktuell\/rheinland-pfalz\/mainz\/schutzwaende-daemme-gegen-hochwasser-starkregen-in-rheinhessen-nahe-100.html\" title=\"Schutzw\u00e4nde und neue D\u00e4mme - So sch\u00fctzt sich Rheinhessen vor Starkregen und \u00dcberschwemmungen\" class=\"teasertracking clickzone link\" role=\"presentation\" tabindex=\"-1\" rel=\"nofollow noopener\" target=\"_blank\"><\/p>\n<p><img src=\"https:\/\/www.europesays.com\/de\/wp-content\/uploads\/2025\/07\/1752244149167,hochwasserschutz-starkregen-rheinhessen-nahe-vier-jahre-nach-ahrtalflut-102~_v-16x9@2d.jpeg\"   class=\"\" data-copyright=\"Foto: dpa Bildfunk, picture alliance\/dpa | Andreas Arnold\" alt=\"Eine Stra\u00dfenabsperrung ist vom Hochwasser des Rheins \u00fcberflutet.\" title=\"Eine Stra\u00dfenabsperrung ist vom Hochwasser des Rheins \u00fcberflutet. (Foto: dpa Bildfunk, picture alliance\/dpa | Andreas Arnold)\" width=\"320\" height=\"180\" decoding=\"async\" loading=\"lazy\"\/><\/p>\n<p><\/a><\/p>\n<p><a href=\"https:\/\/www.swr.de\/swraktuell\/rheinland-pfalz\/mainz\/schutzwaende-daemme-gegen-hochwasser-starkregen-in-rheinhessen-nahe-100.html\" title=\"Schutzw\u00e4nde und neue D\u00e4mme - So sch\u00fctzt sich Rheinhessen vor Starkregen und \u00dcberschwemmungen\" class=\"teasertracking clickzone link\" rel=\"nofollow noopener\" target=\"_blank\"><br \/>\nSchutzw\u00e4nde und neue D\u00e4mme<br \/>\nSo sch\u00fctzt sich Rheinhessen vor Starkregen und \u00dcberschwemmungen<br \/>\n<\/a><\/p>\n<p><a href=\"https:\/\/www.swr.de\/swraktuell\/rheinland-pfalz\/mainz\/schutzwaende-daemme-gegen-hochwasser-starkregen-in-rheinhessen-nahe-100.html\" title=\"Schutzw\u00e4nde und neue D\u00e4mme - So sch\u00fctzt sich Rheinhessen vor Starkregen und \u00dcberschwemmungen\" class=\"teasertracking clickzone link\" rel=\"nofollow noopener\" target=\"_blank\"><\/p>\n<p>Vor vier Jahren kam es im Ahrtal zur Flutkatastrophe mit 135 Todesopfern. Seitdem hat sich beim Starkregen- und Hochwasserschutz auch in der Region rund um Mainz einiges getan.\n<\/p>\n<p><\/a><\/p>\n<p class=\"broadcastinfo\">\n<p>Mo.14.7.2025<br \/>\n6:00 Uhr<\/p>\n<p>SWR4 RP am Morgen<\/p>\n<p>SWR4 Rheinland-Pfalz<\/p>\n<p>Gedenken an Flutkatastrophe im Ahrtal<\/p>\n<p>Im Ahrtal wird heute an die 135 Todesopfer der Flutkatastrophe vor vier Jahren erinnert. Mehrere Gedenkveranstaltungen sind geplant, darunter auch ein \u00f6kumenischer Gottesdienst im Kurpark in Bad Neuenahr-Ahrweiler. Zu dem Gottesdienst wird auch der rheinland-pf\u00e4lzische Ministerpr\u00e4sident Alexander Schweitzer (SPD) erwartet. Neben einer katholischen und einer evangelischen Predigt sind einige Reden und Musikbeitr\u00e4ge geplant. Au\u00dferdem wird im Anschluss ein neues Mahnmal im Kurpark eingeweiht. Auch <a href=\"https:\/\/www.swr.de\/swraktuell\/rheinland-pfalz\/koblenz\/flutkatastrophe-hochwasser-ahrtal-gedenken-vierter-jahrestag-veranstaltungen-100.html\" class=\"link link-inline inline-link\" title=\"Katastrophe am 14. Juli 2021 - Hier kann man gemeinsam der Ahr-Flut vor vier Jahren gedenken\" rel=\"nofollow noopener\" target=\"_blank\">in vielen anderen Orten entlang der Ahr gibt es Gedenkveranstaltungen<\/a>, meistens organisiert von Kirchengemeinden, Ortsvereinen oder Helfervereinigungen. Heftige Regenf\u00e4lle hatten die Flutkatastrophe vor vier Jahren ausgel\u00f6st. Der <a href=\"https:\/\/www.swr.de\/swraktuell\/rheinland-pfalz\/koblenz\/erstmals-direktverbindung-vom-ahrtal-koblenz-boppard-oberes-mittelrheintal-100.html\" class=\"link link-inline inline-link\" title=\"Neue Linie soll alle zwei Stunden fahren - Nach Wiederaufbau: Erstmals direkte Z\u00fcge vom Ahrtal nach Koblenz\" rel=\"nofollow noopener\" target=\"_blank\">Wiederaufbau der teils durch die Wassermassen v\u00f6llig zerst\u00f6rten Region<\/a> dauert weiter an.<\/p>\n","protected":false},"excerpt":{"rendered":"US-Pr\u00e4sident Donald Trump will nun doch Patriot-Luftabwehr-Systeme an die Ukraine abgeben. Die EU soll zahlen. Dies und weitere&hellip;\n","protected":false},"author":2,"featured_media":63998,"comment_status":"","ping_status":"","sticky":false,"template":"","format":"standard","meta":{"footnotes":""},"categories":[3977],"tags":[331,332,13,14,15,12,4017,4018,4016,64,4019,4020],"class_list":{"0":"post-266721","1":"post","2":"type-post","3":"status-publish","4":"format-standard","5":"has-post-thumbnail","7":"category-usa","8":"tag-aktuelle-nachrichten","9":"tag-aktuelle-news","10":"tag-headlines","11":"tag-nachrichten","12":"tag-news","13":"tag-schlagzeilen","14":"tag-united-states","15":"tag-united-states-of-america","16":"tag-us","17":"tag-usa","18":"tag-vereinigte-staaten","19":"tag-vereinigte-staaten-von-amerika"},"share_on_mastodon":{"url":"https:\/\/pubeurope.com\/@de\/114849912292725330","error":""},"_links":{"self":[{"href":"https:\/\/www.europesays.com\/de\/wp-json\/wp\/v2\/posts\/266721","targetHints":{"allow":["GET"]}}],"collection":[{"href":"https:\/\/www.europesays.com\/de\/wp-json\/wp\/v2\/posts"}],"about":[{"href":"https:\/\/www.europesays.com\/de\/wp-json\/wp\/v2\/types\/post"}],"author":[{"embeddable":true,"href":"https:\/\/www.europesays.com\/de\/wp-json\/wp\/v2\/users\/2"}],"replies":[{"embeddable":true,"href":"https:\/\/www.europesays.com\/de\/wp-json\/wp\/v2\/comments?post=266721"}],"version-history":[{"count":0,"href":"https:\/\/www.europesays.com\/de\/wp-json\/wp\/v2\/posts\/266721\/revisions"}],"wp:featuredmedia":[{"embeddable":true,"href":"https:\/\/www.europesays.com\/de\/wp-json\/wp\/v2\/media\/63998"}],"wp:attachment":[{"href":"https:\/\/www.europesays.com\/de\/wp-json\/wp\/v2\/media?parent=266721"}],"wp:term":[{"taxonomy":"category","embeddable":true,"href":"https:\/\/www.europesays.com\/de\/wp-json\/wp\/v2\/categories?post=266721"},{"taxonomy":"post_tag","embeddable":true,"href":"https:\/\/www.europesays.com\/de\/wp-json\/wp\/v2\/tags?post=266721"}],"curies":[{"name":"wp","href":"https:\/\/api.w.org\/{rel}","templated":true}]}}