{"id":266821,"date":"2025-07-14T06:18:28","date_gmt":"2025-07-14T06:18:28","guid":{"rendered":"https:\/\/www.europesays.com\/de\/266821\/"},"modified":"2025-07-14T06:18:28","modified_gmt":"2025-07-14T06:18:28","slug":"verteidigungsminister-boris-pistorius-spricht-machtwort","status":"publish","type":"post","link":"https:\/\/www.europesays.com\/de\/266821\/","title":{"rendered":"Verteidigungsminister Boris Pistorius spricht Machtwort"},"content":{"rendered":"<p>Machtwort von Pistorius <\/p>\n<p>&#8222;Es gibt keinen Grund, sich weiter zu beklagen&#8220;<\/p>\n<p>Aktualisiert am 14.07.2025 &#8211; 08:08 UhrLesedauer: 2 Min.<\/p>\n<p><a href=\"#focus-0\" class=\"transition-colors duration-200 focus-within:text-magenta block text-current relative\" data-sctrack=\"FocusGalleryImage.Reference\"><img fetchpriority=\"high\" data-testid=\"Opener.Image\" style=\"--lqipURL:url('https:\/\/images.t-online.de\/2025\/07\/vLgighGNV7Kx\/0x151:2905x1634\/fit-in\/150x0\/filters:blur(25)\/der-bundesminister-der-verteidigung-boris-pistorius-spd-ist-nicht-begeistert-vom-handeln-der-ruestungskonzerne.jpg')\"   loading=\"eager\" src=\"https:\/\/www.europesays.com\/de\/wp-content\/uploads\/2025\/07\/der-bundesminister-der-verteidigung-boris-pistorius-spd-ist-nicht-begeistert-vom-handeln-der-ruestun.jpeg\" alt=\"Der Bundesminister der Verteidigung, Boris Pistorius (SPD), ist nicht begeistert vom Handeln der R\u00fcstungskonzerne.\" title=\"Der Bundesminister der Verteidigung, Boris Pistorius (SPD), ist nicht begeistert vom Handeln der R\u00fcstungskonzerne.\" width=\"2905\" height=\"1634\" class=\"bg-[url:var(--lqipURL)] bg-cover bg-center flex h-full w-full max-w-full\" decoding=\"async\"\/><img style=\"--width:32;--height:32\" loading=\"lazy\" src=\"https:\/\/www.t-online.de\/s\/paper\/_next\/static\/media\/zoom-in.f7dae02f.svg\" alt=\"Vergr\u00f6\u00dfern des Bildes\" title=\"Vergr\u00f6\u00dfern des Bildes\" class=\"block h-[calc(var(--height)_\/_16_*_1rem)] w-[calc(var(--width)_\/_16_*_1rem)] max-w-none absolute bottom-8 right-8 rounded-4 bg-snow p-8\" decoding=\"async\"\/><\/a><\/p>\n<p>Der Bundesminister der Verteidigung, Boris Pistorius (SPD), ist nicht begeistert vom Handeln der R\u00fcstungskonzerne. (Quelle: IMAGO\/dts Nachrichtenagentur)<\/p>\n<p class=\"font-bold text-18 leading-17\">Klare Ansage von Verteidigungsminister Boris Pistorius an die R\u00fcstungsindustrie. Der SPD-Politiker fordert mehr Tempo bei der Aufr\u00fcstung.<\/p>\n<p class=\"text-18 leading-17\"><a class=\"transition-colors duration-200 cursor-pointer text-inherit no-underline text-salemsfur md:hover:text-magenta md:hover:border-magenta md:focus:text-magenta border-current border-b border-solid break-words\" href=\"https:\/\/www.t-online.de\/themen\/boris-pistorius\/\" data-sctrack=\"BodyAnchor\" rel=\"nofollow noopener\" target=\"_blank\">Boris Pistorius<\/a> scheint die Geduld mit der europ\u00e4ischen R\u00fcstungsindustrie zu verlieren. Deutschlands Verteidigungsminister forderte die Waffenproduzenten unmissverst\u00e4ndlich auf, jetzt endlich zu liefern. &#8222;Es gibt keinen Grund, sich weiter zu beklagen&#8220;, sagte der SPD-Politiker im Interview mit der &#8222;Financial Times&#8220;. Europa m\u00fcsse endlich mit der Aufr\u00fcstung hinterherkommen, weshalb Pistorius eine deutliche Steigerung der Produktionskapazit\u00e4ten innerhalb der R\u00fcstungsindustrie fordert.<\/p>\n<p class=\"text-18 leading-17\">In dem Interview sagte Pistorius in ungewohnter Deutlichkeit, dass die Politik ihren Teil vorerst getan habe. So habe die <a class=\"transition-colors duration-200 cursor-pointer text-inherit no-underline text-salemsfur md:hover:text-magenta md:hover:border-magenta md:focus:text-magenta border-current border-b border-solid break-words\" href=\"https:\/\/www.t-online.de\/themen\/bundesregierung\/\" data-sctrack=\"BodyAnchor\" rel=\"nofollow noopener\" target=\"_blank\">Bundesregierung<\/a> Hunderte Milliarden Euro zur Verf\u00fcgung gestellt, um Deutschland wieder verteidigungsf\u00e4hig und bereit f\u00fcr den kriegerischen Ernstfall zu machen. Damit sei man unter anderem den langj\u00e4hrigen Forderungen der R\u00fcstungsindustrie nachgekommen. Nun sei es jedoch an den Produzenten, die ben\u00f6tigten R\u00fcstungsg\u00fcter auch zu liefern. &#8222;Die R\u00fcstungsindustrie wei\u00df nur zu gut, dass sie jetzt daf\u00fcr verantwortlich ist, das entsprechende Material auch zu liefern.&#8220;<\/p>\n<p class=\"text-18 leading-17\">Die R\u00fcstungskonzerne m\u00fcssten ihren Teil der Verabredung einhalten, betonte Pistorius mit Blick auf den Krieg in der <a class=\"transition-colors duration-200 cursor-pointer text-inherit no-underline text-salemsfur md:hover:text-magenta md:hover:border-magenta md:focus:text-magenta border-current border-b border-solid break-words\" href=\"https:\/\/www.t-online.de\/themen\/ukraine\/\" data-sctrack=\"BodyAnchor\" rel=\"nofollow noopener\" target=\"_blank\">Ukraine<\/a> und der zunehmenden Bedrohung durch den Aggressor <a class=\"transition-colors duration-200 cursor-pointer text-inherit no-underline text-salemsfur md:hover:text-magenta md:hover:border-magenta md:focus:text-magenta border-current border-b border-solid break-words\" href=\"https:\/\/www.t-online.de\/themen\/russland\/\" data-sctrack=\"BodyAnchor\" rel=\"nofollow noopener\" target=\"_blank\">Russland<\/a>. Europa m\u00fcsse angesichts der Bedrohung durch das Putin-Regime schnell zu einer glaubhaften Abschreckung finden. Daf\u00fcr hat die Bundesregierung sich auf eine j\u00e4hrliche Erh\u00f6hung des Wehretats um 162 Milliarden Euro bis 2029 geeinigt. Ein Zuwachs von 70 Prozent im Vergleich zum Jahr 2025.<\/p>\n<p class=\"text-18 leading-17\">&#8222;Leider sehen wir aber immer noch Verz\u00f6gerungen in bestimmten Projekten, wo doch eigentlich schon alles geregelt zu sein schien, Verz\u00f6gerungen, die klar der R\u00fcstungsindustrie anzulasten sind&#8220;, so Pistorius. F\u00fcr die er als Verteidigungsminister aber letztlich die Verantwortung \u00fcbernehmen m\u00fcsse. &#8222;Die Industrie muss endlich ihre Kapazit\u00e4ten erh\u00f6hen. Das gilt f\u00fcr den Bereich der Munition, f\u00fcr Drohnen, Panzer \u2013 im Grunde f\u00fcr alle R\u00fcstungsg\u00fcter.&#8220;<\/p>\n<p class=\"text-18 leading-17\">Pistorius reist an diesem Montag nach <a class=\"transition-colors duration-200 cursor-pointer text-inherit no-underline text-salemsfur md:hover:text-magenta md:hover:border-magenta md:focus:text-magenta border-current border-b border-solid break-words\" href=\"https:\/\/www.t-online.de\/themen\/washington\/\" data-sctrack=\"BodyAnchor\" rel=\"nofollow noopener\" target=\"_blank\">Washington<\/a>, um mit seinem amerikanischen Amtskollegen Pete Hegseth \u00fcber die weitere Unterst\u00fctzung der Ukraine und die milit\u00e4rische Zusammenarbeit in der <a class=\"transition-colors duration-200 cursor-pointer text-inherit no-underline text-salemsfur md:hover:text-magenta md:hover:border-magenta md:focus:text-magenta border-current border-b border-solid break-words\" href=\"https:\/\/www.t-online.de\/themen\/nato\/\" data-sctrack=\"BodyAnchor\" rel=\"nofollow noopener\" target=\"_blank\">Nato<\/a> zu beraten. Es ist sein erster Besuch in den <a class=\"transition-colors duration-200 cursor-pointer text-inherit no-underline text-salemsfur md:hover:text-magenta md:hover:border-magenta md:focus:text-magenta border-current border-b border-solid break-words\" href=\"https:\/\/www.t-online.de\/themen\/usa\/\" data-sctrack=\"BodyAnchor\" rel=\"nofollow noopener\" target=\"_blank\">USA<\/a> seit dem Amtsantritt der Regierung von US-Pr\u00e4sident <a class=\"transition-colors duration-200 cursor-pointer text-inherit no-underline text-salemsfur md:hover:text-magenta md:hover:border-magenta md:focus:text-magenta border-current border-b border-solid break-words\" href=\"https:\/\/www.t-online.de\/themen\/donald-trump\/\" data-sctrack=\"BodyAnchor\" rel=\"nofollow noopener\" target=\"_blank\">Donald Trump<\/a> im Januar.<\/p>\n<p class=\"text-18 leading-17\">Unterdessen hat <a class=\"transition-colors duration-200 cursor-pointer text-inherit no-underline text-salemsfur md:hover:text-magenta md:hover:border-magenta md:focus:text-magenta border-current border-b border-solid break-words\" href=\"https:\/\/www.t-online.de\/themen\/frankreich\/\" data-sctrack=\"BodyAnchor\" rel=\"nofollow noopener\" target=\"_blank\">Frankreich<\/a> angek\u00fcndigt, seine Aufr\u00fcstung zu beschleunigen und den Verteidigungshaushalt drei Jahre fr\u00fcher als geplant zu verdoppeln. Der Wehretat solle nun bis 2027 auf 64 Milliarden Euro steigen, zweimal so hoch wie im Jahr 2017, k\u00fcndigte Pr\u00e4sident <a class=\"transition-colors duration-200 cursor-pointer text-inherit no-underline text-salemsfur md:hover:text-magenta md:hover:border-magenta md:focus:text-magenta border-current border-b border-solid break-words\" href=\"https:\/\/www.t-online.de\/themen\/emmanuel-macron\/\" data-sctrack=\"BodyAnchor\" rel=\"nofollow noopener\" target=\"_blank\">Emmanuel Macron<\/a> am Sonntag an. Er begr\u00fcndete den Schritt mit der komplexen geopolitischen Lage.<\/p>\n<p class=\"text-18 leading-17\">Finanziert werden sollen die Mehrausgaben in Frankreich durch eine h\u00f6here Wirtschaftsleistung. &#8222;Unsere milit\u00e4rische Unabh\u00e4ngigkeit ist untrennbar mit unserer finanziellen Unabh\u00e4ngigkeit verbunden&#8220;, sagte Macron. Ministerpr\u00e4sident Fran\u00e7ois Bayrou werde am Dienstag Details vorstellen. Die Regierung in <a class=\"transition-colors duration-200 cursor-pointer text-inherit no-underline text-salemsfur md:hover:text-magenta md:hover:border-magenta md:focus:text-magenta border-current border-b border-solid break-words\" href=\"https:\/\/www.t-online.de\/themen\/paris\/\" data-sctrack=\"BodyAnchor\" rel=\"nofollow noopener\" target=\"_blank\">Paris<\/a> strebt eigentlich f\u00fcr den Haushalt 2026 Einsparungen von 40 Milliarden Euro an.<\/p>\n","protected":false},"excerpt":{"rendered":"Machtwort von Pistorius &#8222;Es gibt keinen Grund, sich weiter zu beklagen&#8220; Aktualisiert am 14.07.2025 &#8211; 08:08 UhrLesedauer: 2&hellip;\n","protected":false},"author":2,"featured_media":266822,"comment_status":"","ping_status":"","sticky":false,"template":"","format":"standard","meta":{"footnotes":""},"categories":[2],"tags":[1217,689,1179,1173,29,663,23012,156,30,13,80389,14,15,649,747,12,184,10,8,9,11],"class_list":{"0":"post-266821","1":"post","2":"type-post","3":"status-publish","4":"format-standard","5":"has-post-thumbnail","7":"category-deutschland","8":"tag-1217","9":"tag-aufruestung","10":"tag-boris-pistorius","11":"tag-bundesregierung","12":"tag-deutschland","13":"tag-europa","14":"tag-financial-times","15":"tag-frankreich","16":"tag-germany","17":"tag-headlines","18":"tag-machtwort","19":"tag-nachrichten","20":"tag-news","21":"tag-pete-hegseth","22":"tag-ruestungsindustrie","23":"tag-schlagzeilen","24":"tag-spd","25":"tag-top-news","26":"tag-top-meldungen","27":"tag-topmeldungen","28":"tag-topnews"},"share_on_mastodon":{"url":"https:\/\/pubeurope.com\/@de\/114850136367852518","error":""},"_links":{"self":[{"href":"https:\/\/www.europesays.com\/de\/wp-json\/wp\/v2\/posts\/266821","targetHints":{"allow":["GET"]}}],"collection":[{"href":"https:\/\/www.europesays.com\/de\/wp-json\/wp\/v2\/posts"}],"about":[{"href":"https:\/\/www.europesays.com\/de\/wp-json\/wp\/v2\/types\/post"}],"author":[{"embeddable":true,"href":"https:\/\/www.europesays.com\/de\/wp-json\/wp\/v2\/users\/2"}],"replies":[{"embeddable":true,"href":"https:\/\/www.europesays.com\/de\/wp-json\/wp\/v2\/comments?post=266821"}],"version-history":[{"count":0,"href":"https:\/\/www.europesays.com\/de\/wp-json\/wp\/v2\/posts\/266821\/revisions"}],"wp:featuredmedia":[{"embeddable":true,"href":"https:\/\/www.europesays.com\/de\/wp-json\/wp\/v2\/media\/266822"}],"wp:attachment":[{"href":"https:\/\/www.europesays.com\/de\/wp-json\/wp\/v2\/media?parent=266821"}],"wp:term":[{"taxonomy":"category","embeddable":true,"href":"https:\/\/www.europesays.com\/de\/wp-json\/wp\/v2\/categories?post=266821"},{"taxonomy":"post_tag","embeddable":true,"href":"https:\/\/www.europesays.com\/de\/wp-json\/wp\/v2\/tags?post=266821"}],"curies":[{"name":"wp","href":"https:\/\/api.w.org\/{rel}","templated":true}]}}