{"id":266868,"date":"2025-07-14T06:44:09","date_gmt":"2025-07-14T06:44:09","guid":{"rendered":"https:\/\/www.europesays.com\/de\/266868\/"},"modified":"2025-07-14T06:44:09","modified_gmt":"2025-07-14T06:44:09","slug":"franzoesisches-ueberseegebiet-soll-staat-werden-das-neue-neukaledonien","status":"publish","type":"post","link":"https:\/\/www.europesays.com\/de\/266868\/","title":{"rendered":"Franz\u00f6sisches \u00dcberseegebiet soll Staat werden: Das neue Neukaledonien"},"content":{"rendered":"<ol class=\"id-DonaldBreadcrumb lp_west_breadcrumb id-DonaldBreadcrumb--default\" data-k5a-pos=\"west_breadcrumb\">\n<li class=\"id-Breadcrumb-item\"><a href=\"https:\/\/www.fr.de\/\" class=\"id-Breadcrumb-link\" data-id-ec=\"{\" shn=\"\" textlink=\"\" data-k5a-pos=\"1_startseite\" rel=\"nofollow noopener\" target=\"_blank\">Startseite<\/a><\/li>\n<li class=\"id-Breadcrumb-item\"><a href=\"https:\/\/www.fr.de\/politik\/\" class=\"id-Breadcrumb-link\" data-id-ec=\"{\" shn=\"\" textlink=\"\" data-k5a-pos=\"2_politik\" rel=\"nofollow noopener\" target=\"_blank\">Politik<\/a><\/li>\n<\/ol>\n<p class=\"id-Story-timestamp id-Story-timestamp--default\">Stand: 14.07.2025, 08:10 Uhr<\/p>\n<p class=\"id-Story-authors id-Story-authors--default\">Von: <a class=\"id-Story-authors-link lp_west_author\" href=\"https:\/\/www.fr.de\/autor\/stefan-braendle-i0ortob07.html\" title=\"Zur Autorenseite von Stefan Br&#xE4;ndle\" data-id-ec=\"{\" shn=\"\" author-link=\"\" br=\"\" data-k5a-pos=\"west_author\" rel=\"nofollow noopener\" target=\"_blank\">Stefan Br\u00e4ndle<\/a><\/p>\n<p class=\"id-Story-interactionBar id-Story-interactionBar--default\">DruckenTeilen<\/p>\n<p><img decoding=\"async\" class=\"id-RatioPlaceholder-element wv_story_el_image\" src=\"https:\/\/www.europesays.com\/de\/wp-content\/uploads\/2025\/07\/38940644-auch-neukaledoniens-nationalisten-spielen-petanque-unter-den-augen-der-polizei-394OnegU9ufe.jpeg\" loading=\"eager\" fetchpriority=\"high\"   height=\"619\" width=\"1100\" alt=\"Auch Neukaledoniens Nationalisten spielen Petanque &#x2013; unter den Augen der Polizei.\"\/>Auch Neukaledoniens Nationalisten spielen Petanque \u2013 unter den Augen der Polizei. \u00a9\u00a0Sebastien Bozon\/AFP<\/p>\n<p class=\"id-StoryElement-leadText\">Die pazifische Ex-Kolonie soll ein assoziierter Staat werden. F\u00fcr die Inseljugend z\u00e4hlt aber sozialistische Nostalgie mehr.<\/p>\n<p class=\"id-StoryElement-paragraph\">Die franz\u00f6sische Regierung und eine Abordnung der Urbev\u00f6lkerung des \u00dcbersee-D\u00e9partements Neukaledonien einigten sich in der Nacht auf Samstag in Bougival bei Paris auf ein \u201ehistorisches Abkommen\u201c, wie sich Beteiligte ausdr\u00fcckten. Um es in Kraft zu setzen, bedarf es noch einer \u00c4nderung der franz\u00f6sischen Verfassung. Zustimmen m\u00fcssen auch die 270.000 Menschen auf den InseIn im Pazifik, von denen die pro-franz\u00f6sischen Loyalisten heute noch eine knappe Stimmenmehrheit bilden.<\/p>\n<p class=\"id-StoryElement-paragraph\">Das Abkommen sieht laut Text die <a href=\"https:\/\/www.fr.de\/politik\/neukaledonien-unruhen-ausschreitungen-frankreich-proteste-krisen-pazifik-93075012.html\" class=\"id-import-Link\" data-id-ec=\"{&quot;sht&quot;:&quot;Container&quot;,&quot;shn&quot;:&quot;Story&quot;,&quot;p&quot;:{&quot;containerType&quot;:&quot;Paragraph&quot;,&quot;displayType&quot;:&quot;Paragraph InlineLink&quot;,&quot;type&quot;:&quot;INLINE_LINK&quot;,&quot;value&quot;:&quot;Bildung eines &#x201E;Staates&#x201C; vor&quot;,&quot;variant&quot;:&quot;standardLink&quot;,&quot;sponsored&quot;:false,&quot;linkHref&quot;:&quot;https:\/\/www.fr.de\/politik\/neukaledonien-unruhen-ausschreitungen-frankreich-proteste-krisen-pazifik-93075012.html&quot;,&quot;storyElementPosition&quot;:10,&quot;storyElementCount&quot;:25}}\" rel=\"nofollow noopener\" target=\"_blank\">Bildung eines \u201eStaates\u201c vor<\/a>, der \u201ein Frankreich integriert\u201c sein soll. Neukaledonien soll eine Fahne, Hymne und einen eigenen Namen erhalten. Die angestammte Bev\u00f6lkerung (45 Prozent) spricht schon heute von \u201eKanaky\u201c. Das aktuelle Autonomiestatut soll dann durch eine tats\u00e4chliche Selbstverwaltung ausgewechselt werden. Kompetenzen wie Polizei und Justiz sollen an die Inselbev\u00f6lkerung \u00fcbergehen.<\/p>\n<p>Eigene W\u00e4hrung f\u00fcr Neukaledonien, aber franz\u00f6sische Wirtschaftshilfe bleibt<\/p>\n<p class=\"id-StoryElement-paragraph\">Das ist essenziell, weil junge Kanaken 2024 schwere Krawalle mit Attacken auf franz\u00f6sische Firmen losgetreten hatten. 14 Tote waren zu beklagen. Die franz\u00f6sische Regierung musste aus dem 17.000 Kilometer entfernten Paris Gendarmerie und  Milit\u00e4r heranholen.<\/p>\n<p class=\"id-StoryElement-paragraph\">Neukaledonien, wo mit dem pazifischen, an den Euro gekoppelten Franc bezahlt wird, soll auch eine eigene W\u00e4hrung erhalten. Frankreich will aber seine Wirtschaftshilfe fortsetzen, nachdem es schon heute f\u00fcr ein Drittel des kaledonischen Haushalts aufkommt.<\/p>\n<p>Trotz Diskussionen: Neukaledonien-Abkommen ist Erfolg f\u00fcr Frankreichs Regierung<\/p>\n<p class=\"id-StoryElement-paragraph\">Juristisch w\u00fcrde \u201eNeukaledonien\u201c oder \u201eKanaky\u201c ein mit Frankreich assoziierter Staat. Dieses Statut ist im Pazifik verbreitet: Palau ist zum Beispiel den USA verbunden, die Cookinseln sind Neuseeland angeschlossen. <\/p>\n<p class=\"id-StoryElement-paragraph\">Pr\u00e4sident <a href=\"https:\/\/www.fr.de\/thema\/emmanuel-macron-per772394\/\" class=\"id-import-Link\" title=\"Emmanuel Macron\" data-id-ec=\"{&quot;sht&quot;:&quot;Container&quot;,&quot;shn&quot;:&quot;Story&quot;,&quot;p&quot;:{&quot;containerType&quot;:&quot;Paragraph&quot;,&quot;displayType&quot;:&quot;Paragraph InlineLink&quot;,&quot;type&quot;:&quot;INLINE_LINK&quot;,&quot;value&quot;:&quot;Emmanuel Macron&quot;,&quot;variant&quot;:&quot;standardLink&quot;,&quot;sponsored&quot;:false,&quot;linkHref&quot;:&quot;https:\/\/www.fr.de\/thema\/emmanuel-macron-per772394\/&quot;,&quot;storyElementPosition&quot;:18,&quot;storyElementCount&quot;:25}}\" rel=\"nofollow noopener\" target=\"_blank\">Emmanuel Macron<\/a> lie\u00df sich von diesem Modell inspirieren, als er Loyalisten und Separatisten vor einer Woche nach Frankreich zu Verhandlungen einlud. Das Abkommen ist ein Erfolg f\u00fcr ihn und \u00dcberseeminister Manuel Valls, den sozialistischen Ex-Premier.<\/p>\n<p class=\"id-StoryElement-paragraph\">Die beiden setzten vor allem die Vertreter der \u201eKanakischen und sozialistischen nationalen Freiheitsfront\u201c (FLNKS) unter massiven Druck. Noch um vier Uhr in der Fr\u00fch hatte die am Samstag ein Abkommen abgelehnt; um 6.58 Uhr unterzeichnete es die Beteiligten offensichtlich v\u00f6llig ersch\u00f6pft.<\/p>\n<p>Wichtige Ressourcen: Neukaledonien bleibt f\u00fcr Frankreich wichtige Rohstoffquelle<\/p>\n<p class=\"id-StoryElement-paragraph\">\u00dcber den Berg ist die Einigung allerdings noch nicht. Der neue FLNKS-Pr\u00e4sident Christian Tein, der wegen Beteiligung  an den letztj\u00e4hrigen Krawallen eigentlich eine Haftstrafe verb\u00fc\u00dft, aber im Hintergrund mitverhandelte, nannte die Einigung \u201einteressant\u201c \u2013 mehr nicht. Der gem\u00e4\u00dfigtere FLNKS-Ex-Pr\u00e4sident Roch Wamytan will das Abkommen immerhin seiner Organisation unterbreiten. <\/p>\n<p class=\"id-StoryElement-paragraph\">Vor allem die Jugend strebt weiterhin die v\u00f6llige Unabh\u00e4ngigkeit an. Mit dem Argument, \u201eKanaky\u201c brauche das Milliarden-Manna aus Paris nicht, da ihre Insel \u00fcber die gr\u00f6\u00dften Nickelvorkommen der Welt verf\u00fcge. Frankreich wird aber nicht freiwillig auf diese Rohstoffquelle verzichten. Macron hat zudem \u00f6fter betont, Neukaledonien sei strategisch wichtig angesichts des Begehrlichkeiten Chinas im Pazifik. Die FLNKS pflegt indessen Kontakte zu China und zu Aserbaidschan. <\/p>\n<p class=\"id-StoryElement-paragraph\">Paris wird mit Unterst\u00fctzung Australiens alles unternehmen, um einen geostrategischen Seitenwechsel seiner einstigen Kolonie zu verhindern. Ein wirklich unabh\u00e4ngiger Staat d\u00fcrfte Neukaledonien nicht so schnell werden. (Stefan Br\u00e4ndle)<\/p>\n","protected":false},"excerpt":{"rendered":"Startseite Politik Stand: 14.07.2025, 08:10 Uhr Von: Stefan Br\u00e4ndle DruckenTeilen Auch Neukaledoniens Nationalisten spielen Petanque \u2013 unter den&hellip;\n","protected":false},"author":2,"featured_media":266869,"comment_status":"","ping_status":"","sticky":false,"template":"","format":"standard","meta":{"footnotes":""},"categories":[3974],"tags":[331,332,548,663,3934,3980,156,13,14,15,12],"class_list":{"0":"post-266868","1":"post","2":"type-post","3":"status-publish","4":"format-standard","5":"has-post-thumbnail","7":"category-frankreich","8":"tag-aktuelle-nachrichten","9":"tag-aktuelle-news","10":"tag-eu","11":"tag-europa","12":"tag-europe","13":"tag-france","14":"tag-frankreich","15":"tag-headlines","16":"tag-nachrichten","17":"tag-news","18":"tag-schlagzeilen"},"share_on_mastodon":{"url":"https:\/\/pubeurope.com\/@de\/114850238549787614","error":""},"_links":{"self":[{"href":"https:\/\/www.europesays.com\/de\/wp-json\/wp\/v2\/posts\/266868","targetHints":{"allow":["GET"]}}],"collection":[{"href":"https:\/\/www.europesays.com\/de\/wp-json\/wp\/v2\/posts"}],"about":[{"href":"https:\/\/www.europesays.com\/de\/wp-json\/wp\/v2\/types\/post"}],"author":[{"embeddable":true,"href":"https:\/\/www.europesays.com\/de\/wp-json\/wp\/v2\/users\/2"}],"replies":[{"embeddable":true,"href":"https:\/\/www.europesays.com\/de\/wp-json\/wp\/v2\/comments?post=266868"}],"version-history":[{"count":0,"href":"https:\/\/www.europesays.com\/de\/wp-json\/wp\/v2\/posts\/266868\/revisions"}],"wp:featuredmedia":[{"embeddable":true,"href":"https:\/\/www.europesays.com\/de\/wp-json\/wp\/v2\/media\/266869"}],"wp:attachment":[{"href":"https:\/\/www.europesays.com\/de\/wp-json\/wp\/v2\/media?parent=266868"}],"wp:term":[{"taxonomy":"category","embeddable":true,"href":"https:\/\/www.europesays.com\/de\/wp-json\/wp\/v2\/categories?post=266868"},{"taxonomy":"post_tag","embeddable":true,"href":"https:\/\/www.europesays.com\/de\/wp-json\/wp\/v2\/tags?post=266868"}],"curies":[{"name":"wp","href":"https:\/\/api.w.org\/{rel}","templated":true}]}}