{"id":266888,"date":"2025-07-14T06:55:14","date_gmt":"2025-07-14T06:55:14","guid":{"rendered":"https:\/\/www.europesays.com\/de\/266888\/"},"modified":"2025-07-14T06:55:14","modified_gmt":"2025-07-14T06:55:14","slug":"talent-des-1-fc-nuernberg-schliesst-sich-rot-weiss-erfurt-an","status":"publish","type":"post","link":"https:\/\/www.europesays.com\/de\/266888\/","title":{"rendered":"Talent des 1. FC N\u00fcrnberg schlie\u00dft sich Rot-Wei\u00df Erfurt an"},"content":{"rendered":"<p>   Talent des 1. FC N\u00fcrnberg schlie\u00dft sich Rot-Wei\u00df Erfurt an &#8211; FuPa                                               <\/p>\n<p>FuPa ben\u00f6tigt JavaScript, um richtig zu funktionieren.<\/p>\n<p> Browser nicht unterst\u00fctzt <\/p>\n<p>  Du verwendest einen veralteten Browser, wodurch die Funktionalit\u00e4t von FuPa eingeschr\u00e4nkt ist und es zu unerwarteten Fehlern kommen kann. Damit du FuPa vollumf\u00e4nglich nutzen kannst und wir dir eine bessere Nutzungserfahrung und mehr Sicherheit auf unserer Anwendung bieten k\u00f6nnen, nutze bitte einen aktuellen Browser.      <img loading=\"lazy\" decoding=\"async\" src=\"https:\/\/www.europesays.com\/de\/wp-content\/uploads\/2025\/07\/vgzm.2780411-3114609.gif\" height=\"1\" width=\"1\" class=\"sc-1wcyr0h-16 hojaCI\"\/>Du wirst automatisch weitergeleitet&#8230;<img fetchpriority=\"high\" decoding=\"async\" loading=\"eager\" src=\"https:\/\/www.europesays.com\/de\/wp-content\/uploads\/2025\/07\/1752476113_919_960x640.jpeg\" alt=\"Sofiane Ikene (am Ball) hat sich f\u00fcr einen Wechsel zum FC Rot-Wei\u00df Erfurt entschlossen.\" title=\"Sofiane Ikene (am Ball) hat sich f\u00fcr einen Wechsel zum FC Rot-Wei\u00df Erfurt entschlossen.\" width=\"960\" height=\"640\" class=\"sc-wadapo-3 klmthQ mui-style-2vfs2l\"\/>Sofiane Ikene (am Ball) hat sich f\u00fcr einen Wechsel zum FC Rot-Wei\u00df Erfurt entschlossen. \u2013 Foto: Imago ImagesSofiane Ikene (20) wechselt zum Nordost-Regionalligisten<\/p>\n<p>Die U23 des 1. FC N\u00fcrnberg muss in der in K\u00fcrze beginnenden Saison 2025\/26 auf die Dienste von <a href=\"https:\/\/www.fupa.net\/player\/sofiane-ikene-1480439\" target=\"_blank\" rel=\"noopener\">Sofiane Iken<\/a>e verzichten. Der 20-j\u00e4hrige luxemburgische Nationalspieler wechselt zum FC Rot-Wei\u00df Erfurt in die Regionalliga Nordost. Der Defensivmann hat in der th\u00fcringischen Landeshauptstadt einen Zwei-Jahres-Vertrag bis Juni 2027 unterschrieben. <\/p>\n<p>Die Erfurter hatten Ikene in den Vorbereitungsspielen gegen Schweinfurt 05 und Alemannia Aachen mit einer Testspielgenehmigung ausgestattet &#8211; und der Luxemburger wusste zu gefallen. &#8222;Mit starker Pr\u00e4senz und gutem Spielaufbau hinterlie\u00df der Defensivallrounder einen bleibenden Eindruck beim Trainerteam&#8220;, schreiben die Rot-Wei\u00dfen auf ihrer Homepage.<\/p>\n<p>Chefcoach Fabian Gerber freut sich auf den Neuzugang und wird in einer Pressemitteilung wie folgt zitiert: &#8222;Soso hat in Gotha sehr unaufgeregt und souver\u00e4n agiert. Er strahlte Ruhe aus und ist zweikampfstark. Mit ihm haben wir eine gute Verst\u00e4rkung f\u00fcr unsere Hinterreihen gewonnen. Er verleiht unserer Defensive noch mehr Variabilit\u00e4t und Stabilit\u00e4t. Er bringt genau die fu\u00dfballerischen Eigenschaften mit, die wir f\u00fcr unsere Defensive suchen.&#8220;<\/p>\n<p>In der abgelaufenen Saison 2024\/25 kam Ikene insgesamt 20 Mal f\u00fcr die U23 des 1. FC N\u00fcrnberg in der Regionalliga Bayern zum Einsatz und war Stammspieler unter Coach Andreas Wolf. F\u00fcr das Deb\u00fct bei den Profis in der 2. Liga reichte es allerdings (noch) nicht. Dabei kann der 20-J\u00e4hrige bereits eine bemerkenswerte internationale Karriere vorweisen: Mit der U17-Nationalmannschaft Luxemburg nahm er 2022 an der Europameisterschaft teil. 2022 deb\u00fctierte er dann auch f\u00fcr die A-Nationalmannschaft des Groherzogtums und kam in der Nations League gegen die F\u00e4r\u00f6er Inseln. Mit 16 durfte er zum ersten Mal in der luxemburgischen ersten Liga, der BGL Ligue, ran und feierte mit F91 D\u00fcdelingen gleich die Meisterschaft.<\/p>\n<p>Aufrufe: 014.7.2025, 08:25 Uhr<\/p>\n<p>Mathias WillmerdingerAutor<\/p>\n<p><img decoding=\"async\" loading=\"lazy\" src=\"https:\/\/www.europesays.com\/de\/wp-content\/uploads\/2025\/05\/1747043771_69_64x64.jpeg\" alt=\"\" title=\"\" width=\"64\" height=\"64\" class=\"sc-wadapo-3 imUdKn\"\/><\/p>\n","protected":false},"excerpt":{"rendered":"Talent des 1. FC N\u00fcrnberg schlie\u00dft sich Rot-Wei\u00df Erfurt an &#8211; FuPa FuPa ben\u00f6tigt JavaScript, um richtig zu&hellip;\n","protected":false},"author":2,"featured_media":266889,"comment_status":"","ping_status":"","sticky":false,"template":"","format":"standard","meta":{"footnotes":""},"categories":[1837],"tags":[783,621,772,3364,29,12444,30,3783,22673,3458,80401],"class_list":{"0":"post-266888","1":"post","2":"type-post","3":"status-publish","4":"format-standard","5":"has-post-thumbnail","7":"category-nuernberg","8":"tag-1-fc-nuernberg","9":"tag-2-bundesliga","10":"tag-bayern","11":"tag-de","12":"tag-deutschland","13":"tag-fc-rot-weiss-erfurt","14":"tag-germany","15":"tag-nuernberg","16":"tag-regionalliga-bayern","17":"tag-regionalliga-nordost","18":"tag-sofiane-ikene"},"share_on_mastodon":{"url":"https:\/\/pubeurope.com\/@de\/114850281860888515","error":""},"_links":{"self":[{"href":"https:\/\/www.europesays.com\/de\/wp-json\/wp\/v2\/posts\/266888","targetHints":{"allow":["GET"]}}],"collection":[{"href":"https:\/\/www.europesays.com\/de\/wp-json\/wp\/v2\/posts"}],"about":[{"href":"https:\/\/www.europesays.com\/de\/wp-json\/wp\/v2\/types\/post"}],"author":[{"embeddable":true,"href":"https:\/\/www.europesays.com\/de\/wp-json\/wp\/v2\/users\/2"}],"replies":[{"embeddable":true,"href":"https:\/\/www.europesays.com\/de\/wp-json\/wp\/v2\/comments?post=266888"}],"version-history":[{"count":0,"href":"https:\/\/www.europesays.com\/de\/wp-json\/wp\/v2\/posts\/266888\/revisions"}],"wp:featuredmedia":[{"embeddable":true,"href":"https:\/\/www.europesays.com\/de\/wp-json\/wp\/v2\/media\/266889"}],"wp:attachment":[{"href":"https:\/\/www.europesays.com\/de\/wp-json\/wp\/v2\/media?parent=266888"}],"wp:term":[{"taxonomy":"category","embeddable":true,"href":"https:\/\/www.europesays.com\/de\/wp-json\/wp\/v2\/categories?post=266888"},{"taxonomy":"post_tag","embeddable":true,"href":"https:\/\/www.europesays.com\/de\/wp-json\/wp\/v2\/tags?post=266888"}],"curies":[{"name":"wp","href":"https:\/\/api.w.org\/{rel}","templated":true}]}}