{"id":266915,"date":"2025-07-14T07:10:10","date_gmt":"2025-07-14T07:10:10","guid":{"rendered":"https:\/\/www.europesays.com\/de\/266915\/"},"modified":"2025-07-14T07:10:10","modified_gmt":"2025-07-14T07:10:10","slug":"demokratie-braucht-bildung","status":"publish","type":"post","link":"https:\/\/www.europesays.com\/de\/266915\/","title":{"rendered":"Demokratie braucht Bildung!"},"content":{"rendered":"<p>Der Volkshochschulverband Baden-W\u00fcrttemberg tagte in Heidelberg<\/p>\n<p><strong>Heidelberg. <\/strong>Mit rund 150 geladenen G\u00e4sten tagte der Volkshochschulverband Baden-W\u00fcrttemberg am Freitag,11.07., in Heidelberg. \u201eDemokratie braucht Bildung\u201c war das Motto der \u00f6ffentlichen Jahrestagung. \u201eAls Bildungseinrichtungen setzen Volkshochschulen sich f\u00fcr eine aktive, gelebte Demokratie ein\u201c, betonte Fritz Kuhn, der wiedergew\u00e4hlteVorsitzende des Volkshochschulverbandes Baden-W\u00fcrttemberg, in seiner Er\u00f6ffnungsrede. \u201eDie Demokratie ist in Gefahr. Sie lebt davon, dass ihre B\u00fcrger*innen ihren Wert kennen. Daf\u00fcr braucht es Bildung. Damit die Volkshochschulen als Orte der Demokratie Grundwerte und Rechtsstaat weiter st\u00e4rken k\u00f6nnen, muss die Landesregierung f\u00fcr eine stabile finanzielle Basis in den Kommunen sorgen.\u201c<\/p>\n<p>Die G\u00e4ste wurden vom Staatssekret\u00e4r des Kultusministeriums, Volker Schebesta, und der Heidelberger B\u00fcrgermeisterin f\u00fcr Bildung, Stefanie Jansen, begr\u00fc\u00dft. Die Keynote hielt der T\u00fcbinger Professor und Medienwissenschaftler Dr. Bernhard P\u00f6rksen.<\/p>\n<p>Wie sich Demokratie im digitalen Zeitalter mit Leben f\u00fcllen l\u00e4sst, war eine Schl\u00fcsselfrage der Veranstaltung. \u201eIm Kampf gegen Desinformation m\u00fcssen wir von der digitalen Gesellschaft, in der wir heute leben, zur redaktionellen Gesellschaft der Zukunft werden\u201c, pl\u00e4dierte Bernhard P\u00f6rksen in seiner Keynote: \u201eFakt &amp; Fake. \u00dcber die neue Macht der Desinformation \u2013 was wir wissen m\u00fcssen und tun sollten\u201c.<\/p>\n<p>\u00a0In seinem Vortrag erkl\u00e4rte er: \u201eWir brauchen eine redaktionelle Gesellschaft, in der die Maximen und Ideale des guten Journalismus zu einem Element der Allgemeinbildung geworden sind. Kommunikationsethik geht uns alle an.\u201c<\/p>\n<p>Die Volkshochschulen als Orte der Demokratie k\u00f6nnen hier viel bewirken. Neue Formate des Austauschs \u00fcber die Bedeutung von Demokratie, Grundrechte und Rechtsstaat waren auchein wichtiger Punkt bei der anschlie\u00dfenden Podiumsdiskussion der bildungspolitischen<br \/>Sprecher*innen der Landtagsfraktionen.<\/p>\n<p><strong>Positive Jahresbilanz der Volkshochschulen im S\u00fcdwesten<\/strong><\/p>\n<p>Zur Jahrestagung legte der Volkshochschulverband Baden-W\u00fcrttemberg die aktuelle Leistungsbilanz der Volkshochschulen im Land vor. \u201eDie Angebote der Volkshochschulen erfreuen sich einer hohen Nachfrage, das zeigt unser Jahresbericht mit den neuesten Zahlen f\u00fcr das Jahr 2024\u201c, unterstrich Dr. Tobias Diemer, Direktor des Volkshochschulverbandes Baden-W\u00fcrttemberg. \u201eGegen\u00fcber dem Vorjahr haben landesweit fast f\u00fcnf Prozent mehr Kurse und Veranstaltungen stattgefunden. Das hei\u00dft: Unsere Arbeit wird gebraucht.\u201c<\/p>\n<p>Die Volkshochschule Heidelberg war neben dem Volkshochschulverband Baden-W\u00fcrttemberg Gastgeberin f\u00fcr die Delegierten der 159 baden-w\u00fcrttembergischen Volkshochschulen und ihrer Tagungsg\u00e4ste. Anl\u00e4sslich der Jahresversammlung ver\u00f6ffentlichte der Verband<br \/>einen Zwischenruf an die Landespolitik mit bildungspolitischen Forderungen.<br \/>Weitere Informationen: <a href=\"https:\/\/vhs.link\/zwischenruf25\" target=\"_blank\" rel=\"noreferrer noopener\">https:\/\/vhs.link\/zwischenruf25<\/a><\/p>\n<p>Zum Volkshochschulverband Baden-W\u00fcrttemberg geh\u00f6ren 159 Volkshochschulen mit knapp 630 Au\u00dfenstellen. Die Einrichtungen vor Ort bieten ein fl\u00e4chendeckendes Netz an vielf\u00e4ltigen Angeboten zur Allgemeinbildung, einschlie\u00dflich der Bildung f\u00fcr nachhaltige Entwicklung, zur Gesundheitsbildung, in den Sprachen, zum Thema Integration und zur beruflichen Qualifizierung sowie in der Alphabetisierung und Grundbildung.\u00a0<\/p>\n<p>Informationen \u00fcber die Arbeitsfelder der Volkshochschulen finden Sie auf der Website des Volkshochschulverbandes Baden-W\u00fcrttemberg: www.vhs-bw.de.<\/p>\n<p>Text und Logo: Volkshochschulverband Baden-W\u00fcrttemberg e.V.<\/p>\n","protected":false},"excerpt":{"rendered":"Der Volkshochschulverband Baden-W\u00fcrttemberg tagte in Heidelberg Heidelberg. Mit rund 150 geladenen G\u00e4sten tagte der Volkshochschulverband Baden-W\u00fcrttemberg am Freitag,11.07.,&hellip;\n","protected":false},"author":2,"featured_media":266916,"comment_status":"","ping_status":"","sticky":false,"template":"","format":"standard","meta":{"footnotes":""},"categories":[1830],"tags":[16222,17310,1634,17312,17302,17311,3364,29,17317,17309,17313,30,17306,14835,7011,17304,16935,17314,17316,17305,17315,17308,17303,17300,1441,17301,17307,571,1986],"class_list":{"0":"post-266915","1":"post","2":"type-post","3":"status-publish","4":"format-standard","5":"has-post-thumbnail","7":"category-stuttgart","8":"tag-dom","9":"tag-altpoertel","10":"tag-baden-wuerttemberg","11":"tag-bistum-speyer","12":"tag-brezelfest","13":"tag-brezelkracher","14":"tag-de","15":"tag-deutschland","16":"tag-dudenhofen","17":"tag-eger","18":"tag-evangelische-kirche-der-pfalz","19":"tag-germany","20":"tag-historisches-museum","21":"tag-hockenheim","22":"tag-kirchen","23":"tag-kurpfalz","24":"tag-pfalz","25":"tag-protestantische-landeskirche","26":"tag-roemerberg","27":"tag-salier","28":"tag-schwetzingen","29":"tag-sealife","30":"tag-speyer","31":"tag-speyer-kurier","32":"tag-stuttgart","33":"tag-tageszeitung","34":"tag-technik-museum","35":"tag-wochenzeitung","36":"tag-zeitung"},"share_on_mastodon":{"url":"https:\/\/pubeurope.com\/@de\/114850340800856273","error":""},"_links":{"self":[{"href":"https:\/\/www.europesays.com\/de\/wp-json\/wp\/v2\/posts\/266915","targetHints":{"allow":["GET"]}}],"collection":[{"href":"https:\/\/www.europesays.com\/de\/wp-json\/wp\/v2\/posts"}],"about":[{"href":"https:\/\/www.europesays.com\/de\/wp-json\/wp\/v2\/types\/post"}],"author":[{"embeddable":true,"href":"https:\/\/www.europesays.com\/de\/wp-json\/wp\/v2\/users\/2"}],"replies":[{"embeddable":true,"href":"https:\/\/www.europesays.com\/de\/wp-json\/wp\/v2\/comments?post=266915"}],"version-history":[{"count":0,"href":"https:\/\/www.europesays.com\/de\/wp-json\/wp\/v2\/posts\/266915\/revisions"}],"wp:featuredmedia":[{"embeddable":true,"href":"https:\/\/www.europesays.com\/de\/wp-json\/wp\/v2\/media\/266916"}],"wp:attachment":[{"href":"https:\/\/www.europesays.com\/de\/wp-json\/wp\/v2\/media?parent=266915"}],"wp:term":[{"taxonomy":"category","embeddable":true,"href":"https:\/\/www.europesays.com\/de\/wp-json\/wp\/v2\/categories?post=266915"},{"taxonomy":"post_tag","embeddable":true,"href":"https:\/\/www.europesays.com\/de\/wp-json\/wp\/v2\/tags?post=266915"}],"curies":[{"name":"wp","href":"https:\/\/api.w.org\/{rel}","templated":true}]}}